{"id":11372,"date":"2016-09-12T15:02:18","date_gmt":"2016-09-12T13:02:18","guid":{"rendered":"http:\/\/geraldbaios.fr\/?p=11372"},"modified":"2024-01-01T20:15:19","modified_gmt":"2024-01-01T18:15:19","slug":"allemagne-de-lest-armement","status":"publish","type":"post","link":"https:\/\/geraldbaios.fr\/?p=11372","title":{"rendered":"RDA"},"content":{"rendered":"<p style=\"text-align: center;\"><img loading=\"lazy\" decoding=\"async\" class=\"aligncenter wp-image-11373\" src=\"https:\/\/geraldbaios.fr\/wp-content\/uploads\/2017\/02\/RDA.png\" alt=\"\" width=\"300\" height=\"180\" srcset=\"https:\/\/geraldbaios.fr\/wp-content\/uploads\/2017\/02\/RDA.png 1000w, https:\/\/geraldbaios.fr\/wp-content\/uploads\/2017\/02\/RDA-300x180.png 300w, https:\/\/geraldbaios.fr\/wp-content\/uploads\/2017\/02\/RDA-768x461.png 768w\" sizes=\"auto, (max-width: 300px) 100vw, 300px\" \/><\/p>\n<p style=\"text-align: center;\"><img loading=\"lazy\" decoding=\"async\" class=\"aligncenter wp-image-10927\" src=\"https:\/\/geraldbaios.fr\/wp-content\/uploads\/2016\/10\/pacte-de-Varcovie.png\" alt=\"\" width=\"700\" height=\"281\" srcset=\"https:\/\/geraldbaios.fr\/wp-content\/uploads\/2016\/10\/pacte-de-Varcovie.png 616w, https:\/\/geraldbaios.fr\/wp-content\/uploads\/2016\/10\/pacte-de-Varcovie-300x120.png 300w\" sizes=\"auto, (max-width: 700px) 100vw, 700px\" \/><strong>Les \u00e9tats membres du pacte de Varsovie (1955-1991) apr\u00e8s le retrait de l&rsquo;Albanie.<\/strong><\/p>\n<h3><strong>La RDA et le\u00a0<a href=\"https:\/\/fr.wikipedia.org\/wiki\/Pacte_de_Varsovie\">pacte de Varsovie<\/a><\/strong><\/h3>\n<p>Forces disponibles en 1989 : <strong>173 000 militaires 16% de l&rsquo;effectif.<\/strong><\/p>\n<p>Les forces arm\u00e9es de la <a title=\"R\u00e9publique d\u00e9mocratique allemande\" href=\"https:\/\/fr.wikipedia.org\/wiki\/R%C3%A9publique_d%C3%A9mocratique_allemande\">R\u00e9publique d\u00e9mocratique allemande<\/a> ne furent officiellement int\u00e9gr\u00e9es au pacte qu&rsquo;en janvier 1956<time class=\"nowrap date-lien\" datetime=\"1956-01\" data-sort-value=\"1956-01\"><\/time>.<\/p>\n<p style=\"text-align: left;\">La\u00a0<b>R\u00e9publique d\u00e9mocratique allemande<\/b>\u00a0(<b>RDA<\/b>), \u00e9galement appel\u00e9e\u00a0<b>Allemagne de l&rsquo;Est<\/b>, est un ancien \u00e9tat communiste\u00a0europ\u00e9en qui a exist\u00e9 durant la seconde moiti\u00e9 du 20i\u00e8me si\u00e8cle. La RDA a \u00e9t\u00e9 cr\u00e9\u00e9e le 7 octobre 1949\u00a0par les communistes allemands alli\u00e9s de l\u2019URSS\u00a0\u00e0 partir de la\u00a0<a title=\"Zone d'occupation sovi\u00e9tique en Allemagne\" href=\"https:\/\/fr.wikipedia.org\/wiki\/Zone_d%27occupation_sovi%C3%A9tique_en_Allemagne\">zone d&rsquo;occupation sovi\u00e9tique en Allemagne<\/a>\u00a0que l&rsquo;arm\u00e9e rouge\u00a0occupait, en r\u00e9ponse \u00e0 la transformation de la tri-zone\u00a0en\u00a0<a title=\"Allemagne de l'Ouest\" href=\"https:\/\/fr.wikipedia.org\/wiki\/Allemagne_de_l%27Ouest\">R\u00e9publique f\u00e9d\u00e9rale d\u2019Allemagne<\/a>\u00a0par les puissances occupantes occidentales. Berlin-est, le secteur sovi\u00e9tique de la ville, en \u00e9tait la capitale.<\/p>\n<p style=\"text-align: left;\">La RDA faisait partie des r\u00e9gimes dits de\u00a0<span class=\"citation\">\u00ab d\u00e9mocratie populaire\u00a0\u00bb<\/span>\u00a0politiquement affili\u00e9s \u00e0 l&rsquo;URSS au sein du\u00a0<a title=\"Bloc de l'Est\" href=\"https:\/\/fr.wikipedia.org\/wiki\/Bloc_de_l%27Est\">bloc de l&rsquo;Est<\/a>, m\u00eame si dans les faits, le r\u00e9gime fonctionne comme une dictature. \u00c0 compter de 1961, pour arr\u00eater la fuite vers l&rsquo;ouest des citoyens est-allemands, l&rsquo;enclave occidentale de Berlin ouest\u00a0est s\u00e9par\u00e9e de Berlin-Est et du reste de la RDA, par le\u00a0<a title=\"Mur de Berlin\" href=\"https:\/\/fr.wikipedia.org\/wiki\/Mur_de_Berlin\">mur de Berlin<\/a>, qui devient l&rsquo;un des plus c\u00e9l\u00e8bres symboles du\u00a0<span class=\"citation\">\u00ab\u00a0<a title=\"Rideau de fer\" href=\"https:\/\/fr.wikipedia.org\/wiki\/Rideau_de_fer\">rideau de fer<\/a>\u00a0\u00bb<\/span>. L&rsquo;effondrement du bloc communiste en Europe de l&rsquo;Est entra\u00eene la disparition de la R\u00e9publique d\u00e9mocratique allemande, qui est absorb\u00e9e par la R\u00e9publique f\u00e9d\u00e9rale le 3 octobre 1990, soit presque 41 ans jour pour jour apr\u00e8s sa fondation, aboutissement du processus de r\u00e9unification\u00a0formant ainsi une Allemagne\u00a0unifi\u00e9e.<\/p>\n<p><strong>Ci-dessous<\/strong>\u00a0pr\u00e9sent\u00e9e, une partie des ba\u00efonnettes utilis\u00e9es durant cette p\u00e9riode (<strong>1949-1990<\/strong>), pour y acc\u00e9der il suffit de cliquer sur le lien.<\/p>\n<p><a href=\"https:\/\/geraldbaios.fr\/?p=11819\">Ba\u00efonnette Modell AKM 2<\/a><\/p>\n<p><a href=\"https:\/\/geraldbaios.fr\/?p=11826\">Ba\u00efonnette Modell AKM 1<\/a><\/p>\n<p><a href=\"https:\/\/geraldbaios.fr\/?p=11700\">Ba\u00efonnette modell AK 47<\/a><\/p>\n<p><strong>Autres<\/strong><\/p>\n<p><a href=\"https:\/\/geraldbaios.fr\/?p=1257\">Poignard d&rsquo;entra\u00eenement<\/a><\/p>\n<p><a href=\"https:\/\/geraldbaios.fr\/?p=1240\">Ba\u00efonnette d&rsquo;escrime<\/a><\/p>\n","protected":false},"excerpt":{"rendered":"<p>Les \u00e9tats membres du pacte de Varsovie (1955-1991) apr\u00e8s le retrait de l&rsquo;Albanie. La RDA et le\u00a0pacte de Varsovie Forces disponibles en 1989 : 173 000 militaires 16% de l&rsquo;effectif. Les forces arm\u00e9es de la R\u00e9publique d\u00e9mocratique allemande ne furent officiellement int\u00e9gr\u00e9es au pacte qu&rsquo;en janvier 1956. La\u00a0R\u00e9publique d\u00e9mocratique allemande\u00a0(RDA), \u00e9galement appel\u00e9e\u00a0Allemagne de l&rsquo;Est, est [&hellip;]<\/p>\n","protected":false},"author":1,"featured_media":0,"comment_status":"open","ping_status":"closed","sticky":false,"template":"","format":"standard","meta":{"footnotes":""},"categories":[2],"tags":[],"class_list":["post-11372","post","type-post","status-publish","format-standard","hentry","category-allemagne-de-lest"],"_links":{"self":[{"href":"https:\/\/geraldbaios.fr\/index.php?rest_route=\/wp\/v2\/posts\/11372","targetHints":{"allow":["GET"]}}],"collection":[{"href":"https:\/\/geraldbaios.fr\/index.php?rest_route=\/wp\/v2\/posts"}],"about":[{"href":"https:\/\/geraldbaios.fr\/index.php?rest_route=\/wp\/v2\/types\/post"}],"author":[{"embeddable":true,"href":"https:\/\/geraldbaios.fr\/index.php?rest_route=\/wp\/v2\/users\/1"}],"replies":[{"embeddable":true,"href":"https:\/\/geraldbaios.fr\/index.php?rest_route=%2Fwp%2Fv2%2Fcomments&post=11372"}],"version-history":[{"count":63,"href":"https:\/\/geraldbaios.fr\/index.php?rest_route=\/wp\/v2\/posts\/11372\/revisions"}],"predecessor-version":[{"id":47540,"href":"https:\/\/geraldbaios.fr\/index.php?rest_route=\/wp\/v2\/posts\/11372\/revisions\/47540"}],"wp:attachment":[{"href":"https:\/\/geraldbaios.fr\/index.php?rest_route=%2Fwp%2Fv2%2Fmedia&parent=11372"}],"wp:term":[{"taxonomy":"category","embeddable":true,"href":"https:\/\/geraldbaios.fr\/index.php?rest_route=%2Fwp%2Fv2%2Fcategories&post=11372"},{"taxonomy":"post_tag","embeddable":true,"href":"https:\/\/geraldbaios.fr\/index.php?rest_route=%2Fwp%2Fv2%2Ftags&post=11372"}],"curies":[{"name":"wp","href":"https:\/\/api.w.org\/{rel}","templated":true}]}}