{"id":11727,"date":"2015-05-20T18:01:00","date_gmt":"2015-05-20T16:01:00","guid":{"rendered":"http:\/\/geraldbaios.fr\/?p=11727"},"modified":"2025-05-22T22:28:23","modified_gmt":"2025-05-22T20:28:23","slug":"empire-allemand-armement","status":"publish","type":"post","link":"https:\/\/geraldbaios.fr\/?p=11727","title":{"rendered":"Empire allemand"},"content":{"rendered":"<p style=\"text-align: center;\"><strong><img loading=\"lazy\" decoding=\"async\" class=\"wp-image-11166 aligncenter\" src=\"https:\/\/geraldbaios.fr\/wp-content\/uploads\/2015\/02\/Allemagne--1024x683.png\" alt=\"\" width=\"300\" height=\"200\" srcset=\"https:\/\/geraldbaios.fr\/wp-content\/uploads\/2015\/02\/Allemagne--1024x683.png 1024w, https:\/\/geraldbaios.fr\/wp-content\/uploads\/2015\/02\/Allemagne--300x200.png 300w, https:\/\/geraldbaios.fr\/wp-content\/uploads\/2015\/02\/Allemagne--768x512.png 768w, https:\/\/geraldbaios.fr\/wp-content\/uploads\/2015\/02\/Allemagne-.png 1200w\" sizes=\"auto, (max-width: 300px) 100vw, 300px\" \/><\/strong><\/p>\n<p style=\"text-align: left;\"><span class=\"notranslate\">l&rsquo;<strong><a title=\"Empire allemand\" href=\"https:\/\/fr.wikipedia.org\/wiki\/Empire_allemand\">Empire allemand<\/a><\/strong>\u00a0\u00e9tait une conf\u00e9d\u00e9ration d&rsquo;Etats semi-ind\u00e9pendants.<\/span>\u00a0<span class=\"notranslate\">Le roi de Prusse (capitale\u00a0<strong>Berlin<\/strong>, population en 1910,\u00a0<strong>40\u00a0165\u00a0219 habitants<\/strong>) a servi en tant que chef de l&rsquo;Etat imp\u00e9rial et a re\u00e7u le titre\u00a0<em>Kaiser<\/em>\u00a0(empereur).<\/span><\/p>\n<p style=\"text-align: left;\"><span class=\"notranslate\">Les monarques des trois autres Etats allemands (<strong>Royaume de Bavi\u00e8re, <\/strong>capitale<strong> Munich, <\/strong>habitants<strong> 6\u00a0887\u00a0291), (de Saxe, <\/strong>capitale<strong> Dresde, <\/strong>habitants<strong> 4\u00a0806\u00a0661), (du Wurtemberg, <\/strong>capitale<strong> Stuttgart, <\/strong>habitants<strong> 2\u00a0437\u00a0574<\/strong>), ont tenu le titre\u00a0<em>K\u00f6nig<\/em>\u00a0(King).<\/span><\/p>\n<p style=\"text-align: center;\"><img loading=\"lazy\" decoding=\"async\" class=\"aligncenter wp-image-11183\" src=\"https:\/\/geraldbaios.fr\/wp-content\/uploads\/2015\/04\/Empire-allemand.jpg\" alt=\"\" width=\"750\" height=\"657\" srcset=\"https:\/\/geraldbaios.fr\/wp-content\/uploads\/2015\/04\/Empire-allemand.jpg 515w, https:\/\/geraldbaios.fr\/wp-content\/uploads\/2015\/04\/Empire-allemand-300x263.jpg 300w\" sizes=\"auto, (max-width: 750px) 100vw, 750px\" \/><\/p>\n<h2><strong>La Premi\u00e8re Guerre mondiale<\/strong><\/h2>\n<p><img loading=\"lazy\" decoding=\"async\" class=\"aligncenter size-full wp-image-29352\" src=\"https:\/\/geraldbaios.fr\/wp-content\/uploads\/2016\/03\/carte_Europe_alliances_1914.png\" alt=\"\" width=\"1000\" height=\"594\" srcset=\"https:\/\/geraldbaios.fr\/wp-content\/uploads\/2016\/03\/carte_Europe_alliances_1914.png 1000w, https:\/\/geraldbaios.fr\/wp-content\/uploads\/2016\/03\/carte_Europe_alliances_1914-300x178.png 300w, https:\/\/geraldbaios.fr\/wp-content\/uploads\/2016\/03\/carte_Europe_alliances_1914-768x456.png 768w\" sizes=\"auto, (max-width: 1000px) 100vw, 1000px\" \/><\/p>\n<p>L&rsquo;Empire austro-hongrois d\u00e9clare la guerre \u00e0 la Serbie le (28 juillet 1914). La Russie d\u00e9clare la guerre \u00e0 l&rsquo;Autriche-Hongrie quelques jours apr\u00e8s. L&rsquo;Allemagne d\u00e9clare la guerre \u00e0 la Russie (3 ao\u00fbt 1914) et la France se pr\u00e9pare \u00e0 d\u00e9clarer la guerre \u00e0 l&rsquo;Allemagne pour aider ses alli\u00e9s russes, mais c&rsquo;est l<strong>&lsquo;Allemagne<\/strong> qui la lui d\u00e9clare avant et envahit la Belgique. Le Royaume-Uni d\u00e9clare la guerre \u00e0 l&rsquo;Allemagne pour aider ses alli\u00e9s belges (4 ao\u00fbt 1914).<\/p>\n<p><strong>Ci-dessous<\/strong>, une partie des ba\u00efonnettes utilis\u00e9es durant la Premi\u00e8re Guerre mondiale, pour y acc\u00e9der il suffit de cliquer sur le lien.<\/p>\n<p><a href=\"https:\/\/geraldbaios.fr\/?p=9017\">Ba\u00efonnette mod\u00e8le 1895<\/a><\/p>\n<p><a href=\"https:\/\/geraldbaios.fr\/?p=8560\">Ba\u00efonnette mod\u00e8le 1884-98 (2\u00e8me type)<\/a><\/p>\n<p><a href=\"https:\/\/geraldbaios.fr\/?p=35221\">Ba\u00efonnette Ersatz \u00e0 poign\u00e9e lisse<\/a><\/p>\n<p><a href=\"https:\/\/geraldbaios.fr\/?p=46917\">Ba\u00efonnette Ersatz \u00e0 poign\u00e9e lisse, sans anneau<\/a><\/p>\n<p><a href=\"https:\/\/geraldbaios.fr\/?p=35602\">Ba\u00efonnette Ersatz EB50<\/a><\/p>\n<p><a href=\"https:\/\/geraldbaios.fr\/?p=9470\">Ba\u00efonnette Ersatz \u00e0 poign\u00e9e moul\u00e9e<\/a><\/p>\n<p><a href=\"https:\/\/geraldbaios.fr\/?p=47118\">Ba\u00efonnette mod\u00e8le 1914 (Bayard)<\/a><\/p>\n<p><a href=\"https:\/\/geraldbaios.fr\/?p=9485\">Ba\u00efonnette mod\u00e8le 1914<\/a><\/p>\n<p><a href=\"https:\/\/geraldbaios.fr\/?p=34764\">Ba\u00efonnette mod\u00e8le 1871\/98<\/a><\/p>\n<p><a href=\"https:\/\/geraldbaios.fr\/?p=9823\">Ba\u00efonnette mod\u00e8le 1884-98 (1er type \u00e0 goutti\u00e8re courte)<\/a><\/p>\n<p><a href=\"https:\/\/geraldbaios.fr\/?p=9477\">Ba\u00efonnette mod\u00e8le 98-05 (tous types)<\/a><\/p>\n<p><a href=\"https:\/\/geraldbaios.fr\/?p=8152\">Ba\u00efonnette mod\u00e8le 98 (premier et second type)<\/a><\/p>\n<p><a href=\"https:\/\/geraldbaios.fr\/?p=8717\">Ba\u00efonnette mod\u00e8le 1871<\/a><\/p>\n<p><strong>Autres<\/strong><\/p>\n<p><a href=\"https:\/\/geraldbaios.fr\/?p=9596\">Ba\u00efonnette mod\u00e8le 1871-84 de fabrication priv\u00e9e<\/a><\/p>\n<p><a href=\"https:\/\/geraldbaios.fr\/?p=8295\">Ba\u00efonnette mod\u00e8le 1888 (export Siam)<\/a><\/p>\n<p><a href=\"https:\/\/geraldbaios.fr\/?p=16204\">Ba\u00efonnette mod\u00e8le 1874 de prise et modifi\u00e9e<\/a><\/p>\n<p><a href=\"https:\/\/geraldbaios.fr\/?p=10417\">Ba\u00efonnette mod\u00e8le 1866 de prise<\/a><\/p>\n<p><strong>Ci-dessous<\/strong> une partie des porte-fourreaux utilis\u00e9s de 1870 \u00e0 1918.<\/p>\n<p><a href=\"https:\/\/geraldbaios.fr\/?p=48685\">Les porte fourreaux allemands (WW1)<\/a><\/p>\n<p>&nbsp;<\/p>\n<p><img loading=\"lazy\" decoding=\"async\" class=\"aligncenter wp-image-27498\" src=\"https:\/\/geraldbaios.fr\/wp-content\/uploads\/2015\/05\/2560px-Flag_of_Prussia_1892-1918-1024x615.png\" alt=\"\" width=\"300\" height=\"180\" srcset=\"https:\/\/geraldbaios.fr\/wp-content\/uploads\/2015\/05\/2560px-Flag_of_Prussia_1892-1918-1024x615.png 1024w, https:\/\/geraldbaios.fr\/wp-content\/uploads\/2015\/05\/2560px-Flag_of_Prussia_1892-1918-300x180.png 300w, https:\/\/geraldbaios.fr\/wp-content\/uploads\/2015\/05\/2560px-Flag_of_Prussia_1892-1918-768x461.png 768w\" sizes=\"auto, (max-width: 300px) 100vw, 300px\" \/><\/p>\n<p>Le <b>royaume de <a title=\"Royaume de Prusse\" href=\"https:\/\/fr.wikipedia.org\/wiki\/Royaume_de_Prusse\">Prusse<\/a><\/b>\u00a0est un \u00e9tat europ\u00e9en form\u00e9 en 1701 et int\u00e9gr\u00e9 en 1871 \u00e0 l&rsquo;<a title=\"Empire allemand\" href=\"https:\/\/fr.wikipedia.org\/wiki\/Empire_allemand\">Empire allemand<\/a>, dont il est la composante principale, il dispara\u00eet en 1918 lorsque l&rsquo;Allemagne devient une r\u00e9publique.<\/p>\n<p><strong>Ci-dessous<\/strong>, une partie des ba\u00efonnettes utilis\u00e9es avant 1871.<\/p>\n<p><a href=\"https:\/\/geraldbaios.fr\/?p=41879\">Ba\u00efonnette Hirschf\u00e4nger mod\u00e8le 1865 de chasseur<\/a><\/p>\n<p style=\"text-align: left;\"><a href=\"https:\/\/geraldbaios.fr\/?p=923\">Ba\u00efonnette mod\u00e8le 1862 (Dreyse)<\/a><\/p>\n<p><a href=\"https:\/\/geraldbaios.fr\/?p=49483\">Ba\u00efonnette mod\u00e8le 1860 de fusiller<\/a><\/p>\n<p><img loading=\"lazy\" decoding=\"async\" class=\"aligncenter wp-image-47363\" src=\"https:\/\/geraldbaios.fr\/wp-content\/uploads\/2015\/05\/Coat_of_arms_of_Bavaria.svg_-1024x620.png\" alt=\"\" width=\"301\" height=\"182\" srcset=\"https:\/\/geraldbaios.fr\/wp-content\/uploads\/2015\/05\/Coat_of_arms_of_Bavaria.svg_-1024x620.png 1024w, https:\/\/geraldbaios.fr\/wp-content\/uploads\/2015\/05\/Coat_of_arms_of_Bavaria.svg_-300x182.png 300w, https:\/\/geraldbaios.fr\/wp-content\/uploads\/2015\/05\/Coat_of_arms_of_Bavaria.svg_-768x465.png 768w, https:\/\/geraldbaios.fr\/wp-content\/uploads\/2015\/05\/Coat_of_arms_of_Bavaria.svg_-1536x930.png 1536w, https:\/\/geraldbaios.fr\/wp-content\/uploads\/2015\/05\/Coat_of_arms_of_Bavaria.svg_-2048x1240.png 2048w\" sizes=\"auto, (max-width: 301px) 100vw, 301px\" \/><\/p>\n<p>Le <b>Royaume de Bavi\u00e8re<\/b> est un ancien <a title=\"Royaume\" href=\"https:\/\/fr.vikidia.org\/wiki\/Royaume\">royaume<\/a> germanique fond\u00e9 le 26 d\u00e9cembre 1806 et qui survivra jusqu&rsquo;au 7 novembre 1918. C&rsquo;\u00e9tait \u00e0 l&rsquo;origine un monarchie constitutionnelle cr\u00e9\u00e9e par un trait\u00e9 entre l&rsquo;Empereur Fran\u00e7ais <a title=\"Napol\u00e9on Ier\" href=\"https:\/\/fr.vikidia.org\/wiki\/Napol%C3%A9on_Ier\">Napol\u00e9on I<sup>er<\/sup><\/a> et l&rsquo;Empereur d&rsquo;Autriche <a title=\"Fran\u00e7ois Ier d'Autriche\" href=\"https:\/\/fr.vikidia.org\/wiki\/Fran%C3%A7ois_Ier_d%27Autriche\">Fran\u00e7ois I<sup>er<\/sup><\/a>, c&rsquo;est ensuite devenu un \u00e9tat de l&rsquo;<a title=\"Empire allemand\" href=\"https:\/\/fr.vikidia.org\/wiki\/Empire_allemand\">Empire allemand<\/a> \u00e0 partir de 1871.<\/p>\n<p><strong>Ci-dessous<\/strong>, une partie des ba\u00efonnettes utilis\u00e9es avant 1871.<\/p>\n<p><a href=\"https:\/\/geraldbaios.fr\/?p=47299\">Ba\u00efonnette mod\u00e8le 1858<\/a><\/p>\n","protected":false},"excerpt":{"rendered":"<p>l&rsquo;Empire allemand\u00a0\u00e9tait une conf\u00e9d\u00e9ration d&rsquo;Etats semi-ind\u00e9pendants.\u00a0Le roi de Prusse (capitale\u00a0Berlin, population en 1910,\u00a040\u00a0165\u00a0219 habitants) a servi en tant que chef de l&rsquo;Etat imp\u00e9rial et a re\u00e7u le titre\u00a0Kaiser\u00a0(empereur). Les monarques des trois autres Etats allemands (Royaume de Bavi\u00e8re, capitale Munich, habitants 6\u00a0887\u00a0291), (de Saxe, capitale Dresde, habitants 4\u00a0806\u00a0661), (du Wurtemberg, capitale Stuttgart, habitants 2\u00a0437\u00a0574), ont [&hellip;]<\/p>\n","protected":false},"author":1,"featured_media":0,"comment_status":"open","ping_status":"closed","sticky":false,"template":"","format":"standard","meta":{"footnotes":""},"categories":[76],"tags":[],"class_list":["post-11727","post","type-post","status-publish","format-standard","hentry","category-allemagne-de-1870-a-1918"],"_links":{"self":[{"href":"https:\/\/geraldbaios.fr\/index.php?rest_route=\/wp\/v2\/posts\/11727","targetHints":{"allow":["GET"]}}],"collection":[{"href":"https:\/\/geraldbaios.fr\/index.php?rest_route=\/wp\/v2\/posts"}],"about":[{"href":"https:\/\/geraldbaios.fr\/index.php?rest_route=\/wp\/v2\/types\/post"}],"author":[{"embeddable":true,"href":"https:\/\/geraldbaios.fr\/index.php?rest_route=\/wp\/v2\/users\/1"}],"replies":[{"embeddable":true,"href":"https:\/\/geraldbaios.fr\/index.php?rest_route=%2Fwp%2Fv2%2Fcomments&post=11727"}],"version-history":[{"count":83,"href":"https:\/\/geraldbaios.fr\/index.php?rest_route=\/wp\/v2\/posts\/11727\/revisions"}],"predecessor-version":[{"id":49531,"href":"https:\/\/geraldbaios.fr\/index.php?rest_route=\/wp\/v2\/posts\/11727\/revisions\/49531"}],"wp:attachment":[{"href":"https:\/\/geraldbaios.fr\/index.php?rest_route=%2Fwp%2Fv2%2Fmedia&parent=11727"}],"wp:term":[{"taxonomy":"category","embeddable":true,"href":"https:\/\/geraldbaios.fr\/index.php?rest_route=%2Fwp%2Fv2%2Fcategories&post=11727"},{"taxonomy":"post_tag","embeddable":true,"href":"https:\/\/geraldbaios.fr\/index.php?rest_route=%2Fwp%2Fv2%2Ftags&post=11727"}],"curies":[{"name":"wp","href":"https:\/\/api.w.org\/{rel}","templated":true}]}}