{"id":12047,"date":"2015-06-26T14:56:22","date_gmt":"2015-06-26T12:56:22","guid":{"rendered":"http:\/\/geraldbaios.fr\/?p=12047"},"modified":"2024-03-06T18:06:09","modified_gmt":"2024-03-06T16:06:09","slug":"allemagne-armement-2","status":"publish","type":"post","link":"https:\/\/geraldbaios.fr\/?p=12047","title":{"rendered":"RFA"},"content":{"rendered":"<p style=\"text-align: center;\"><img loading=\"lazy\" decoding=\"async\" class=\"aligncenter wp-image-12057\" src=\"https:\/\/geraldbaios.fr\/wp-content\/uploads\/2015\/06\/Allemagne.png\" alt=\"\" width=\"305\" height=\"183\" \/><\/p>\n<p>&nbsp;<\/p>\n<p><img loading=\"lazy\" decoding=\"async\" class=\"aligncenter wp-image-23932\" src=\"https:\/\/geraldbaios.fr\/wp-content\/uploads\/2015\/06\/otan-1949.jpg\" alt=\"\" width=\"749\" height=\"500\" srcset=\"https:\/\/geraldbaios.fr\/wp-content\/uploads\/2015\/06\/otan-1949.jpg 797w, https:\/\/geraldbaios.fr\/wp-content\/uploads\/2015\/06\/otan-1949-300x200.jpg 300w, https:\/\/geraldbaios.fr\/wp-content\/uploads\/2015\/06\/otan-1949-768x513.jpg 768w\" sizes=\"auto, (max-width: 749px) 100vw, 749px\" \/><\/p>\n<p><strong>La RFA et <a href=\"https:\/\/fr.wikipedia.org\/wiki\/Portail:OTAN\">L&rsquo;OTAN<\/a><\/strong><\/p>\n<p>D\u00e8s 1950, les Am\u00e9ricains veulent que la <a title=\"Allemagne de l'Ouest\" href=\"https:\/\/fr.wikipedia.org\/wiki\/Allemagne_de_l%27Ouest\">RFA<\/a> contribue \u00e0 sa propre d\u00e9fense et donc rejoigne l&rsquo;Alliance. La France continue de craindre la r\u00e9surgence d&rsquo;un \u00e9tat allemand fort qui dominerait l&rsquo;Europe, et s&rsquo;oppose donc au r\u00e9armement allemand. Face \u00e0 l&rsquo;insistance am\u00e9ricaine et aux imp\u00e9ratifs \u00e9conomiques et financiers, la France prend l&rsquo;initiative de cr\u00e9er une <a title=\"Communaut\u00e9 europ\u00e9enne de d\u00e9fense\" href=\"https:\/\/fr.wikipedia.org\/wiki\/Communaut%C3%A9_europ%C3%A9enne_de_d%C3%A9fense\">Communaut\u00e9 europ\u00e9enne de d\u00e9fense<\/a>, la CED, dont la RFA serait membre, dans un cadre lui offrant plus de garanties. Un accord est trouv\u00e9 apr\u00e8s plus de deux ann\u00e9es de n\u00e9gociations, mais le parlement fran\u00e7ais rejette finalement la CED en <time class=\"nowrap\" datetime=\"1954-08\" data-sort-value=\"1954-08\">ao\u00fbt 1954<\/time>. D\u00e8s lors, l&rsquo;adh\u00e9sion de la RFA \u00e0 l&rsquo;Alliance, devenue in\u00e9vitable, se concr\u00e9tise en <time class=\"nowrap\" datetime=\"1955-05\" data-sort-value=\"1955-05\">mai 1955<\/time>. Elle s&rsquo;assortit d&rsquo;un plan de r\u00e9armement visant \u00e0 constituer en quelques ann\u00e9es une arm\u00e9e, la <a title=\"Bundeswehr\" href=\"https:\/\/fr.wikipedia.org\/wiki\/Bundeswehr\">Bundeswehr<\/a>, forte de 495\u00a0000\u00a0hommes, devenue dans les ann\u00e9es suivantes la composante la plus importante des forces conventionnelles de l&rsquo;OTAN sur le front d&rsquo;Europe centrale, en r\u00e9action imm\u00e9diate, l&rsquo;Union sovi\u00e9tique forme le pacte de Varsovie, alliance avec sept \u00e9tats satellites.<\/p>\n<p><strong>Ci-dessous,<\/strong>\u00a0une partie des ba\u00efonnettes utilis\u00e9es apr\u00e8s 1945 par la RFA, pour y acc\u00e9der il suffit de cliquer sur le lien.<\/p>\n<p style=\"text-align: left;\"><a href=\"https:\/\/geraldbaios.fr\/?p=954\">Ba\u00efonnette mod\u00e8le G3<\/a><\/p>\n<p><a href=\"https:\/\/geraldbaios.fr\/?p=947\">Ba\u00efonnette mod\u00e8le M1<\/a><\/p>\n<p><strong>Autres<\/strong><\/p>\n<p><a href=\"https:\/\/geraldbaios.fr\/?p=960\">Couteau multifonctions<\/a><\/p>\n<p><a href=\"https:\/\/geraldbaios.fr\/?p=950\">Poignard de combat M-68 (comparatif reproduction)<\/a><\/p>\n<h4><strong>Historique de la soci\u00e9t\u00e9 Eickhorn Solingen AES :<\/strong><\/h4>\n<p>L&rsquo;entreprise (<strong>AES<\/strong>)\u00a0A. Eickhorn GmbH &amp; Co. a \u00e9t\u00e9 fond\u00e9e en 1976 par\u00a0Annette Eickhorn et elle \u00e9tait dirig\u00e9e par J\u00f6rg Eickhorn.\u00a0Cette entreprise\u00a0<span class=\"notranslate\">a d\u00e9velopp\u00e9 sa propre marque, trois hexagones contenant les lettres \u00abA\u00bb, \u00abE\u00bb et \u00abS.\u00bb.\u00a0<strong>AES<\/strong> a produit des ba\u00efonnettes G3 pour la Bundeswehr et pour l&rsquo;exportation, des copies de la ba\u00efonnette FAL de type C, et des copies de la ba\u00efonnette am\u00e9ricaine M7 qui comportaient une poign\u00e9e monobloc. AES a \u00e9galement produit de nombreuses variantes du mod\u00e8le KCB-77.\u00a0<\/span><\/p>\n<p><strong>Ci-dessous<\/strong>, une partie des ba\u00efonnettes fabriqu\u00e9es par (<strong>AES<\/strong>).<\/p>\n<p><a href=\"https:\/\/geraldbaios.fr\/?p=46695\">Ba\u00efonnette FAL 1<\/a><\/p>\n<p><a href=\"https:\/\/geraldbaios.fr\/?p=4121\">Ba\u00efonnette exp\u00e9rimentale pour armement SIG SG 540 (variante)<\/a><\/p>\n<p><a href=\"https:\/\/geraldbaios.fr\/?p=4115\">Ba\u00efonnette EW 77 CO<\/a><\/p>\n<p><a href=\"https:\/\/geraldbaios.fr\/?p=24108\">Ba\u00efonnette M7<\/a><\/p>\n<p><a href=\"https:\/\/geraldbaios.fr\/?p=2928\">Ba\u00efonnette M7 \/ L<\/a><\/p>\n<p><a href=\"https:\/\/geraldbaios.fr\/?p=27684\">Ba\u00efonnette M5 Ha\u00efti <\/a><\/p>\n<p><a href=\"https:\/\/geraldbaios.fr\/?p=36589\">Ba\u00efonnette KCB 77-M1 (sans dispositif coupe-fil)<\/a><\/p>\n<p><a href=\"https:\/\/geraldbaios.fr\/?p=34263\">Ba\u00efonnette KCB 77- M1 (sans garde)<\/a><\/p>\n<p><a href=\"https:\/\/geraldbaios.fr\/?p=36532\">Ba\u00efonnette KCB 77-M1 (avec garde)<\/a><\/p>\n<p><a href=\"https:\/\/geraldbaios.fr\/?p=543\">Ba\u00efonnette KCB 77-M6\u00a0<\/a><\/p>\n<p><a href=\"https:\/\/geraldbaios.fr\/?p=3324\">Ba\u00efonnette KCB 70 G3<\/a><\/p>\n<p><a href=\"https:\/\/geraldbaios.fr\/?p=7704\">Ba\u00efonnette mod\u00e8le G3 (Danemark)<\/a><\/p>\n<p><a href=\"https:\/\/geraldbaios.fr\/?p=8589\">Ba\u00efonnette mod\u00e8le G3 (Norv\u00e8ge)<\/a><\/p>\n<p><strong>Ci-dessous<\/strong>, une partie des ba\u00efonnettes fabriqu\u00e9es par\u00a0la Waffenfabrik AG Carl <strong>Eickhorn <\/strong>qui\u00a0a fait faillite en 1976.\u00a0Cette usine fabriquait des ba\u00efonnettes pour l&rsquo;exportation dans les ann\u00e9es 70, pour les pays de l&rsquo;OTAN.<\/p>\n<p><a href=\"https:\/\/geraldbaios.fr\/?p=24467\">Ba\u00efonnette mod\u00e8le G3 (Danemark)<\/a><\/p>\n<p><a href=\"https:\/\/geraldbaios.fr\/?p=2840\">Ba\u00efonnette M7 Colt&rsquo;s<\/a><\/p>\n<p><strong>Ci-dessous<\/strong>, ces tr\u00e8s rares ba\u00efonnettes ont \u00e9t\u00e9 produites par la soci\u00e9t\u00e9\u00a0<strong>H\u00f6rster E. &amp; F. Co.<\/strong>, Solingen\u00a0en Allemagne de l\u2019Ouest, dans les ann\u00e9es 50.<\/p>\n<p><a href=\"https:\/\/geraldbaios.fr\/?p=1347\">Ba\u00efonnette mod\u00e8le M4<\/a><\/p>\n","protected":false},"excerpt":{"rendered":"<p>&nbsp; La RFA et L&rsquo;OTAN D\u00e8s 1950, les Am\u00e9ricains veulent que la RFA contribue \u00e0 sa propre d\u00e9fense et donc rejoigne l&rsquo;Alliance. La France continue de craindre la r\u00e9surgence d&rsquo;un \u00e9tat allemand fort qui dominerait l&rsquo;Europe, et s&rsquo;oppose donc au r\u00e9armement allemand. Face \u00e0 l&rsquo;insistance am\u00e9ricaine et aux imp\u00e9ratifs \u00e9conomiques et financiers, la France prend [&hellip;]<\/p>\n","protected":false},"author":1,"featured_media":0,"comment_status":"open","ping_status":"closed","sticky":false,"template":"","format":"standard","meta":{"footnotes":""},"categories":[31],"tags":[],"class_list":["post-12047","post","type-post","status-publish","format-standard","hentry","category-allemagne-de-1945-a-nos-jours"],"_links":{"self":[{"href":"https:\/\/geraldbaios.fr\/index.php?rest_route=\/wp\/v2\/posts\/12047","targetHints":{"allow":["GET"]}}],"collection":[{"href":"https:\/\/geraldbaios.fr\/index.php?rest_route=\/wp\/v2\/posts"}],"about":[{"href":"https:\/\/geraldbaios.fr\/index.php?rest_route=\/wp\/v2\/types\/post"}],"author":[{"embeddable":true,"href":"https:\/\/geraldbaios.fr\/index.php?rest_route=\/wp\/v2\/users\/1"}],"replies":[{"embeddable":true,"href":"https:\/\/geraldbaios.fr\/index.php?rest_route=%2Fwp%2Fv2%2Fcomments&post=12047"}],"version-history":[{"count":124,"href":"https:\/\/geraldbaios.fr\/index.php?rest_route=\/wp\/v2\/posts\/12047\/revisions"}],"predecessor-version":[{"id":12050,"href":"https:\/\/geraldbaios.fr\/index.php?rest_route=\/wp\/v2\/posts\/12047\/revisions\/12050"}],"wp:attachment":[{"href":"https:\/\/geraldbaios.fr\/index.php?rest_route=%2Fwp%2Fv2%2Fmedia&parent=12047"}],"wp:term":[{"taxonomy":"category","embeddable":true,"href":"https:\/\/geraldbaios.fr\/index.php?rest_route=%2Fwp%2Fv2%2Fcategories&post=12047"},{"taxonomy":"post_tag","embeddable":true,"href":"https:\/\/geraldbaios.fr\/index.php?rest_route=%2Fwp%2Fv2%2Ftags&post=12047"}],"curies":[{"name":"wp","href":"https:\/\/api.w.org\/{rel}","templated":true}]}}