{"id":1295,"date":"2021-11-10T23:33:00","date_gmt":"2021-11-10T21:33:00","guid":{"rendered":"http:\/\/geraldbaios.fr\/?p=1295"},"modified":"2025-11-10T22:34:15","modified_gmt":"2025-11-10T20:34:15","slug":"baionnette-modele-1822","status":"publish","type":"post","link":"https:\/\/geraldbaios.fr\/?p=1295","title":{"rendered":"Ba\u00efonnette pour fusil M-1822 \u00ab\u00a0N 921\u00a0\u00bb"},"content":{"rendered":"<p><img loading=\"lazy\" decoding=\"async\" class=\"aligncenter size-large wp-image-41040\" src=\"https:\/\/geraldbaios.fr\/wp-content\/uploads\/2015\/07\/Modele-22-\u00b0\u00b01-1024x225.jpg\" alt=\"\" width=\"800\" height=\"176\" srcset=\"https:\/\/geraldbaios.fr\/wp-content\/uploads\/2015\/07\/Modele-22-\u00b0\u00b01-1024x225.jpg 1024w, https:\/\/geraldbaios.fr\/wp-content\/uploads\/2015\/07\/Modele-22-\u00b0\u00b01-300x66.jpg 300w, https:\/\/geraldbaios.fr\/wp-content\/uploads\/2015\/07\/Modele-22-\u00b0\u00b01-768x169.jpg 768w, https:\/\/geraldbaios.fr\/wp-content\/uploads\/2015\/07\/Modele-22-\u00b0\u00b01-1536x338.jpg 1536w, https:\/\/geraldbaios.fr\/wp-content\/uploads\/2015\/07\/Modele-22-\u00b0\u00b01-2048x451.jpg 2048w\" sizes=\"auto, (max-width: 800px) 100vw, 800px\" \/><\/p>\n<p><strong>Longueur :<\/strong>\u00a0525 mm<br \/>\n<strong>\u00f8 interne de la douille\u00a0:<\/strong>\u00a021,8 mm<strong><br \/>\nLongueur de la douille :\u00a0<\/strong>68,2 mm<strong><br \/>\n<\/strong><\/p>\n<p><strong>Poids : <\/strong>345 g<\/p>\n<p><strong>Armement :\u00a0<\/strong>fusil mod\u00e8le 1822-42 fran\u00e7ais<\/p>\n<p><strong>Valeur :\u00a0<\/strong>\u00a0\u20ac\u20ac\u20ac \u20ac\u00a0avec fourreau<strong><br \/>\nRaret\u00e9 :\u00a0<a href=\"https:\/\/geraldbaios.fr\/wp-content\/uploads\/2015\/02\/che1valier.gif\"><img loading=\"lazy\" decoding=\"async\" class=\" size-full wp-image-294 alignnone\" src=\"https:\/\/geraldbaios.fr\/wp-content\/uploads\/2015\/02\/che1valier.gif\" alt=\"che1valier\" width=\"40\" height=\"30\" \/><\/a><a href=\"https:\/\/geraldbaios.fr\/wp-content\/uploads\/2015\/02\/che1valier.gif\"><img loading=\"lazy\" decoding=\"async\" class=\" size-full wp-image-294 alignnone\" src=\"https:\/\/geraldbaios.fr\/wp-content\/uploads\/2015\/02\/che1valier.gif\" alt=\"che1valier\" width=\"40\" height=\"30\" \/><\/a><a href=\"https:\/\/geraldbaios.fr\/wp-content\/uploads\/2015\/02\/che1valier.gif\"><img loading=\"lazy\" decoding=\"async\" class=\" size-full wp-image-294 alignnone\" src=\"https:\/\/geraldbaios.fr\/wp-content\/uploads\/2015\/02\/che1valier.gif\" alt=\"che1valier\" width=\"40\" height=\"30\" \/><\/a><a href=\"https:\/\/geraldbaios.fr\/wp-content\/uploads\/2015\/02\/che1valier.gif\"><img loading=\"lazy\" decoding=\"async\" class=\" size-full wp-image-294 alignnone\" src=\"https:\/\/geraldbaios.fr\/wp-content\/uploads\/2015\/02\/che1valier.gif\" alt=\"che1valier\" width=\"40\" height=\"30\" \/><br \/>\n<\/a><br \/>\n<\/strong>Le fusil fran\u00e7ais mod\u00e8le 1822 a \u00e9t\u00e9 fabriqu\u00e9 avec une platine \u00e0 silex sous Louis-Philippe, a \u00e9t\u00e9 modifi\u00e9 en <strong>1841<\/strong> \u00e0 percussion au cours de son r\u00e8gne, puis en <strong>1860<\/strong> a vu son canon ray\u00e9 sous Napol\u00e9on III. Ses d\u00e9riv\u00e9s ont \u00e9t\u00e9 utilis\u00e9s par de\u00a0nombreux pays europ\u00e9ens jusqu&rsquo;\u00e0 la fin du 19\u00e8me si\u00e8cle.<\/p>\n<p>Cette ba\u00efonnette de fabrication n\u00e9erlandaise est de constitution pratiquement identique \u00e0 la ba\u00efonnette fran\u00e7aise du m\u00eame mod\u00e8le, mais comparativement, celle-ci semble \u00eatre de meilleur qualit\u00e9 de fabrication.<\/p>\n<p style=\"text-align: center;\"><img loading=\"lazy\" decoding=\"async\" class=\"aligncenter wp-image-41041\" src=\"https:\/\/geraldbaios.fr\/wp-content\/uploads\/2015\/07\/Modele-22-\u00b0\u00b04-1024x834.jpg\" alt=\"\" width=\"299\" height=\"244\" srcset=\"https:\/\/geraldbaios.fr\/wp-content\/uploads\/2015\/07\/Modele-22-\u00b0\u00b04-1024x834.jpg 1024w, https:\/\/geraldbaios.fr\/wp-content\/uploads\/2015\/07\/Modele-22-\u00b0\u00b04-300x244.jpg 300w, https:\/\/geraldbaios.fr\/wp-content\/uploads\/2015\/07\/Modele-22-\u00b0\u00b04-768x626.jpg 768w, https:\/\/geraldbaios.fr\/wp-content\/uploads\/2015\/07\/Modele-22-\u00b0\u00b04-1536x1251.jpg 1536w, https:\/\/geraldbaios.fr\/wp-content\/uploads\/2015\/07\/Modele-22-\u00b0\u00b04-2048x1669.jpg 2048w\" sizes=\"auto, (max-width: 299px) 100vw, 299px\" \/> <img loading=\"lazy\" decoding=\"async\" class=\"aligncenter wp-image-41042\" src=\"https:\/\/geraldbaios.fr\/wp-content\/uploads\/2015\/07\/Modele-22-\u00b0\u00b05-1024x485.jpg\" alt=\"\" width=\"300\" height=\"142\" srcset=\"https:\/\/geraldbaios.fr\/wp-content\/uploads\/2015\/07\/Modele-22-\u00b0\u00b05-1024x485.jpg 1024w, https:\/\/geraldbaios.fr\/wp-content\/uploads\/2015\/07\/Modele-22-\u00b0\u00b05-300x142.jpg 300w, https:\/\/geraldbaios.fr\/wp-content\/uploads\/2015\/07\/Modele-22-\u00b0\u00b05-768x364.jpg 768w, https:\/\/geraldbaios.fr\/wp-content\/uploads\/2015\/07\/Modele-22-\u00b0\u00b05-1536x728.jpg 1536w, https:\/\/geraldbaios.fr\/wp-content\/uploads\/2015\/07\/Modele-22-\u00b0\u00b05-2048x970.jpg 2048w\" sizes=\"auto, (max-width: 300px) 100vw, 300px\" \/> <img loading=\"lazy\" decoding=\"async\" class=\"aligncenter wp-image-41043\" src=\"https:\/\/geraldbaios.fr\/wp-content\/uploads\/2015\/07\/Modele-22-\u00b0\u00b06-1024x704.jpg\" alt=\"\" width=\"301\" height=\"207\" srcset=\"https:\/\/geraldbaios.fr\/wp-content\/uploads\/2015\/07\/Modele-22-\u00b0\u00b06-1024x704.jpg 1024w, https:\/\/geraldbaios.fr\/wp-content\/uploads\/2015\/07\/Modele-22-\u00b0\u00b06-300x206.jpg 300w, https:\/\/geraldbaios.fr\/wp-content\/uploads\/2015\/07\/Modele-22-\u00b0\u00b06-768x528.jpg 768w, https:\/\/geraldbaios.fr\/wp-content\/uploads\/2015\/07\/Modele-22-\u00b0\u00b06-1536x1057.jpg 1536w, https:\/\/geraldbaios.fr\/wp-content\/uploads\/2015\/07\/Modele-22-\u00b0\u00b06-2048x1409.jpg 2048w\" sizes=\"auto, (max-width: 301px) 100vw, 301px\" \/><img loading=\"lazy\" decoding=\"async\" class=\"aligncenter wp-image-27671\" src=\"https:\/\/geraldbaios.fr\/wp-content\/uploads\/2015\/07\/douille-04-1.jpg\" alt=\"\" width=\"300\" height=\"392\" srcset=\"https:\/\/geraldbaios.fr\/wp-content\/uploads\/2015\/07\/douille-04-1.jpg 275w, https:\/\/geraldbaios.fr\/wp-content\/uploads\/2015\/07\/douille-04-1-230x300.jpg 230w\" sizes=\"auto, (max-width: 300px) 100vw, 300px\" \/><strong>Poin\u00e7on de r\u00e9ception<\/strong><img loading=\"lazy\" decoding=\"async\" class=\"aligncenter wp-image-41044\" src=\"https:\/\/geraldbaios.fr\/wp-content\/uploads\/2015\/07\/Modele-22-\u00b0\u00b07-1024x838.jpg\" alt=\"\" width=\"300\" height=\"246\" srcset=\"https:\/\/geraldbaios.fr\/wp-content\/uploads\/2015\/07\/Modele-22-\u00b0\u00b07-1024x838.jpg 1024w, https:\/\/geraldbaios.fr\/wp-content\/uploads\/2015\/07\/Modele-22-\u00b0\u00b07-300x246.jpg 300w, https:\/\/geraldbaios.fr\/wp-content\/uploads\/2015\/07\/Modele-22-\u00b0\u00b07-768x629.jpg 768w, https:\/\/geraldbaios.fr\/wp-content\/uploads\/2015\/07\/Modele-22-\u00b0\u00b07-1536x1257.jpg 1536w, https:\/\/geraldbaios.fr\/wp-content\/uploads\/2015\/07\/Modele-22-\u00b0\u00b07.jpg 1951w\" sizes=\"auto, (max-width: 300px) 100vw, 300px\" \/><\/p>\n<p style=\"text-align: left;\"><strong>La douille<\/strong>\u00a0est\u00a0\u00e0 triple fente et virole m\u00e9diane.\u00a0Lors de la fabrication de la ba\u00efonnette, la douille et la lame sont fabriqu\u00e9es ind\u00e9pendamment et ensuite soud\u00e9es ensemble.<\/p>\n<p>Voir <a href=\"https:\/\/geraldbaios.fr\/?p=48042\">fixation <\/a>de la ba\u00efonnette au fusil.<\/p>\n<p><img loading=\"lazy\" decoding=\"async\" class=\"aligncenter size-large wp-image-41045\" src=\"https:\/\/geraldbaios.fr\/wp-content\/uploads\/2015\/07\/Modele-22-\u00b0\u00b02-1024x119.jpg\" alt=\"\" width=\"800\" height=\"93\" srcset=\"https:\/\/geraldbaios.fr\/wp-content\/uploads\/2015\/07\/Modele-22-\u00b0\u00b02-1024x119.jpg 1024w, https:\/\/geraldbaios.fr\/wp-content\/uploads\/2015\/07\/Modele-22-\u00b0\u00b02-300x35.jpg 300w, https:\/\/geraldbaios.fr\/wp-content\/uploads\/2015\/07\/Modele-22-\u00b0\u00b02-768x89.jpg 768w, https:\/\/geraldbaios.fr\/wp-content\/uploads\/2015\/07\/Modele-22-\u00b0\u00b02-1536x179.jpg 1536w, https:\/\/geraldbaios.fr\/wp-content\/uploads\/2015\/07\/Modele-22-\u00b0\u00b02-2048x238.jpg 2048w\" sizes=\"auto, (max-width: 800px) 100vw, 800px\" \/> <img loading=\"lazy\" decoding=\"async\" class=\"aligncenter wp-image-41046\" src=\"https:\/\/geraldbaios.fr\/wp-content\/uploads\/2015\/07\/Modele-22-\u00b0\u00b03-1024x642.jpg\" alt=\"\" width=\"301\" height=\"189\" srcset=\"https:\/\/geraldbaios.fr\/wp-content\/uploads\/2015\/07\/Modele-22-\u00b0\u00b03-1024x642.jpg 1024w, https:\/\/geraldbaios.fr\/wp-content\/uploads\/2015\/07\/Modele-22-\u00b0\u00b03-300x188.jpg 300w, https:\/\/geraldbaios.fr\/wp-content\/uploads\/2015\/07\/Modele-22-\u00b0\u00b03-768x481.jpg 768w, https:\/\/geraldbaios.fr\/wp-content\/uploads\/2015\/07\/Modele-22-\u00b0\u00b03-1536x963.jpg 1536w, https:\/\/geraldbaios.fr\/wp-content\/uploads\/2015\/07\/Modele-22-\u00b0\u00b03-2048x1283.jpg 2048w\" sizes=\"auto, (max-width: 301px) 100vw, 301px\" \/><\/p>\n<p><strong>La lame<\/strong>\u00a0en acier tremp\u00e9, puis recuite est de forme triangulaire, les deux pans ext\u00e9rieurs sont munis de deux profondes goutti\u00e8res, la face sup\u00e9rieure est pratiquement plane.<\/p>\n<p style=\"text-align: center;\"><strong><img loading=\"lazy\" decoding=\"async\" class=\"aligncenter wp-image-50622\" src=\"https:\/\/geraldbaios.fr\/wp-content\/uploads\/2025\/11\/IMG_7650-1.jpeg\" alt=\"\" width=\"704\" height=\"110\" srcset=\"https:\/\/geraldbaios.fr\/wp-content\/uploads\/2025\/11\/IMG_7650-1.jpeg 640w, https:\/\/geraldbaios.fr\/wp-content\/uploads\/2025\/11\/IMG_7650-1-300x47.jpeg 300w\" sizes=\"auto, (max-width: 704px) 100vw, 704px\" \/><\/strong><strong><img loading=\"lazy\" decoding=\"async\" class=\"aligncenter wp-image-50613\" src=\"https:\/\/geraldbaios.fr\/wp-content\/uploads\/2025\/11\/IMG_7651.jpeg\" alt=\"\" width=\"404\" height=\"144\" srcset=\"https:\/\/geraldbaios.fr\/wp-content\/uploads\/2025\/11\/IMG_7651.jpeg 640w, https:\/\/geraldbaios.fr\/wp-content\/uploads\/2025\/11\/IMG_7651-300x107.jpeg 300w\" sizes=\"auto, (max-width: 404px) 100vw, 404px\" \/><\/strong><strong>N\u00b0 d&rsquo;arme ? suivi de l&rsquo;ann\u00e9e<\/strong><strong><img loading=\"lazy\" decoding=\"async\" class=\"aligncenter wp-image-50614\" src=\"https:\/\/geraldbaios.fr\/wp-content\/uploads\/2025\/11\/IMG_7652.jpeg\" alt=\"\" width=\"400\" height=\"140\" srcset=\"https:\/\/geraldbaios.fr\/wp-content\/uploads\/2025\/11\/IMG_7652.jpeg 640w, https:\/\/geraldbaios.fr\/wp-content\/uploads\/2025\/11\/IMG_7652-300x105.jpeg 300w\" sizes=\"auto, (max-width: 400px) 100vw, 400px\" \/><\/strong><\/p>\n<p><strong>Le fourreau<\/strong> en cuir de couleur noir \u00e9pouse parfaitement la forme sp\u00e9cifique de la lame, la chape est constitu\u00e9 d&rsquo;un collet \u00e0 tirant blanc typique des mod\u00e8les belges. L&rsquo;extr\u00e9mit\u00e9 est renforc\u00e9e par un bouton sph\u00e9rique en acier, fix\u00e9 ult\u00e9rieurement.<\/p>\n<p>Le fourreau utilis\u00e9 avec cette variante est du m\u00eame type que celui pr\u00e9sent\u00e9 ci-dessus.<\/p>\n<p>Le 10\/11\/25<\/p>\n","protected":false},"excerpt":{"rendered":"<p>Longueur :\u00a0525 mm \u00f8 interne de la douille\u00a0:\u00a021,8 mm Longueur de la douille :\u00a068,2 mm Poids : 345 g Armement :\u00a0fusil mod\u00e8le 1822-42 fran\u00e7ais Valeur :\u00a0\u00a0\u20ac\u20ac\u20ac \u20ac\u00a0avec fourreau Raret\u00e9 :\u00a0 Le fusil fran\u00e7ais mod\u00e8le 1822 a \u00e9t\u00e9 fabriqu\u00e9 avec une platine \u00e0 silex sous Louis-Philippe, a \u00e9t\u00e9 modifi\u00e9 en 1841 \u00e0 percussion au cours de [&hellip;]<\/p>\n","protected":false},"author":1,"featured_media":0,"comment_status":"open","ping_status":"open","sticky":false,"template":"","format":"standard","meta":{"footnotes":""},"categories":[151],"tags":[],"class_list":["post-1295","post","type-post","status-publish","format-standard","hentry","category-liens-n-du-nouvel-abc"],"_links":{"self":[{"href":"https:\/\/geraldbaios.fr\/index.php?rest_route=\/wp\/v2\/posts\/1295","targetHints":{"allow":["GET"]}}],"collection":[{"href":"https:\/\/geraldbaios.fr\/index.php?rest_route=\/wp\/v2\/posts"}],"about":[{"href":"https:\/\/geraldbaios.fr\/index.php?rest_route=\/wp\/v2\/types\/post"}],"author":[{"embeddable":true,"href":"https:\/\/geraldbaios.fr\/index.php?rest_route=\/wp\/v2\/users\/1"}],"replies":[{"embeddable":true,"href":"https:\/\/geraldbaios.fr\/index.php?rest_route=%2Fwp%2Fv2%2Fcomments&post=1295"}],"version-history":[{"count":65,"href":"https:\/\/geraldbaios.fr\/index.php?rest_route=\/wp\/v2\/posts\/1295\/revisions"}],"predecessor-version":[{"id":50638,"href":"https:\/\/geraldbaios.fr\/index.php?rest_route=\/wp\/v2\/posts\/1295\/revisions\/50638"}],"wp:attachment":[{"href":"https:\/\/geraldbaios.fr\/index.php?rest_route=%2Fwp%2Fv2%2Fmedia&parent=1295"}],"wp:term":[{"taxonomy":"category","embeddable":true,"href":"https:\/\/geraldbaios.fr\/index.php?rest_route=%2Fwp%2Fv2%2Fcategories&post=1295"},{"taxonomy":"post_tag","embeddable":true,"href":"https:\/\/geraldbaios.fr\/index.php?rest_route=%2Fwp%2Fv2%2Ftags&post=1295"}],"curies":[{"name":"wp","href":"https:\/\/api.w.org\/{rel}","templated":true}]}}