{"id":1303,"date":"2021-11-30T22:40:49","date_gmt":"2021-11-30T20:40:49","guid":{"rendered":"http:\/\/geraldbaios.fr\/?p=1303"},"modified":"2023-11-17T18:28:05","modified_gmt":"2023-11-17T16:28:05","slug":"baionnette-modele-1895-dinfanterie","status":"publish","type":"post","link":"https:\/\/geraldbaios.fr\/?p=1303","title":{"rendered":"Ba\u00efonnette mod\u00e8le 1895 d&rsquo;infanterie \u00ab\u00a0N 747\u00a0\u00bb"},"content":{"rendered":"<p><img loading=\"lazy\" decoding=\"async\" class=\"aligncenter size-large wp-image-40983\" src=\"https:\/\/geraldbaios.fr\/wp-content\/uploads\/2015\/07\/Modele-1895-\u00b01\u00b01\u00b0-1024x585.jpg\" alt=\"\" width=\"800\" height=\"457\" srcset=\"https:\/\/geraldbaios.fr\/wp-content\/uploads\/2015\/07\/Modele-1895-\u00b01\u00b01\u00b0-1024x585.jpg 1024w, https:\/\/geraldbaios.fr\/wp-content\/uploads\/2015\/07\/Modele-1895-\u00b01\u00b01\u00b0-300x171.jpg 300w, https:\/\/geraldbaios.fr\/wp-content\/uploads\/2015\/07\/Modele-1895-\u00b01\u00b01\u00b0-768x439.jpg 768w, https:\/\/geraldbaios.fr\/wp-content\/uploads\/2015\/07\/Modele-1895-\u00b01\u00b01\u00b0-1536x878.jpg 1536w, https:\/\/geraldbaios.fr\/wp-content\/uploads\/2015\/07\/Modele-1895-\u00b01\u00b01\u00b0-2048x1171.jpg 2048w\" sizes=\"auto, (max-width: 800px) 100vw, 800px\" \/><\/p>\n<p><strong>Longueur :<\/strong>\u00a0480 mm<br \/>\n<strong>\u00f8<\/strong><strong>\u00a0interne\u00a0<\/strong><strong>de la douille<\/strong>\u00a0<strong>:<\/strong><strong>\u00a0<\/strong>13,6\u00a0mm<br \/>\n<strong>Poids :<\/strong> 380 g<\/p>\n<p><strong>Armement : <\/strong>fusil Mannlicher n\u00e9erlandais M-1895, et certaines variantes de carabines<\/p>\n<p><strong>Valeur :<\/strong>\u00a0\u20ac\u20ac\u20ac \u20ac\u20ac<br \/>\n<strong>Raret\u00e9 :<\/strong>\u00a0\u00a0<strong><a href=\"https:\/\/geraldbaios.fr\/wp-content\/uploads\/2015\/02\/che1valier.gif\"><img loading=\"lazy\" decoding=\"async\" class=\" size-full wp-image-294 alignnone\" src=\"https:\/\/geraldbaios.fr\/wp-content\/uploads\/2015\/02\/che1valier.gif\" alt=\"che1valier\" width=\"40\" height=\"30\" \/><\/a><\/strong><strong><a href=\"https:\/\/geraldbaios.fr\/wp-content\/uploads\/2015\/02\/che1valier.gif\"><img loading=\"lazy\" decoding=\"async\" class=\" size-full wp-image-294 alignnone\" src=\"https:\/\/geraldbaios.fr\/wp-content\/uploads\/2015\/02\/che1valier.gif\" alt=\"che1valier\" width=\"40\" height=\"30\" \/><\/a><\/strong><strong><a href=\"https:\/\/geraldbaios.fr\/wp-content\/uploads\/2015\/02\/che1valier.gif\"><img loading=\"lazy\" decoding=\"async\" class=\" size-full wp-image-294 alignnone\" src=\"https:\/\/geraldbaios.fr\/wp-content\/uploads\/2015\/02\/che1valier.gif\" alt=\"che1valier\" width=\"40\" height=\"30\" \/><\/a><\/strong><strong><a href=\"https:\/\/geraldbaios.fr\/wp-content\/uploads\/2015\/02\/che1valier.gif\"><img loading=\"lazy\" decoding=\"async\" class=\" size-full wp-image-294 alignnone\" src=\"https:\/\/geraldbaios.fr\/wp-content\/uploads\/2015\/02\/che1valier.gif\" alt=\"che1valier\" width=\"40\" height=\"30\" \/><\/a><\/strong><strong><a href=\"https:\/\/geraldbaios.fr\/wp-content\/uploads\/2015\/02\/che1valier.gif\"><img loading=\"lazy\" decoding=\"async\" class=\" size-full wp-image-294 alignnone\" src=\"https:\/\/geraldbaios.fr\/wp-content\/uploads\/2015\/02\/che1valier.gif\" alt=\"che1valier\" width=\"40\" height=\"30\" \/><br \/>\n<\/a><\/strong><strong><br \/>\n<\/strong>Le 04 d\u00e9cembre 1895, l&rsquo;arm\u00e9e hollandaise adopte un nouveau fusil (calibre 6,5 x 53,5 R) qui sera utilis\u00e9, en Europe\u00a0jusqu&rsquo;au d\u00e9but de la Seconde Guerre mondiale.<\/p>\n<p>Les premi\u00e8res ba\u00efonnettes fournies, lors de l&rsquo;adoption de ce nouveau fusil poss\u00e9daient toutes un crochet qui sera d\u00e9finitivement supprim\u00e9 du mode de fabrication vers 1900. Initialement, les ba\u00efonnettes ont \u00e9t\u00e9 command\u00e9es \u00e0 trois fournisseurs \u00e9trangers : la Oesterreichische Waffenfabriks Gesellschaft \u00e0 Steyr (<strong>OEWG<\/strong>) jusqu&rsquo;en 1900, Alexander Coppel \u00e0 <a class=\"row-title\" href=\"https:\/\/geraldbaios.fr\/?p=19601\" aria-label=\"\u00ab\u00a0Solingen\u00a0\u00bb (Modifier)\">Solingen<\/a>\u00a0(<strong>AC et une balance<\/strong>) 1900-1905 et la firme Weyersberg &amp; Kirschbaum \u00e0 Solingen (<strong>WK &amp; C<\/strong>) 1900-1905.<\/p>\n<p>En <strong>1904<\/strong>, les hollandais ont fabriqu\u00e9 leurs propres ba\u00efonnettes, toutes d\u00e9pourvues de crochets, \u00e0 l\u2019Arsenal royal des Pays-Bas\u00a0(<strong>HEMBRUG<\/strong>).\u00a0Le Hembrug\u00a0est le nom donn\u00e9 \u00e0 un pont\u00a0tournant construit en 1878 pour franchir le canal de la mer du Nord entre Amsterdam et Zaandan.<\/p>\n<p><img loading=\"lazy\" decoding=\"async\" class=\"aligncenter wp-image-40984\" src=\"https:\/\/geraldbaios.fr\/wp-content\/uploads\/2015\/07\/Modele-1895-\u00b01\u00b02\u00b0-1024x768.jpg\" alt=\"\" width=\"401\" height=\"301\" srcset=\"https:\/\/geraldbaios.fr\/wp-content\/uploads\/2015\/07\/Modele-1895-\u00b01\u00b02\u00b0-1024x768.jpg 1024w, https:\/\/geraldbaios.fr\/wp-content\/uploads\/2015\/07\/Modele-1895-\u00b01\u00b02\u00b0-300x225.jpg 300w, https:\/\/geraldbaios.fr\/wp-content\/uploads\/2015\/07\/Modele-1895-\u00b01\u00b02\u00b0-768x576.jpg 768w, https:\/\/geraldbaios.fr\/wp-content\/uploads\/2015\/07\/Modele-1895-\u00b01\u00b02\u00b0-1536x1152.jpg 1536w, https:\/\/geraldbaios.fr\/wp-content\/uploads\/2015\/07\/Modele-1895-\u00b01\u00b02\u00b0-2048x1536.jpg 2048w\" sizes=\"auto, (max-width: 401px) 100vw, 401px\" \/> <img loading=\"lazy\" decoding=\"async\" class=\"aligncenter wp-image-40985\" src=\"https:\/\/geraldbaios.fr\/wp-content\/uploads\/2015\/07\/Modele-1895-\u00b01\u00b04\u00b0-1024x315.jpg\" alt=\"\" width=\"402\" height=\"124\" srcset=\"https:\/\/geraldbaios.fr\/wp-content\/uploads\/2015\/07\/Modele-1895-\u00b01\u00b04\u00b0-1024x315.jpg 1024w, https:\/\/geraldbaios.fr\/wp-content\/uploads\/2015\/07\/Modele-1895-\u00b01\u00b04\u00b0-300x92.jpg 300w, https:\/\/geraldbaios.fr\/wp-content\/uploads\/2015\/07\/Modele-1895-\u00b01\u00b04\u00b0-768x236.jpg 768w, https:\/\/geraldbaios.fr\/wp-content\/uploads\/2015\/07\/Modele-1895-\u00b01\u00b04\u00b0-1536x472.jpg 1536w, https:\/\/geraldbaios.fr\/wp-content\/uploads\/2015\/07\/Modele-1895-\u00b01\u00b04\u00b0-2048x630.jpg 2048w\" sizes=\"auto, (max-width: 402px) 100vw, 402px\" \/> <img loading=\"lazy\" decoding=\"async\" class=\"aligncenter wp-image-40986\" src=\"https:\/\/geraldbaios.fr\/wp-content\/uploads\/2015\/07\/Modele-1895-\u00b01\u00b05\u00b0-1024x403.jpg\" alt=\"\" width=\"401\" height=\"158\" srcset=\"https:\/\/geraldbaios.fr\/wp-content\/uploads\/2015\/07\/Modele-1895-\u00b01\u00b05\u00b0-1024x403.jpg 1024w, https:\/\/geraldbaios.fr\/wp-content\/uploads\/2015\/07\/Modele-1895-\u00b01\u00b05\u00b0-300x118.jpg 300w, https:\/\/geraldbaios.fr\/wp-content\/uploads\/2015\/07\/Modele-1895-\u00b01\u00b05\u00b0-768x302.jpg 768w, https:\/\/geraldbaios.fr\/wp-content\/uploads\/2015\/07\/Modele-1895-\u00b01\u00b05\u00b0-1536x604.jpg 1536w, https:\/\/geraldbaios.fr\/wp-content\/uploads\/2015\/07\/Modele-1895-\u00b01\u00b05\u00b0-2048x806.jpg 2048w\" sizes=\"auto, (max-width: 401px) 100vw, 401px\" \/> <img loading=\"lazy\" decoding=\"async\" class=\"aligncenter wp-image-40987\" src=\"https:\/\/geraldbaios.fr\/wp-content\/uploads\/2015\/07\/Modele-1895-\u00b01\u00b06\u00b0-1024x295.jpg\" alt=\"\" width=\"402\" height=\"116\" srcset=\"https:\/\/geraldbaios.fr\/wp-content\/uploads\/2015\/07\/Modele-1895-\u00b01\u00b06\u00b0-1024x295.jpg 1024w, https:\/\/geraldbaios.fr\/wp-content\/uploads\/2015\/07\/Modele-1895-\u00b01\u00b06\u00b0-300x87.jpg 300w, https:\/\/geraldbaios.fr\/wp-content\/uploads\/2015\/07\/Modele-1895-\u00b01\u00b06\u00b0-768x222.jpg 768w, https:\/\/geraldbaios.fr\/wp-content\/uploads\/2015\/07\/Modele-1895-\u00b01\u00b06\u00b0-1536x443.jpg 1536w, https:\/\/geraldbaios.fr\/wp-content\/uploads\/2015\/07\/Modele-1895-\u00b01\u00b06\u00b0-2048x591.jpg 2048w\" sizes=\"auto, (max-width: 402px) 100vw, 402px\" \/><img loading=\"lazy\" decoding=\"async\" class=\"aligncenter wp-image-24062\" src=\"https:\/\/geraldbaios.fr\/wp-content\/uploads\/2015\/07\/cfd22f7c6439368ef26f27a0f596b5ea.jpg\" alt=\"\" width=\"399\" height=\"299\" srcset=\"https:\/\/geraldbaios.fr\/wp-content\/uploads\/2015\/07\/cfd22f7c6439368ef26f27a0f596b5ea.jpg 700w, https:\/\/geraldbaios.fr\/wp-content\/uploads\/2015\/07\/cfd22f7c6439368ef26f27a0f596b5ea-300x225.jpg 300w\" sizes=\"auto, (max-width: 399px) 100vw, 399px\" \/><\/p>\n<p><strong>La poign\u00e9e<\/strong>\u00a0est inspir\u00e9e du mod\u00e8le de ba\u00efonnette Britannique 1888, pour fusil Lee Metford. Le\u00a0pommeau sp\u00e9cifique, avec rainure en forme de T, int\u00e8gre la baguette de l&rsquo;arme d&rsquo;environ 70 mm.\u00a0Les plaquettes sont fix\u00e9es entre elles par deux gros rivets en acier soigneusement aras\u00e9s. La croisi\u00e8re des mod\u00e8les produits avant 1900 poss\u00e9dait un crochet qui a ensuite disparu du mode de fabrication.<\/p>\n<p><img loading=\"lazy\" decoding=\"async\" class=\"aligncenter wp-image-22791\" src=\"https:\/\/geraldbaios.fr\/wp-content\/uploads\/2015\/07\/1895-001-03-1024x262.jpg\" alt=\"\" width=\"601\" height=\"154\" srcset=\"https:\/\/geraldbaios.fr\/wp-content\/uploads\/2015\/07\/1895-001-03-1024x262.jpg 1024w, https:\/\/geraldbaios.fr\/wp-content\/uploads\/2015\/07\/1895-001-03-300x77.jpg 300w, https:\/\/geraldbaios.fr\/wp-content\/uploads\/2015\/07\/1895-001-03-768x197.jpg 768w\" sizes=\"auto, (max-width: 601px) 100vw, 601px\" \/><img loading=\"lazy\" decoding=\"async\" class=\"aligncenter wp-image-22792\" src=\"https:\/\/geraldbaios.fr\/wp-content\/uploads\/2015\/07\/1895-001-02-1024x251.jpg\" alt=\"\" width=\"600\" height=\"147\" srcset=\"https:\/\/geraldbaios.fr\/wp-content\/uploads\/2015\/07\/1895-001-02-1024x251.jpg 1024w, https:\/\/geraldbaios.fr\/wp-content\/uploads\/2015\/07\/1895-001-02-300x73.jpg 300w, https:\/\/geraldbaios.fr\/wp-content\/uploads\/2015\/07\/1895-001-02-768x188.jpg 768w\" sizes=\"auto, (max-width: 600px) 100vw, 600px\" \/><\/p>\n<p><strong>La lame <\/strong>de longueur totale de 355 mm, avec dos en forme de T s&rsquo;amincit progressivement, seuls les 115 mm de l&rsquo;extr\u00e9mit\u00e9 poss\u00e8dent un contre-tranchant. Cette lame avec son profil particulier, du fait de sa faible r\u00e9sistance m\u00e9canique \u00e0 l&rsquo;extr\u00e9mit\u00e9 en cas de diverses contraintes \u00e0 tendance \u00e0 se voiler assez facilement. Elle est\u00a0d\u00e9pourvue de tranchant bien pratique pour la pr\u00e9paration d&rsquo;un poste de combat dans les zones bois\u00e9es.<\/p>\n<p style=\"text-align: center;\"><strong><img loading=\"lazy\" decoding=\"async\" class=\"aligncenter wp-image-11132\" src=\"https:\/\/geraldbaios.fr\/wp-content\/uploads\/2015\/07\/1895-004-1024x626.jpg\" alt=\"\" width=\"301\" height=\"184\" srcset=\"https:\/\/geraldbaios.fr\/wp-content\/uploads\/2015\/07\/1895-004-1024x626.jpg 1024w, https:\/\/geraldbaios.fr\/wp-content\/uploads\/2015\/07\/1895-004-300x183.jpg 300w, https:\/\/geraldbaios.fr\/wp-content\/uploads\/2015\/07\/1895-004-768x469.jpg 768w, https:\/\/geraldbaios.fr\/wp-content\/uploads\/2015\/07\/1895-004.jpg 1758w\" sizes=\"auto, (max-width: 301px) 100vw, 301px\" \/>\u00a0Marquage autrichien (OEWG)<img loading=\"lazy\" decoding=\"async\" class=\"CtreTexte aligncenter\" src=\"http:\/\/idata.over-blog.com\/3\/23\/20\/14\/blog\/B1233-3.jpg\" alt=\"B1233-3.jpg\" width=\"300\" height=\"188\" \/><\/strong><strong>Marquage allemand\u00a0Alexander Coppel \u00e0 Solingen (balance et lettre AC)<\/strong><img loading=\"lazy\" decoding=\"async\" class=\"wp-image-11125 aligncenter\" src=\"https:\/\/geraldbaios.fr\/wp-content\/uploads\/2015\/07\/nederland_1895wkc.jpg\" alt=\"\" width=\"301\" height=\"276\" srcset=\"https:\/\/geraldbaios.fr\/wp-content\/uploads\/2015\/07\/nederland_1895wkc.jpg 370w, https:\/\/geraldbaios.fr\/wp-content\/uploads\/2015\/07\/nederland_1895wkc-300x276.jpg 300w\" sizes=\"auto, (max-width: 301px) 100vw, 301px\" \/><strong>Marquage allemand\u00a0Weyersberg &amp; Kirschbaum \u00e0 Solingen (WK &amp; C)<\/strong><a href=\"https:\/\/geraldbaios.fr\/wp-content\/uploads\/2015\/07\/1895-01.jpg\"><img loading=\"lazy\" decoding=\"async\" class=\"aligncenter wp-image-1304\" src=\"https:\/\/geraldbaios.fr\/wp-content\/uploads\/2015\/07\/1895-01.jpg\" alt=\"1895 01\" width=\"301\" height=\"226\" srcset=\"https:\/\/geraldbaios.fr\/wp-content\/uploads\/2015\/07\/1895-01.jpg 800w, https:\/\/geraldbaios.fr\/wp-content\/uploads\/2015\/07\/1895-01-300x225.jpg 300w\" sizes=\"auto, (max-width: 301px) 100vw, 301px\" \/><\/a><strong>Marquage hollandais (HEMBRUG)<\/strong><\/p>\n<p><strong><span class=\"notranslate\">Marquage du fabricant<\/span><\/strong><\/p>\n<p>Le marquage d&rsquo;un des quatre fabricants se situe sur le c\u00f4t\u00e9 gauche de la lame.<\/p>\n<p><img loading=\"lazy\" decoding=\"async\" class=\"aligncenter wp-image-40988\" src=\"https:\/\/geraldbaios.fr\/wp-content\/uploads\/2015\/07\/Modele-1895-\u00b01\u00b07\u00b0-1024x477.jpg\" alt=\"\" width=\"301\" height=\"140\" srcset=\"https:\/\/geraldbaios.fr\/wp-content\/uploads\/2015\/07\/Modele-1895-\u00b01\u00b07\u00b0-1024x477.jpg 1024w, https:\/\/geraldbaios.fr\/wp-content\/uploads\/2015\/07\/Modele-1895-\u00b01\u00b07\u00b0-300x140.jpg 300w, https:\/\/geraldbaios.fr\/wp-content\/uploads\/2015\/07\/Modele-1895-\u00b01\u00b07\u00b0-768x358.jpg 768w, https:\/\/geraldbaios.fr\/wp-content\/uploads\/2015\/07\/Modele-1895-\u00b01\u00b07\u00b0-1536x716.jpg 1536w, https:\/\/geraldbaios.fr\/wp-content\/uploads\/2015\/07\/Modele-1895-\u00b01\u00b07\u00b0-2048x954.jpg 2048w\" sizes=\"auto, (max-width: 301px) 100vw, 301px\" \/> <img loading=\"lazy\" decoding=\"async\" class=\"aligncenter wp-image-40989\" src=\"https:\/\/geraldbaios.fr\/wp-content\/uploads\/2015\/07\/Modele-1895-\u00b01\u00b08\u00b0-1024x615.jpg\" alt=\"\" width=\"301\" height=\"181\" srcset=\"https:\/\/geraldbaios.fr\/wp-content\/uploads\/2015\/07\/Modele-1895-\u00b01\u00b08\u00b0-1024x615.jpg 1024w, https:\/\/geraldbaios.fr\/wp-content\/uploads\/2015\/07\/Modele-1895-\u00b01\u00b08\u00b0-300x180.jpg 300w, https:\/\/geraldbaios.fr\/wp-content\/uploads\/2015\/07\/Modele-1895-\u00b01\u00b08\u00b0-768x461.jpg 768w, https:\/\/geraldbaios.fr\/wp-content\/uploads\/2015\/07\/Modele-1895-\u00b01\u00b08\u00b0-1536x922.jpg 1536w, https:\/\/geraldbaios.fr\/wp-content\/uploads\/2015\/07\/Modele-1895-\u00b01\u00b08\u00b0-2048x1229.jpg 2048w\" sizes=\"auto, (max-width: 301px) 100vw, 301px\" \/><a href=\"https:\/\/geraldbaios.fr\/wp-content\/uploads\/2015\/07\/1895-02.jpg\"><img loading=\"lazy\" decoding=\"async\" class=\"wp-image-1305 aligncenter\" src=\"https:\/\/geraldbaios.fr\/wp-content\/uploads\/2015\/07\/1895-02.jpg\" alt=\"1895 02\" width=\"299\" height=\"224\" srcset=\"https:\/\/geraldbaios.fr\/wp-content\/uploads\/2015\/07\/1895-02.jpg 800w, https:\/\/geraldbaios.fr\/wp-content\/uploads\/2015\/07\/1895-02-300x225.jpg 300w\" sizes=\"auto, (max-width: 299px) 100vw, 299px\" \/><\/a><\/p>\n<p><strong><span class=\"notranslate\">Marquage d&rsquo;inspection\u00a0<\/span><\/strong><\/p>\n<p>Le marquage d&rsquo;inspection se situe sur le c\u00f4t\u00e9 droit de la lame et quelquefois du pommeau, il se compose d&rsquo;une c<span class=\"notranslate\">ouronne au dessus d&rsquo;une lettre \u00a0B, E, H, T, Z, O, S, L, W.<\/span><\/p>\n<p><span class=\"notranslate\">Il a \u00e9t\u00e9 remarqu\u00e9 que beaucoup des ba\u00efonnettes M-1895 fabriqu\u00e9es par le fabricant autrichien OEWG (Steyr) \u00e9taient marqu\u00e9es d\u2019un symbole d\u2019inspection Crown-T et que les fabricants allemands WK &amp; C. et Alexander Coppel \u00e9taient souvent marqu\u00e9s d\u2019un timbre d\u2019inspection Crown-B.<\/span><\/p>\n<ul>\n<li>\n<p align=\"left\"><span class=\"notranslate\"><b>Crown-T<\/b> : <b>KA Br\u00e4uning<\/b> (?) &#8211; Inspecteur de la production du M-95 \u00e0 Steyr (Autriche) du 2-12-1895 au 21-2-1898 pour inspecter le premier chargement du M-95.<\/span> <span class=\"notranslate\">A \u00e9t\u00e9 envoy\u00e9 \u00e0 Steyr \u00e0 nouveau le 8-12-1900.<\/span> <span class=\"notranslate\">Envoyez \u00e0 Solingen le 9-4-1901 pour inspecter une cargaison de ba\u00efonnettes et de gaines M-95 fabriqu\u00e9e par Alex Coppel.<\/span> <span class=\"notranslate\">Apr\u00e8s d&rsquo;autres t\u00e2ches d&rsquo;inspection ailleurs, il demanda (et re\u00e7ut) le remboursement du gouvernement n\u00e9erlandais en 1905, apr\u00e8s avoir invent\u00e9 une mitrailleuse.<\/span> <span class=\"notranslate\">Il obtint une d\u00e9charge honorable en 1907. Plus tard en 1923, Br\u00e4uning offrit un mod\u00e8le \u00e0 l&rsquo;Artillerie Inrichtingen-Hembrug (AI).<\/span><\/p>\n<\/li>\n<li>\n<p align=\"left\"><span class=\"notranslate\"><b>Crown-B<\/b> (police d&rsquo;\u00e9criture): <b>L. Brossois<\/b> &#8211; En 1890, il se rendit \u00e0 Maastricht pour inspecter la conversion des fusils Beaumont-Vitali.<\/span> <span class=\"notranslate\">En 1890, il se rend \u00e0 Li\u00e8ge (Belgique) pour contr\u00f4ler la fabrication de 100 &lsquo;Mareschaussee-Carbines&rsquo; et de leurs ba\u00efonnettes fabriqu\u00e9es par Nagant.<\/span> <span class=\"notranslate\">Il a probablement v\u00e9cu \u00e0 Bruxelles (Belgique).<\/span> <span class=\"notranslate\">Apr\u00e8s plusieurs autres t\u00e2ches d&rsquo;inspection, il fut envoy\u00e9 en 1895 \u00e0 Steyr (Autriche) pour inspecter le premier envoi d&rsquo;armes M-95.<\/span> <span class=\"notranslate\">A exerc\u00e9 plusieurs fonctions d&rsquo;inspection \u00e0 Solingen (Allemagne), Steyr (Autriche) et Seraing (Belgique).<\/span> <span class=\"notranslate\">En 1901, il inspectait encore les pi\u00e8ces M-95.<\/span><\/p>\n<\/li>\n<li>\n<p align=\"left\"><span class=\"notranslate\"><b>Crown-B<\/b> (caract\u00e8res d&rsquo;impression): <b>EB Brossois<\/b> &#8211; On ne sait pas quand il a commenc\u00e9 \u00e0 travailler mais il est inspecteur depuis au moins 1885. A aid\u00e9 L. Brossois \u00e0 plusieurs reprises, notamment \u00e0 Maastricht en 1889 et en 1890 \u00e0 Li\u00e8ge (Belgique) afin de contr\u00f4ler la production de 100 \u00ab\u00a0Mareschaussee-Carbines\u00a0\u00bb et \u00ab\u00a0Cavalry-Carbines\u00a0\u00bb de Nagant.<\/span> <span class=\"notranslate\">En janvier 1894, il se rendit \u00e0 Solingen (Allemagne) et le 28 juillet 1899 \u00e0 Steyr (Autriche) pour inspecter le deuxi\u00e8me envoi d&rsquo;armes M-95.<\/span> <span class=\"notranslate\">En 1907, il demande la nationalit\u00e9 n\u00e9erlandaise.<\/span> <span class=\"notranslate\">En 1913, il s&rsquo;est rendu \u00e0 Alex Coppel (Allemagne) pour inspecter les Klewangs et les fourreaux et a proc\u00e9d\u00e9 de la m\u00eame mani\u00e8re \u00e0 Eickhorn (Allemagne) en 1913\/14 avec l&rsquo;inspecteur Wiersma (couronne-Z).<\/span><\/p>\n<\/li>\n<li>\n<p align=\"left\"><span class=\"notranslate\"><b>Crown-E<\/b> : <b>MA v \/ d Ende<\/b> &#8211; trouv\u00e9 sur des ba\u00efonnettes fabriqu\u00e9es par Hembrug,\u00a0<\/span><span class=\"notranslate\">\u00e9ventuellement actif avant 1912\/1913.<\/span><\/p>\n<\/li>\n<li>\n<p align=\"left\"><span class=\"notranslate\"><b>Crown-H<\/b> : <b>JC Harnas<\/b> &#8211; trouv\u00e9 sur les ba\u00efonnettes marqu\u00e9es Hembrug, c<\/span><span class=\"notranslate\">ependant, il est possible que ces ba\u00efonnettes avec\u00a0<\/span><span class=\"notranslate\">les marques d&rsquo;inspection de la couronne-H ont \u00e9t\u00e9 faites pendant la 1\u00e8re Guerre mondiale<\/span><br \/>\n<span class=\"notranslate\">dans les anciens ateliers de construction d\u2019artillerie \u00e0 Delft (NL).\u00a0<\/span><\/p>\n<\/li>\n<li>\n<p align=\"left\"><span class=\"notranslate\"><b>Crown-S<\/b> : <b>Stratemaker<\/b> &#8211; trouv\u00e9 sur des ba\u00efonnettes fabriqu\u00e9es par Hembrug\u00a0<\/span><span class=\"notranslate\">vers 1912\/1913.<\/span><\/p>\n<\/li>\n<li>\n<p align=\"left\"><span class=\"notranslate\"><b>Crown-Z<\/b> : <b>Wiersma<\/b> &#8211; \u00e9tait actif\u00a0<\/span><span class=\"notranslate\">\u00e0 travers la 1\u00e8re Guerre mondiale.<\/span><\/p>\n<\/li>\n<li>\n<p align=\"left\"><span class=\"notranslate\"><b>Crown-O<\/b> : <b>BJ Overbeek<\/b> (?) &#8211; Ma\u00eetre Riflemaker dans le R\u00e9giment Grenadiers &amp; Jagers.<\/span><span class=\"notranslate\">En 1889, convoqu\u00e9 pour \u00eatre form\u00e9 en tant qu&rsquo;inspecteur temporaire.<\/span> <span class=\"notranslate\">En date du 23-9-1889, inspecteur \u00e0 Maastricht (Pays-Bas).<\/span> <span class=\"notranslate\">Le 21-8-1890, il est licenci\u00e9 en tant qu&rsquo;inspecteur temporaire et renvoy\u00e9 dans son r\u00e9giment.<\/span> <span class=\"notranslate\">Le 2-12-1895, embauch\u00e9 \u00e0 nouveau comme inspecteur temporaire \u00e0 Delft (Pays-Bas) et le 30-3-1896, envoy\u00e9 \u00e0 Steyr (Autriche) pour contr\u00f4ler la production de M-95.<\/span> <span class=\"notranslate\">Renvoy\u00e9 et renvoy\u00e9 au r\u00e9giment \u00e0 Den Hague (Pays-Bas) le 24-3-1898.<\/span><\/p>\n<\/li>\n<li>\n<p align=\"left\"><span class=\"notranslate\"><b>Crown-L<\/b> : <b>Wiersma<\/b> &#8211; \u00e9tait actif\u00a0<\/span><span class=\"notranslate\">\u00e0 travers la 1\u00e8re guerre mondiale.<\/span><\/p>\n<\/li>\n<li>\n<p align=\"left\"><span class=\"notranslate\"><b>Crown-W<\/b> : <b>Wiersma<\/b> &#8211; a apparemment succ\u00e9d\u00e9 \u00e0 O et \u00e9tait actif\u00a0<\/span><span class=\"notranslate\">\u00e0 travers la 1\u00e8re Guerre mondiale.<\/span><\/p>\n<\/li>\n<\/ul>\n<p style=\"text-align: center;\"><img loading=\"lazy\" decoding=\"async\" class=\"aligncenter wp-image-11134\" src=\"https:\/\/geraldbaios.fr\/wp-content\/uploads\/2015\/07\/1895-006-826x1024.jpg\" alt=\"\" width=\"302\" height=\"374\" srcset=\"https:\/\/geraldbaios.fr\/wp-content\/uploads\/2015\/07\/1895-006-826x1024.jpg 826w, https:\/\/geraldbaios.fr\/wp-content\/uploads\/2015\/07\/1895-006-242x300.jpg 242w, https:\/\/geraldbaios.fr\/wp-content\/uploads\/2015\/07\/1895-006-768x953.jpg 768w, https:\/\/geraldbaios.fr\/wp-content\/uploads\/2015\/07\/1895-006.jpg 1998w\" sizes=\"auto, (max-width: 302px) 100vw, 302px\" \/><\/p>\n<p><strong>Le fourreau <\/strong>en cuir de couleur brune, d\u00e9pourvu de cuvette d&rsquo;entr\u00e9e en acier, il s&rsquo;amincit progressivement jusqu&rsquo;\u00e0 son extr\u00e9mit\u00e9. Une bouterole en acier soigneusement maintenue par un c\u00e2ble en cuivre ou en alliage renforce l&rsquo;extr\u00e9mit\u00e9.<\/p>\n<p><img loading=\"lazy\" decoding=\"async\" class=\"aligncenter wp-image-11130\" src=\"https:\/\/geraldbaios.fr\/wp-content\/uploads\/2015\/07\/1895-002-1024x601.jpg\" alt=\"\" width=\"599\" height=\"352\" srcset=\"https:\/\/geraldbaios.fr\/wp-content\/uploads\/2015\/07\/1895-002-1024x601.jpg 1024w, https:\/\/geraldbaios.fr\/wp-content\/uploads\/2015\/07\/1895-002-300x176.jpg 300w, https:\/\/geraldbaios.fr\/wp-content\/uploads\/2015\/07\/1895-002-768x451.jpg 768w\" sizes=\"auto, (max-width: 599px) 100vw, 599px\" \/><\/p>\n<p><strong>Le porte-fourreau <\/strong>attel\u00e9 est maintenu au corps par neuf rivets en laiton. Deux rivets sont utilis\u00e9s pour la fixation de\u00a0la sangle de maintien de la poign\u00e9e de la ba\u00efonnette et trois rivets pour former la boucle de ceinturon. La plupart sont marqu\u00e9s avec le m\u00eame num\u00e9ro de s\u00e9rie que la ba\u00efonnette, mais sans chiffre. Il est aussi possible de rencontrer les marquages\u00a0<strong>AI<\/strong> (Artillerie Inrichtingen) ou <strong>CW<\/strong> (Centrale Werkplaats).<\/p>\n<p>Si un fourreau endommag\u00e9 devait \u00eatre r\u00e9par\u00e9, le fourreau complet \u00e9tait envoy\u00e9 \u00e0 l&rsquo;arsenal, le militaire concern\u00e9 recevait un fourreau de remplacement. Une fois que le fourreau \u00e9tait remis en \u00e9tat, l&rsquo;ancien num\u00e9ro de s\u00e9rie \u00e9tait ray\u00e9 et un nouveau num\u00e9ro de s\u00e9rie identique au num\u00e9ro de la ba\u00efonnette du nouveau propri\u00e9taires \u00e9tait estampill\u00e9 \u00e0 l&rsquo;arri\u00e8re du cuir.<\/p>\n<p><strong>P\u00e9riode d&rsquo;utilisation :<br \/>\n<\/strong>Ces ba\u00efonnettes ont \u00e9t\u00e9 utilis\u00e9es au combat durant une tr\u00e8s courte p\u00e9riode du 10 au 17 mai 1940 par les forces n\u00e9erlandaises, et ensuite r\u00e9cup\u00e9r\u00e9es apr\u00e8s raccourcissement par les allemands.<time class=\"nowrap date-lien\" datetime=\"1940-05-17\" data-sort-value=\"1940-05-17\"><\/time><\/p>\n<p style=\"text-align: left;\">Selon un document allemand original dat\u00e9 du 23 novembre 1942, <strong>les allemands<\/strong> ont renomm\u00e9 la ba\u00efonnette \u00ab\u00a0fusil\u00a0\u00bb M-1895 et l&rsquo;ont appel\u00e9e Seitengewehr 102 (h). Ce document mentionnait que les lames M-1895 devaient \u00eatre raccourcies \u00e0 280 mm ainsi que leurs fourreaux en cuir.<\/p>\n<p style=\"text-align: left;\">Seule la lame de la ba\u00efonnette du M-1895 \u00ab\u00a0Rifle\u00a0\u00bb (sans crochet) a \u00e9t\u00e9 raccourcie \u00e0 environ 280 mm par les Allemands, (Seitengewehr 102 (h)). La ba\u00efonnette \u00a0M-1895 (avec crochet) dans sa longueur d&rsquo;origine a \u00e9t\u00e9 nomm\u00e9e Seitengewehr 101 (h).<\/p>\n<p>Aper\u00e7u des noms allemands de la Seconde Guerre mondiale pour les ba\u00efonnettes n\u00e9erlandaises M1895:<\/p>\n<p><strong>Seitengewehr 101 (h)<\/strong> = M-1895 ba\u00efonnette \u00ab\u00a0rifle\u00a0\u00bb (avec crochet)<br \/>\n<strong>Seitengewehr 102 (h)<\/strong> = M-1895 ba\u00efonnette \u00ab\u00a0rifle\u00a0\u00bb (sans crochet)<\/p>\n<p>Le fusil est rest\u00e9 dans le service colonial au moins jusqu&rsquo;en 1955, o\u00f9 il \u00e9tait utilis\u00e9 par la police du Suriname.<\/p>\n<p><strong><span style=\"color: #000000;\">Avis personnel sur\u00a0<span style=\"caret-color: #000000;\">l&rsquo;attrait de ce mod\u00e8le<\/span>\u00a0:<br \/>\n<\/span><\/strong>Personnellement, tous les mod\u00e8les avec fourreaux en cuir poss\u00e8dent un attrait dans une collection, celui avec crochet est particuli\u00e8rement int\u00e9ressent, car rarement rencontr\u00e9.<\/p>\n<p>Le 06\/06\/21.<\/p>\n","protected":false},"excerpt":{"rendered":"<p>Longueur :\u00a0480 mm \u00f8\u00a0interne\u00a0de la douille\u00a0:\u00a013,6\u00a0mm Poids : 380 g Armement : fusil Mannlicher n\u00e9erlandais M-1895, et certaines variantes de carabines Valeur :\u00a0\u20ac\u20ac\u20ac \u20ac\u20ac Raret\u00e9 :\u00a0\u00a0 Le 04 d\u00e9cembre 1895, l&rsquo;arm\u00e9e hollandaise adopte un nouveau fusil (calibre 6,5 x 53,5 R) qui sera utilis\u00e9, en Europe\u00a0jusqu&rsquo;au d\u00e9but de la Seconde Guerre mondiale. Les premi\u00e8res ba\u00efonnettes [&hellip;]<\/p>\n","protected":false},"author":1,"featured_media":0,"comment_status":"open","ping_status":"open","sticky":false,"template":"","format":"standard","meta":{"footnotes":""},"categories":[151],"tags":[],"class_list":["post-1303","post","type-post","status-publish","format-standard","hentry","category-liens-n-du-nouvel-abc"],"_links":{"self":[{"href":"https:\/\/geraldbaios.fr\/index.php?rest_route=\/wp\/v2\/posts\/1303","targetHints":{"allow":["GET"]}}],"collection":[{"href":"https:\/\/geraldbaios.fr\/index.php?rest_route=\/wp\/v2\/posts"}],"about":[{"href":"https:\/\/geraldbaios.fr\/index.php?rest_route=\/wp\/v2\/types\/post"}],"author":[{"embeddable":true,"href":"https:\/\/geraldbaios.fr\/index.php?rest_route=\/wp\/v2\/users\/1"}],"replies":[{"embeddable":true,"href":"https:\/\/geraldbaios.fr\/index.php?rest_route=%2Fwp%2Fv2%2Fcomments&post=1303"}],"version-history":[{"count":139,"href":"https:\/\/geraldbaios.fr\/index.php?rest_route=\/wp\/v2\/posts\/1303\/revisions"}],"predecessor-version":[{"id":47375,"href":"https:\/\/geraldbaios.fr\/index.php?rest_route=\/wp\/v2\/posts\/1303\/revisions\/47375"}],"wp:attachment":[{"href":"https:\/\/geraldbaios.fr\/index.php?rest_route=%2Fwp%2Fv2%2Fmedia&parent=1303"}],"wp:term":[{"taxonomy":"category","embeddable":true,"href":"https:\/\/geraldbaios.fr\/index.php?rest_route=%2Fwp%2Fv2%2Fcategories&post=1303"},{"taxonomy":"post_tag","embeddable":true,"href":"https:\/\/geraldbaios.fr\/index.php?rest_route=%2Fwp%2Fv2%2Ftags&post=1303"}],"curies":[{"name":"wp","href":"https:\/\/api.w.org\/{rel}","templated":true}]}}