{"id":1333,"date":"2023-04-16T17:05:15","date_gmt":"2023-04-16T15:05:15","guid":{"rendered":"http:\/\/geraldbaios.fr\/?p=1333"},"modified":"2024-10-16T17:56:57","modified_gmt":"2024-10-16T15:56:57","slug":"baionnette-modele-1895-de-cavalerie-2","status":"publish","type":"post","link":"https:\/\/geraldbaios.fr\/?p=1333","title":{"rendered":"Ba\u00efonnette M-1895 de cavalerie raccourcie Seitengewehr (104 h)"},"content":{"rendered":"<p><a href=\"https:\/\/geraldbaios.fr\/wp-content\/uploads\/2015\/07\/Pays-Bas-cavalerie-1895-01.jpg\"><img loading=\"lazy\" decoding=\"async\" class=\"aligncenter size-large wp-image-40951\" src=\"https:\/\/geraldbaios.fr\/wp-content\/uploads\/2015\/07\/Modele-1895-\u00b01\u00b01-1024x317.jpg\" alt=\"\" width=\"800\" height=\"248\" srcset=\"https:\/\/geraldbaios.fr\/wp-content\/uploads\/2015\/07\/Modele-1895-\u00b01\u00b01-1024x317.jpg 1024w, https:\/\/geraldbaios.fr\/wp-content\/uploads\/2015\/07\/Modele-1895-\u00b01\u00b01-300x93.jpg 300w, https:\/\/geraldbaios.fr\/wp-content\/uploads\/2015\/07\/Modele-1895-\u00b01\u00b01-768x238.jpg 768w, https:\/\/geraldbaios.fr\/wp-content\/uploads\/2015\/07\/Modele-1895-\u00b01\u00b01-1536x475.jpg 1536w, https:\/\/geraldbaios.fr\/wp-content\/uploads\/2015\/07\/Modele-1895-\u00b01\u00b01-2048x634.jpg 2048w\" sizes=\"auto, (max-width: 800px) 100vw, 800px\" \/><\/a><\/p>\n<p><strong>Longueur :<\/strong>\u00a0400 mm pour ce mod\u00e8le<br \/>\n<strong>\u00f8<\/strong><strong>\u00a0interne\u00a0<\/strong><strong>de la douille<\/strong>\u00a0<strong>:<\/strong><strong>\u00a0<\/strong>13,6\u00a0mm<\/p>\n<p><strong>Armement\u00a0: <\/strong>Carabine Mannlicher n\u00e9erlandais n\u00b03 et n\u00b04<\/p>\n<p>Le 04 d\u00e9cembre 1895, l&rsquo;arm\u00e9e hollandaise adopte un nouveau fusil (calibre 6,5 x 53,5 R) qui sera utilis\u00e9, en Europe\u00a0jusqu&rsquo;au d\u00e9but de la Seconde Guerre mondiale. Apr\u00e8s l&rsquo;invasion allemande des Pays-Bas (mai 1940), de nombreuses carabines\u00a0mod\u00e8le\u00a0n\u00b03 et n\u00b04 furent r\u00e9cup\u00e9r\u00e9es et r\u00e9utilis\u00e9es.<\/p>\n<p style=\"text-align: left;\"><strong>Valeur :<\/strong>\u00a0\u20ac\u20ac\u20ac \u20ac\u20ac<strong><br \/>\n<\/strong><strong>Raret\u00e9 :<\/strong>\u00a0\u00a0<strong><a href=\"https:\/\/geraldbaios.fr\/wp-content\/uploads\/2015\/02\/che1valier.gif\"><img loading=\"lazy\" decoding=\"async\" class=\" size-full wp-image-294 alignnone\" src=\"https:\/\/geraldbaios.fr\/wp-content\/uploads\/2015\/02\/che1valier.gif\" alt=\"che1valier\" width=\"40\" height=\"30\" \/><\/a><\/strong><strong><a href=\"https:\/\/geraldbaios.fr\/wp-content\/uploads\/2015\/02\/che1valier.gif\"><img loading=\"lazy\" decoding=\"async\" class=\" size-full wp-image-294 alignnone\" src=\"https:\/\/geraldbaios.fr\/wp-content\/uploads\/2015\/02\/che1valier.gif\" alt=\"che1valier\" width=\"40\" height=\"30\" \/><\/a><\/strong><strong><a href=\"https:\/\/geraldbaios.fr\/wp-content\/uploads\/2015\/02\/che1valier.gif\"><img loading=\"lazy\" decoding=\"async\" class=\" size-full wp-image-294 alignnone\" src=\"https:\/\/geraldbaios.fr\/wp-content\/uploads\/2015\/02\/che1valier.gif\" alt=\"che1valier\" width=\"40\" height=\"30\" \/><\/a><\/strong><strong><a href=\"https:\/\/geraldbaios.fr\/wp-content\/uploads\/2015\/02\/che1valier.gif\"><img loading=\"lazy\" decoding=\"async\" class=\" size-full wp-image-294 alignnone\" src=\"https:\/\/geraldbaios.fr\/wp-content\/uploads\/2015\/02\/che1valier.gif\" alt=\"che1valier\" width=\"40\" height=\"30\" \/><\/a><\/strong><strong><a href=\"https:\/\/geraldbaios.fr\/wp-content\/uploads\/2015\/02\/che1valier.gif\"><img loading=\"lazy\" decoding=\"async\" class=\" size-full wp-image-294 alignnone\" src=\"https:\/\/geraldbaios.fr\/wp-content\/uploads\/2015\/02\/che1valier.gif\" alt=\"che1valier\" width=\"40\" height=\"30\" \/><br \/>\n<\/a><\/strong><\/p>\n<p style=\"text-align: left;\">Ce mod\u00e8le qui d&rsquo;origine mesurait 607 mm, peu fonctionnel a \u00e9t\u00e9 raccourci et fourni aux volontaires n\u00e9erlandais qui avaient rejoint l&rsquo;arm\u00e9e allemande (SS-Westland Regiment) et d&rsquo;autres r\u00e9giments allemands. Il est \u00e0 noter que plusieurs profils de coupe de lame existent et leurs longueurs peuvent varier l\u00e9g\u00e8rement. Deux constructeurs ont produit ces ba\u00efonnettes, Alexander Coppel \u00e0 Solingen (balance et lettre AC) Allemagne, et (Hembrug) Pays-Bas.<\/p>\n<p><img loading=\"lazy\" decoding=\"async\" class=\"aligncenter wp-image-40954\" src=\"https:\/\/geraldbaios.fr\/wp-content\/uploads\/2015\/07\/Modele-1895-\u00b01\u00b02-1024x467.jpg\" alt=\"\" width=\"401\" height=\"183\" srcset=\"https:\/\/geraldbaios.fr\/wp-content\/uploads\/2015\/07\/Modele-1895-\u00b01\u00b02-1024x467.jpg 1024w, https:\/\/geraldbaios.fr\/wp-content\/uploads\/2015\/07\/Modele-1895-\u00b01\u00b02-300x137.jpg 300w, https:\/\/geraldbaios.fr\/wp-content\/uploads\/2015\/07\/Modele-1895-\u00b01\u00b02-768x350.jpg 768w, https:\/\/geraldbaios.fr\/wp-content\/uploads\/2015\/07\/Modele-1895-\u00b01\u00b02-1536x701.jpg 1536w, https:\/\/geraldbaios.fr\/wp-content\/uploads\/2015\/07\/Modele-1895-\u00b01\u00b02-2048x935.jpg 2048w\" sizes=\"auto, (max-width: 401px) 100vw, 401px\" \/> <img loading=\"lazy\" decoding=\"async\" class=\"aligncenter wp-image-40955\" src=\"https:\/\/geraldbaios.fr\/wp-content\/uploads\/2015\/07\/Modele-1895-\u00b01\u00b03-1024x353.jpg\" alt=\"\" width=\"400\" height=\"138\" srcset=\"https:\/\/geraldbaios.fr\/wp-content\/uploads\/2015\/07\/Modele-1895-\u00b01\u00b03-1024x353.jpg 1024w, https:\/\/geraldbaios.fr\/wp-content\/uploads\/2015\/07\/Modele-1895-\u00b01\u00b03-300x103.jpg 300w, https:\/\/geraldbaios.fr\/wp-content\/uploads\/2015\/07\/Modele-1895-\u00b01\u00b03-768x264.jpg 768w, https:\/\/geraldbaios.fr\/wp-content\/uploads\/2015\/07\/Modele-1895-\u00b01\u00b03-1536x529.jpg 1536w, https:\/\/geraldbaios.fr\/wp-content\/uploads\/2015\/07\/Modele-1895-\u00b01\u00b03-2048x705.jpg 2048w\" sizes=\"auto, (max-width: 400px) 100vw, 400px\" \/> <img loading=\"lazy\" decoding=\"async\" class=\"aligncenter wp-image-40956\" src=\"https:\/\/geraldbaios.fr\/wp-content\/uploads\/2015\/07\/Modele-1895-\u00b01\u00b04-1024x482.jpg\" alt=\"\" width=\"399\" height=\"188\" srcset=\"https:\/\/geraldbaios.fr\/wp-content\/uploads\/2015\/07\/Modele-1895-\u00b01\u00b04-1024x482.jpg 1024w, https:\/\/geraldbaios.fr\/wp-content\/uploads\/2015\/07\/Modele-1895-\u00b01\u00b04-300x141.jpg 300w, https:\/\/geraldbaios.fr\/wp-content\/uploads\/2015\/07\/Modele-1895-\u00b01\u00b04-768x362.jpg 768w, https:\/\/geraldbaios.fr\/wp-content\/uploads\/2015\/07\/Modele-1895-\u00b01\u00b04-1536x723.jpg 1536w, https:\/\/geraldbaios.fr\/wp-content\/uploads\/2015\/07\/Modele-1895-\u00b01\u00b04-2048x964.jpg 2048w\" sizes=\"auto, (max-width: 399px) 100vw, 399px\" \/> <img loading=\"lazy\" decoding=\"async\" class=\"aligncenter wp-image-40957\" src=\"https:\/\/geraldbaios.fr\/wp-content\/uploads\/2015\/07\/Modele-1895-\u00b01\u00b05-1024x378.jpg\" alt=\"\" width=\"401\" height=\"148\" srcset=\"https:\/\/geraldbaios.fr\/wp-content\/uploads\/2015\/07\/Modele-1895-\u00b01\u00b05-1024x378.jpg 1024w, https:\/\/geraldbaios.fr\/wp-content\/uploads\/2015\/07\/Modele-1895-\u00b01\u00b05-300x111.jpg 300w, https:\/\/geraldbaios.fr\/wp-content\/uploads\/2015\/07\/Modele-1895-\u00b01\u00b05-768x284.jpg 768w, https:\/\/geraldbaios.fr\/wp-content\/uploads\/2015\/07\/Modele-1895-\u00b01\u00b05-1536x567.jpg 1536w, https:\/\/geraldbaios.fr\/wp-content\/uploads\/2015\/07\/Modele-1895-\u00b01\u00b05-2048x756.jpg 2048w\" sizes=\"auto, (max-width: 401px) 100vw, 401px\" \/><a href=\"https:\/\/geraldbaios.fr\/wp-content\/uploads\/2015\/07\/Pays-Bas-cavalerie-1895-03.jpg\"><img loading=\"lazy\" decoding=\"async\" class=\"aligncenter wp-image-40958\" src=\"https:\/\/geraldbaios.fr\/wp-content\/uploads\/2015\/07\/Modele-1895-\u00b01\u00b06-735x1024.jpg\" alt=\"\" width=\"201\" height=\"280\" srcset=\"https:\/\/geraldbaios.fr\/wp-content\/uploads\/2015\/07\/Modele-1895-\u00b01\u00b06-735x1024.jpg 735w, https:\/\/geraldbaios.fr\/wp-content\/uploads\/2015\/07\/Modele-1895-\u00b01\u00b06-215x300.jpg 215w, https:\/\/geraldbaios.fr\/wp-content\/uploads\/2015\/07\/Modele-1895-\u00b01\u00b06-768x1070.jpg 768w, https:\/\/geraldbaios.fr\/wp-content\/uploads\/2015\/07\/Modele-1895-\u00b01\u00b06-1103x1536.jpg 1103w, https:\/\/geraldbaios.fr\/wp-content\/uploads\/2015\/07\/Modele-1895-\u00b01\u00b06.jpg 1140w\" sizes=\"auto, (max-width: 201px) 100vw, 201px\" \/><\/a><\/p>\n<p><strong>La poign\u00e9e<\/strong>\u00a0avec son pommeau atypique tourn\u00e9 d&rsquo;un quart (1\/4) a sp\u00e9cialement \u00e9t\u00e9 con\u00e7ue pour la carabine de cavalerie n\u00b0 3, afin d&rsquo;\u00e9viter que le bouton de verrouillage de la ba\u00efonnette fix\u00e9e \u00e0 l&rsquo;arme endommage les v\u00eatements du soldat. Le\u00a0pommeau avec rainure en forme de T, int\u00e8gre la baguette de l&rsquo;arme d&rsquo;environ 40 mm. Les plaquettes sont maintenues entre elles par deux gros rivets en acier soigneusement aras\u00e9s. La croisi\u00e8re des mod\u00e8les produits avant 1900 est pourvue d&rsquo;un crochet, il a ensuite disparu du mode de fabrication.<\/p>\n<p><a href=\"https:\/\/geraldbaios.fr\/wp-content\/uploads\/2015\/07\/Pays-Bas-cavalerie-1895-05.jpg\"><img loading=\"lazy\" decoding=\"async\" class=\"aligncenter wp-image-1315\" src=\"https:\/\/geraldbaios.fr\/wp-content\/uploads\/2015\/07\/Pays-Bas-cavalerie-1895-05-1024x341.jpg\" alt=\"Pays-Bas cavalerie 1895 05\" width=\"499\" height=\"166\" srcset=\"https:\/\/geraldbaios.fr\/wp-content\/uploads\/2015\/07\/Pays-Bas-cavalerie-1895-05-1024x341.jpg 1024w, https:\/\/geraldbaios.fr\/wp-content\/uploads\/2015\/07\/Pays-Bas-cavalerie-1895-05-300x100.jpg 300w\" sizes=\"auto, (max-width: 499px) 100vw, 499px\" \/><\/a><\/p>\n<p><strong>La lame <\/strong>apr\u00e8s\u00a0raccourcissement adopte un profil massif et tr\u00e8s disgracieux, elle est d\u00e9pourvue de tranchant.<\/p>\n<p style=\"text-align: center;\"><img loading=\"lazy\" decoding=\"async\" class=\"aligncenter wp-image-40961\" src=\"https:\/\/geraldbaios.fr\/wp-content\/uploads\/2015\/07\/Modele-1895-\u00b01\u00b08-1024x527.jpg\" alt=\"\" width=\"301\" height=\"155\" srcset=\"https:\/\/geraldbaios.fr\/wp-content\/uploads\/2015\/07\/Modele-1895-\u00b01\u00b08-1024x527.jpg 1024w, https:\/\/geraldbaios.fr\/wp-content\/uploads\/2015\/07\/Modele-1895-\u00b01\u00b08-300x154.jpg 300w, https:\/\/geraldbaios.fr\/wp-content\/uploads\/2015\/07\/Modele-1895-\u00b01\u00b08-768x395.jpg 768w, https:\/\/geraldbaios.fr\/wp-content\/uploads\/2015\/07\/Modele-1895-\u00b01\u00b08.jpg 1222w\" sizes=\"auto, (max-width: 301px) 100vw, 301px\" \/><strong>Marquage hollandais (HEMBRUG)<\/strong><strong><img loading=\"lazy\" decoding=\"async\" class=\"CtreTexte aligncenter\" src=\"http:\/\/idata.over-blog.com\/3\/23\/20\/14\/blog\/B1233-3.jpg\" alt=\"B1233-3.jpg\" width=\"298\" height=\"187\" \/><\/strong><strong>Marquage allemand\u00a0Alexander Coppel \u00e0 Solingen (balance et lettre AC)<\/strong><\/p>\n<p><strong><span class=\"notranslate\">Marquage du fabricant :<\/span><\/strong><\/p>\n<p>Le marquage des deux fabricants se situe sur le c\u00f4t\u00e9 gauche de la lame.<\/p>\n<p><img loading=\"lazy\" decoding=\"async\" class=\"aligncenter wp-image-40962\" src=\"https:\/\/geraldbaios.fr\/wp-content\/uploads\/2015\/07\/Modele-1895-\u00b01\u00b07.jpg\" alt=\"\" width=\"302\" height=\"109\" srcset=\"https:\/\/geraldbaios.fr\/wp-content\/uploads\/2015\/07\/Modele-1895-\u00b01\u00b07.jpg 901w, https:\/\/geraldbaios.fr\/wp-content\/uploads\/2015\/07\/Modele-1895-\u00b01\u00b07-300x108.jpg 300w, https:\/\/geraldbaios.fr\/wp-content\/uploads\/2015\/07\/Modele-1895-\u00b01\u00b07-768x277.jpg 768w\" sizes=\"auto, (max-width: 302px) 100vw, 302px\" \/><img loading=\"lazy\" decoding=\"async\" class=\"wp-image-11131 aligncenter\" src=\"https:\/\/geraldbaios.fr\/wp-content\/uploads\/2015\/07\/1895-003-1024x520.jpg\" alt=\"\" width=\"301\" height=\"153\" srcset=\"https:\/\/geraldbaios.fr\/wp-content\/uploads\/2015\/07\/1895-003-1024x520.jpg 1024w, https:\/\/geraldbaios.fr\/wp-content\/uploads\/2015\/07\/1895-003-300x152.jpg 300w, https:\/\/geraldbaios.fr\/wp-content\/uploads\/2015\/07\/1895-003-768x390.jpg 768w, https:\/\/geraldbaios.fr\/wp-content\/uploads\/2015\/07\/1895-003.jpg 1866w\" sizes=\"auto, (max-width: 301px) 100vw, 301px\" \/><\/p>\n<p><span class=\"notranslate\"><strong>Marquage d&rsquo;inspection<\/strong>\u00a0:<\/span><\/p>\n<p>Le marquage d&rsquo;inspection se situe sur le c\u00f4t\u00e9 droit de la lame, il se compose d&rsquo;une c<span class=\"notranslate\">ouronne au dessus d&rsquo;une lettre \u00a0B, E, H, T, Z, O, S, L, W (et une couronne sans lettre).<\/span><\/p>\n<p><span class=\"notranslate\">Il a \u00e9t\u00e9 remarqu\u00e9 que beaucoup des ba\u00efonnettes M-1895 fabriqu\u00e9es par le fabricant autrichien OEWG (Steyr) \u00e9taient marqu\u00e9es d\u2019un symbole d\u2019inspection Crown-T et que les fabricants allemands WK &amp; C. et Alexander Coppel \u00e9taient souvent marqu\u00e9s d\u2019un timbre d\u2019inspection Crown-B. Voir <a href=\"https:\/\/geraldbaios.fr\/?p=1303\">Ba\u00efonnette M-1895 (infanterie)<\/a>.<\/span><\/p>\n<p><a href=\"https:\/\/geraldbaios.fr\/wp-content\/uploads\/2015\/07\/Pays-Bas-cavalerie-1895-06.jpg\"><img loading=\"lazy\" decoding=\"async\" class=\"aligncenter wp-image-1316\" src=\"https:\/\/geraldbaios.fr\/wp-content\/uploads\/2015\/07\/Pays-Bas-cavalerie-1895-06-1024x479.jpg\" alt=\"Pays-Bas cavalerie 1895 06\" width=\"500\" height=\"234\" srcset=\"https:\/\/geraldbaios.fr\/wp-content\/uploads\/2015\/07\/Pays-Bas-cavalerie-1895-06-1024x479.jpg 1024w, https:\/\/geraldbaios.fr\/wp-content\/uploads\/2015\/07\/Pays-Bas-cavalerie-1895-06-300x140.jpg 300w\" sizes=\"auto, (max-width: 500px) 100vw, 500px\" \/><\/a><\/p>\n<p><strong>Le fourreau,\u00a0<\/strong>en cuir de couleur brune,lui aussi raccourci est d\u00e9pourvu de cuvette d&rsquo;entr\u00e9e en acier, l&rsquo;extr\u00e9mit\u00e9 est simplement ferm\u00e9e par points de couture.<\/p>\n<p style=\"text-align: center;\"><img loading=\"lazy\" decoding=\"async\" class=\"aligncenter wp-image-24118\" src=\"https:\/\/geraldbaios.fr\/wp-content\/uploads\/2015\/07\/Fourreaux-001-1024x551.jpg\" alt=\"\" width=\"400\" height=\"215\" srcset=\"https:\/\/geraldbaios.fr\/wp-content\/uploads\/2015\/07\/Fourreaux-001-1024x551.jpg 1024w, https:\/\/geraldbaios.fr\/wp-content\/uploads\/2015\/07\/Fourreaux-001-300x161.jpg 300w, https:\/\/geraldbaios.fr\/wp-content\/uploads\/2015\/07\/Fourreaux-001-768x413.jpg 768w\" sizes=\"auto, (max-width: 400px) 100vw, 400px\" \/><strong>En haut : M-1895 d&rsquo;infanterie, en bas de cavalerie<\/strong><img loading=\"lazy\" decoding=\"async\" class=\"aligncenter wp-image-24119\" src=\"https:\/\/geraldbaios.fr\/wp-content\/uploads\/2015\/07\/fourreaux-002-1024x503.jpg\" alt=\"\" width=\"399\" height=\"196\" srcset=\"https:\/\/geraldbaios.fr\/wp-content\/uploads\/2015\/07\/fourreaux-002-1024x503.jpg 1024w, https:\/\/geraldbaios.fr\/wp-content\/uploads\/2015\/07\/fourreaux-002-300x147.jpg 300w, https:\/\/geraldbaios.fr\/wp-content\/uploads\/2015\/07\/fourreaux-002-768x377.jpg 768w\" sizes=\"auto, (max-width: 399px) 100vw, 399px\" \/><img loading=\"lazy\" decoding=\"async\" class=\"aligncenter wp-image-24120\" src=\"https:\/\/geraldbaios.fr\/wp-content\/uploads\/2015\/07\/fourreaux-003-1024x503.jpg\" alt=\"\" width=\"401\" height=\"197\" srcset=\"https:\/\/geraldbaios.fr\/wp-content\/uploads\/2015\/07\/fourreaux-003-1024x503.jpg 1024w, https:\/\/geraldbaios.fr\/wp-content\/uploads\/2015\/07\/fourreaux-003-300x147.jpg 300w, https:\/\/geraldbaios.fr\/wp-content\/uploads\/2015\/07\/fourreaux-003-768x377.jpg 768w\" sizes=\"auto, (max-width: 401px) 100vw, 401px\" \/><\/p>\n<p><strong>Le porte-fourreau <\/strong>attel\u00e9 utilis\u00e9 pour ce mod\u00e8le\u00a0est maintenu au corps par neuf rivets en laiton. Deux rivets sont utilis\u00e9s pour la fixation de\u00a0la sangle de maintien de la poign\u00e9e de la ba\u00efonnette et trois rivets pour former la boucle de ceinturon. La plupart sont marqu\u00e9s avec le m\u00eame num\u00e9ro de s\u00e9rie que la ba\u00efonnette, mais sans chiffre.<\/p>\n<p>Sa longueur est beaucoup plus courte que le mod\u00e8le utilis\u00e9 par l&rsquo;infanterie, ceci afin d&rsquo;\u00e9viter qu&rsquo;il se balance dans les rayons des roues du v\u00e9lo. Pour info la carabine n\u00b04 \u00e9tait th\u00e9oriquement destin\u00e9e au Bicycle Corps, au service des transmissions et aux mitrailleurs.<\/p>\n<p><strong>P\u00e9riode d&rsquo;utilisation :<br \/>\n<\/strong>Ces ba\u00efonnettes ont \u00e9t\u00e9 utilis\u00e9es par les Allemands pendant la Seconde Guerre mondiale en 1942 et par les troupes de l&rsquo;\u00e9chelon arri\u00e8re allemand et les volontaires n\u00e9erlandais.<time class=\"nowrap date-lien\" datetime=\"1940-05-17\" data-sort-value=\"1940-05-17\"><\/time><\/p>\n<p style=\"text-align: left;\">Selon un document allemand original dat\u00e9 du 23 novembre 1942, <strong>les allemands<\/strong> ont renomm\u00e9 la ba\u00efonnette \u00ab\u00a0fusil\u00a0\u00bb M-1895 et l&rsquo;ont appel\u00e9e Seitengewehr 104 (h). Ce document mentionnait que les lames M-1895 devaient \u00eatre raccourcies \u00e0 280 mm ainsi que leurs fourreaux en cuir.<\/p>\n<p>Aper\u00e7u des noms allemands de la Seconde Guerre mondiale pour les ba\u00efonnettes n\u00e9erlandaises M-1895 :<\/p>\n<p><strong>Seitengewehr 101 (h)<\/strong> = M-1895 ba\u00efonnette \u00ab\u00a0rifle\u00a0\u00bb (avec crochet)<br \/>\n<strong>Seitengewehr 102 (h)<\/strong> = M-1895 ba\u00efonnette \u00ab\u00a0rifle\u00a0\u00bb (sans crochet)<br \/>\n<span class=\"notranslate\"><strong>Seitengewehr 104 (h)<\/strong> = M-1895 \u00ab\u00a0Carbine No.3 &amp; No.4\u00a0\u00bb<\/span><\/p>\n<p>Le 04\/06\/21.<\/p>\n","protected":false},"excerpt":{"rendered":"<p>Longueur :\u00a0400 mm pour ce mod\u00e8le \u00f8\u00a0interne\u00a0de la douille\u00a0:\u00a013,6\u00a0mm Armement\u00a0: Carabine Mannlicher n\u00e9erlandais n\u00b03 et n\u00b04 Le 04 d\u00e9cembre 1895, l&rsquo;arm\u00e9e hollandaise adopte un nouveau fusil (calibre 6,5 x 53,5 R) qui sera utilis\u00e9, en Europe\u00a0jusqu&rsquo;au d\u00e9but de la Seconde Guerre mondiale. Apr\u00e8s l&rsquo;invasion allemande des Pays-Bas (mai 1940), de nombreuses carabines\u00a0mod\u00e8le\u00a0n\u00b03 et n\u00b04 furent [&hellip;]<\/p>\n","protected":false},"author":1,"featured_media":0,"comment_status":"open","ping_status":"open","sticky":false,"template":"","format":"standard","meta":{"footnotes":""},"categories":[152],"tags":[],"class_list":["post-1333","post","type-post","status-publish","format-standard","hentry","category-zzz-sans-n-du-nouvel-abc"],"_links":{"self":[{"href":"https:\/\/geraldbaios.fr\/index.php?rest_route=\/wp\/v2\/posts\/1333","targetHints":{"allow":["GET"]}}],"collection":[{"href":"https:\/\/geraldbaios.fr\/index.php?rest_route=\/wp\/v2\/posts"}],"about":[{"href":"https:\/\/geraldbaios.fr\/index.php?rest_route=\/wp\/v2\/types\/post"}],"author":[{"embeddable":true,"href":"https:\/\/geraldbaios.fr\/index.php?rest_route=\/wp\/v2\/users\/1"}],"replies":[{"embeddable":true,"href":"https:\/\/geraldbaios.fr\/index.php?rest_route=%2Fwp%2Fv2%2Fcomments&post=1333"}],"version-history":[{"count":67,"href":"https:\/\/geraldbaios.fr\/index.php?rest_route=\/wp\/v2\/posts\/1333\/revisions"}],"predecessor-version":[{"id":46561,"href":"https:\/\/geraldbaios.fr\/index.php?rest_route=\/wp\/v2\/posts\/1333\/revisions\/46561"}],"wp:attachment":[{"href":"https:\/\/geraldbaios.fr\/index.php?rest_route=%2Fwp%2Fv2%2Fmedia&parent=1333"}],"wp:term":[{"taxonomy":"category","embeddable":true,"href":"https:\/\/geraldbaios.fr\/index.php?rest_route=%2Fwp%2Fv2%2Fcategories&post=1333"},{"taxonomy":"post_tag","embeddable":true,"href":"https:\/\/geraldbaios.fr\/index.php?rest_route=%2Fwp%2Fv2%2Ftags&post=1333"}],"curies":[{"name":"wp","href":"https:\/\/api.w.org\/{rel}","templated":true}]}}