{"id":13350,"date":"2015-05-05T17:34:42","date_gmt":"2015-05-05T15:34:42","guid":{"rendered":"http:\/\/geraldbaios.fr\/?p=13350"},"modified":"2025-01-30T00:24:31","modified_gmt":"2025-01-29T22:24:31","slug":"glaive-modele-1831","status":"publish","type":"post","link":"https:\/\/geraldbaios.fr\/?p=13350","title":{"rendered":"Glaive mod\u00e8le 1831 des troupes \u00e0 pied"},"content":{"rendered":"<p><img loading=\"lazy\" decoding=\"async\" class=\"aligncenter  wp-image-48783\" src=\"https:\/\/geraldbaios.fr\/wp-content\/uploads\/2015\/05\/glaive-1831-01-1024x353.jpg\" alt=\"\" width=\"751\" height=\"259\" srcset=\"https:\/\/geraldbaios.fr\/wp-content\/uploads\/2015\/05\/glaive-1831-01-1024x353.jpg 1024w, https:\/\/geraldbaios.fr\/wp-content\/uploads\/2015\/05\/glaive-1831-01-300x103.jpg 300w, https:\/\/geraldbaios.fr\/wp-content\/uploads\/2015\/05\/glaive-1831-01-768x265.jpg 768w, https:\/\/geraldbaios.fr\/wp-content\/uploads\/2015\/05\/glaive-1831-01-1536x530.jpg 1536w, https:\/\/geraldbaios.fr\/wp-content\/uploads\/2015\/05\/glaive-1831-01-2048x707.jpg 2048w\" sizes=\"auto, (max-width: 751px) 100vw, 751px\" \/><\/p>\n<p><strong>Longueur :<\/strong>\u00a0640 mm<br \/>\n<strong>Poids : <\/strong>1020 gr<\/p>\n<p><strong>Armement :<\/strong> arme de c\u00f4t\u00e9<\/p>\n<p><strong>Valeur :<\/strong>\u00a0\u20ac\u20ac\u20ac\u00a0\u20ac\u20ac\u20ac\u00a0\u20ac<strong><br \/>\n<\/strong><strong>Raret\u00e9 :\u00a0<a href=\"https:\/\/geraldbaios.fr\/wp-content\/uploads\/2015\/02\/che1valier.gif\"><img loading=\"lazy\" decoding=\"async\" class=\" size-full wp-image-294 alignnone\" src=\"https:\/\/geraldbaios.fr\/wp-content\/uploads\/2015\/02\/che1valier.gif\" alt=\"che1valier\" width=\"40\" height=\"30\" \/><\/a><a href=\"https:\/\/geraldbaios.fr\/wp-content\/uploads\/2015\/02\/che1valier.gif\"><img loading=\"lazy\" decoding=\"async\" class=\" size-full wp-image-294 alignnone\" src=\"https:\/\/geraldbaios.fr\/wp-content\/uploads\/2015\/02\/che1valier.gif\" alt=\"che1valier\" width=\"40\" height=\"30\" \/><\/a><a href=\"https:\/\/geraldbaios.fr\/wp-content\/uploads\/2015\/02\/che1valier.gif\"><img loading=\"lazy\" decoding=\"async\" class=\" size-full wp-image-294 alignnone\" src=\"https:\/\/geraldbaios.fr\/wp-content\/uploads\/2015\/02\/che1valier.gif\" alt=\"che1valier\" width=\"40\" height=\"30\" \/><\/a><a href=\"https:\/\/geraldbaios.fr\/wp-content\/uploads\/2015\/02\/che1valier.gif\"><img loading=\"lazy\" decoding=\"async\" class=\" size-full wp-image-294 alignnone\" src=\"https:\/\/geraldbaios.fr\/wp-content\/uploads\/2015\/02\/che1valier.gif\" alt=\"che1valier\" width=\"40\" height=\"30\" \/><\/a><a href=\"https:\/\/geraldbaios.fr\/wp-content\/uploads\/2015\/02\/che1valier.gif\"><img loading=\"lazy\" decoding=\"async\" class=\" size-full wp-image-294 alignnone\" src=\"https:\/\/geraldbaios.fr\/wp-content\/uploads\/2015\/02\/che1valier.gif\" alt=\"che1valier\" width=\"40\" height=\"30\" \/><\/a><a href=\"https:\/\/geraldbaios.fr\/wp-content\/uploads\/2015\/02\/che1valier.gif\"><img loading=\"lazy\" decoding=\"async\" class=\" size-full wp-image-294 alignnone\" src=\"https:\/\/geraldbaios.fr\/wp-content\/uploads\/2015\/02\/che1valier.gif\" alt=\"che1valier\" width=\"40\" height=\"30\" \/><\/a><a href=\"https:\/\/geraldbaios.fr\/wp-content\/uploads\/2015\/02\/che1valier.gif\"><br \/>\n<\/a><\/strong><strong><br \/>\n<\/strong>Le 12 mai 1831, le comit\u00e9 d&rsquo;infanterie annonce l&rsquo;adoption d&rsquo;un nouveau mod\u00e8le de glaive,\u00a0destin\u00e9 \u00e0 compenser la relative fragilit\u00e9 du mod\u00e8le 1816 dont la lame \u00e9tait \u00e0 pans creux. Avant l&rsquo;adoption de cette arme, des essais assez s\u00e9v\u00e8res furent r\u00e9alis\u00e9s. Le cahiers des charges de l&rsquo;\u00e9poque exigeait,\u00a0que le glaive puisse frapper 4 000 coups sur des b\u00fbches en moins de 8 heures sans que la lame soit d\u00e9grad\u00e9e en ne pr\u00e9sentant aucun jeu dans la poign\u00e9e.<\/p>\n<p>Ce glaive \u00e9quipa entre autres les soldats de l&rsquo;infanterie, ainsi que ceux de la l\u00e9gion \u00e9trang\u00e8re jusque dans les ann\u00e9es 1870. Il \u00e9tait utilis\u00e9 comme outil tranchant en campagne, il pouvait aussi faire office de hache de campement, et de serpe pour couper le fourrage des chevaux.<\/p>\n<p>A partir de 1866, l&rsquo;arm\u00e9e adopte le nouveau fusil Chassepot avec son sabre-ba\u00efonnette, il mettra un terme d\u00e9finitif \u00e0 sa distribution.<\/p>\n<p>Il fut produit jusqu&rsquo;en 1861 \u00e0 environ 108 000 exemplaires\u00a0par la Manufacture d&rsquo;armes de Ch\u00e2tellerault principalement, mais aussi par des firmes priv\u00e9es comme Talabot ou Pihet pour la Garde Nationale.<br \/>\nCertains exemplaires marqu\u00e9s \u00ab\u00a0La Loi\u00a0\u00bb \u00e9taient destin\u00e9s \u00e0 des unit\u00e9s de Police, provenant de chez Pihet.\u00a0Un <strong>mod\u00e8le 1842\/52 suisse<\/strong> de pionnier \u00e0 lame munie de dents de scie existe \u00e9galement, \u00e0 ne surtout pas confondre.<\/p>\n<p><img loading=\"lazy\" decoding=\"async\" class=\"aligncenter  wp-image-48784\" src=\"https:\/\/geraldbaios.fr\/wp-content\/uploads\/2015\/05\/glaive-1831-02-1024x685.jpg\" alt=\"\" width=\"499\" height=\"334\" srcset=\"https:\/\/geraldbaios.fr\/wp-content\/uploads\/2015\/05\/glaive-1831-02-1024x685.jpg 1024w, https:\/\/geraldbaios.fr\/wp-content\/uploads\/2015\/05\/glaive-1831-02-300x201.jpg 300w, https:\/\/geraldbaios.fr\/wp-content\/uploads\/2015\/05\/glaive-1831-02-768x514.jpg 768w, https:\/\/geraldbaios.fr\/wp-content\/uploads\/2015\/05\/glaive-1831-02-1536x1028.jpg 1536w, https:\/\/geraldbaios.fr\/wp-content\/uploads\/2015\/05\/glaive-1831-02-2048x1371.jpg 2048w\" sizes=\"auto, (max-width: 499px) 100vw, 499px\" \/><\/p>\n<p style=\"text-align: left;\"><strong>La poign\u00e9e<\/strong>\u00a0de style Roman,\u00a0d&rsquo;une seule pi\u00e8ce\u00a0en laiton nervur\u00e9e et pommeau rond comporte 26 cannelures.\u00a0Elle recouvre en totalit\u00e9 la soie, sa fixation est effectu\u00e9e par matage, aucun rivet ne traverse la poign\u00e9e.\u00a0La croisi\u00e8re droite sym\u00e9trique est termin\u00e9e par deux \u00ab\u00a0quillons\u00a0\u00bb \u00e0 rouleaux.<\/p>\n<p><img loading=\"lazy\" decoding=\"async\" class=\"aligncenter  wp-image-48785\" src=\"https:\/\/geraldbaios.fr\/wp-content\/uploads\/2015\/05\/glaive-1831-03-1024x275.jpg\" alt=\"\" width=\"700\" height=\"188\" srcset=\"https:\/\/geraldbaios.fr\/wp-content\/uploads\/2015\/05\/glaive-1831-03-1024x275.jpg 1024w, https:\/\/geraldbaios.fr\/wp-content\/uploads\/2015\/05\/glaive-1831-03-300x81.jpg 300w, https:\/\/geraldbaios.fr\/wp-content\/uploads\/2015\/05\/glaive-1831-03-768x206.jpg 768w, https:\/\/geraldbaios.fr\/wp-content\/uploads\/2015\/05\/glaive-1831-03-1536x413.jpg 1536w, https:\/\/geraldbaios.fr\/wp-content\/uploads\/2015\/05\/glaive-1831-03-2048x550.jpg 2048w\" sizes=\"auto, (max-width: 700px) 100vw, 700px\" \/><\/p>\n<p style=\"text-align: left;\"><strong>La lame <\/strong>\u00e0 double tranchant, assez souple\u00a0est parfaitement sym\u00e9trique, la partie la plus \u00e9paisse se situe sur l&rsquo;axe central, elle forme une ar\u00eate qui lui donne une section en forme de losange.<\/p>\n<p><img loading=\"lazy\" decoding=\"async\" class=\"aligncenter wp-image-28265\" src=\"https:\/\/geraldbaios.fr\/wp-content\/uploads\/2015\/05\/366-1024x354.jpg\" alt=\"\" width=\"597\" height=\"206\" srcset=\"https:\/\/geraldbaios.fr\/wp-content\/uploads\/2015\/05\/366-1024x354.jpg 1024w, https:\/\/geraldbaios.fr\/wp-content\/uploads\/2015\/05\/366-300x104.jpg 300w, https:\/\/geraldbaios.fr\/wp-content\/uploads\/2015\/05\/366-768x265.jpg 768w, https:\/\/geraldbaios.fr\/wp-content\/uploads\/2015\/05\/366.jpg 1600w\" sizes=\"auto, (max-width: 597px) 100vw, 597px\" \/><img loading=\"lazy\" decoding=\"async\" class=\"aligncenter  wp-image-48786\" src=\"https:\/\/geraldbaios.fr\/wp-content\/uploads\/2015\/05\/glaive-1831-04-1024x161.jpg\" alt=\"\" width=\"597\" height=\"94\" srcset=\"https:\/\/geraldbaios.fr\/wp-content\/uploads\/2015\/05\/glaive-1831-04-1024x161.jpg 1024w, https:\/\/geraldbaios.fr\/wp-content\/uploads\/2015\/05\/glaive-1831-04-300x47.jpg 300w, https:\/\/geraldbaios.fr\/wp-content\/uploads\/2015\/05\/glaive-1831-04-768x120.jpg 768w, https:\/\/geraldbaios.fr\/wp-content\/uploads\/2015\/05\/glaive-1831-04-1536x241.jpg 1536w, https:\/\/geraldbaios.fr\/wp-content\/uploads\/2015\/05\/glaive-1831-04-2048x321.jpg 2048w\" sizes=\"auto, (max-width: 597px) 100vw, 597px\" \/> <img loading=\"lazy\" decoding=\"async\" class=\"aligncenter  wp-image-48787\" src=\"https:\/\/geraldbaios.fr\/wp-content\/uploads\/2015\/05\/glaive-1831-05-911x1024.jpg\" alt=\"\" width=\"299\" height=\"336\" srcset=\"https:\/\/geraldbaios.fr\/wp-content\/uploads\/2015\/05\/glaive-1831-05-911x1024.jpg 911w, https:\/\/geraldbaios.fr\/wp-content\/uploads\/2015\/05\/glaive-1831-05-267x300.jpg 267w, https:\/\/geraldbaios.fr\/wp-content\/uploads\/2015\/05\/glaive-1831-05-768x863.jpg 768w, https:\/\/geraldbaios.fr\/wp-content\/uploads\/2015\/05\/glaive-1831-05-1367x1536.jpg 1367w, https:\/\/geraldbaios.fr\/wp-content\/uploads\/2015\/05\/glaive-1831-05-1823x2048.jpg 1823w\" sizes=\"auto, (max-width: 299px) 100vw, 299px\" \/><strong>Le fourreau<\/strong> en cuir noirci, comporte une cuvette en laiton munie de deux lames ressort, elle est fix\u00e9e par deux\u00a0agrafes, la garniture \u00e0 l&rsquo;extr\u00e9mit\u00e9 est simplement emboutie.<\/p>\n<p>Le 29\/01\/25.<\/p>\n","protected":false},"excerpt":{"rendered":"<p>Longueur :\u00a0640 mm Poids : 1020 gr Armement : arme de c\u00f4t\u00e9 Valeur :\u00a0\u20ac\u20ac\u20ac\u00a0\u20ac\u20ac\u20ac\u00a0\u20ac Raret\u00e9 :\u00a0 Le 12 mai 1831, le comit\u00e9 d&rsquo;infanterie annonce l&rsquo;adoption d&rsquo;un nouveau mod\u00e8le de glaive,\u00a0destin\u00e9 \u00e0 compenser la relative fragilit\u00e9 du mod\u00e8le 1816 dont la lame \u00e9tait \u00e0 pans creux. Avant l&rsquo;adoption de cette arme, des essais assez s\u00e9v\u00e8res furent [&hellip;]<\/p>\n","protected":false},"author":1,"featured_media":0,"comment_status":"open","ping_status":"closed","sticky":false,"template":"","format":"standard","meta":{"footnotes":""},"categories":[152],"tags":[],"class_list":["post-13350","post","type-post","status-publish","format-standard","hentry","category-zzz-sans-n-du-nouvel-abc"],"_links":{"self":[{"href":"https:\/\/geraldbaios.fr\/index.php?rest_route=\/wp\/v2\/posts\/13350","targetHints":{"allow":["GET"]}}],"collection":[{"href":"https:\/\/geraldbaios.fr\/index.php?rest_route=\/wp\/v2\/posts"}],"about":[{"href":"https:\/\/geraldbaios.fr\/index.php?rest_route=\/wp\/v2\/types\/post"}],"author":[{"embeddable":true,"href":"https:\/\/geraldbaios.fr\/index.php?rest_route=\/wp\/v2\/users\/1"}],"replies":[{"embeddable":true,"href":"https:\/\/geraldbaios.fr\/index.php?rest_route=%2Fwp%2Fv2%2Fcomments&post=13350"}],"version-history":[{"count":52,"href":"https:\/\/geraldbaios.fr\/index.php?rest_route=\/wp\/v2\/posts\/13350\/revisions"}],"predecessor-version":[{"id":48788,"href":"https:\/\/geraldbaios.fr\/index.php?rest_route=\/wp\/v2\/posts\/13350\/revisions\/48788"}],"wp:attachment":[{"href":"https:\/\/geraldbaios.fr\/index.php?rest_route=%2Fwp%2Fv2%2Fmedia&parent=13350"}],"wp:term":[{"taxonomy":"category","embeddable":true,"href":"https:\/\/geraldbaios.fr\/index.php?rest_route=%2Fwp%2Fv2%2Fcategories&post=13350"},{"taxonomy":"post_tag","embeddable":true,"href":"https:\/\/geraldbaios.fr\/index.php?rest_route=%2Fwp%2Fv2%2Ftags&post=13350"}],"curies":[{"name":"wp","href":"https:\/\/api.w.org\/{rel}","templated":true}]}}