{"id":14024,"date":"2016-05-24T13:51:54","date_gmt":"2016-05-24T11:51:54","guid":{"rendered":"http:\/\/geraldbaios.fr\/?p=14024"},"modified":"2023-12-18T16:14:08","modified_gmt":"2023-12-18T14:14:08","slug":"14024","status":"publish","type":"post","link":"https:\/\/geraldbaios.fr\/?p=14024","title":{"rendered":"Pays-Bas"},"content":{"rendered":"<p style=\"text-align: center;\"><img loading=\"lazy\" decoding=\"async\" class=\"aligncenter wp-image-14074\" src=\"https:\/\/geraldbaios.fr\/wp-content\/uploads\/2016\/05\/Pays-Bas.png\" alt=\"\" width=\"301\" height=\"200\" \/><\/p>\n<h1 style=\"text-align: left;\"><\/h1>\n<p><img loading=\"lazy\" decoding=\"async\" class=\"aligncenter wp-image-23932\" src=\"https:\/\/geraldbaios.fr\/wp-content\/uploads\/2015\/06\/otan-1949.jpg\" alt=\"\" width=\"749\" height=\"500\" srcset=\"https:\/\/geraldbaios.fr\/wp-content\/uploads\/2015\/06\/otan-1949.jpg 797w, https:\/\/geraldbaios.fr\/wp-content\/uploads\/2015\/06\/otan-1949-300x200.jpg 300w, https:\/\/geraldbaios.fr\/wp-content\/uploads\/2015\/06\/otan-1949-768x513.jpg 768w\" sizes=\"auto, (max-width: 749px) 100vw, 749px\" \/><\/p>\n<p><strong>Les Pays-Bas et\u00a0<a href=\"https:\/\/fr.wikipedia.org\/wiki\/Portail:OTAN\">L&rsquo;OTAN<\/a><\/strong><\/p>\n<p>Les<strong> Pays-Bas<\/strong> sont entr\u00e9s dans l&rsquo;OTAN\u00a0le <time class=\"nowrap\" datetime=\"1949-04-04\" data-sort-value=\"1949-04-04\">4 avril 1949, en m\u00eame temps que le Danemark, le Canada, la Belgique, la France, l&rsquo;Islande, l&rsquo;Italie, le Luxembourg, la Norv\u00e8ge, le Portugal, le Royaume-Uni, et les USA.<\/time><\/p>\n<p><strong>Ci-dessous,<\/strong>\u00a0une partie des ba\u00efonnettes utilis\u00e9es apr\u00e8s la Seconde Guerre mondiale, pour y acc\u00e9der il suffit de cliquer sur le lien.<\/p>\n<p><a href=\"https:\/\/geraldbaios.fr\/?p=1362\">Ba\u00efonnette KCB M70 Stoner<\/a><\/p>\n<p><a href=\"https:\/\/geraldbaios.fr\/?p=1360\">Ba\u00efonnette FAL (type C)<\/a><\/p>\n<p><a href=\"https:\/\/geraldbaios.fr\/?p=7812\">Ba\u00efonnette mod\u00e8le AR 10<\/a><\/p>\n<p><a href=\"https:\/\/geraldbaios.fr\/?p=1347\">Ba\u00efonnette mod\u00e8le M4<\/a><\/p>\n<p><strong>La Seconde Guerre mondiale<\/strong><\/p>\n<p>Le 10\u00a0mai 1940, les troupes allemandes faisaient irruption aux Pays-Bas. En cinq jours, la majeure partie du pays \u00e9tait occup\u00e9e et l&rsquo;arm\u00e9e n\u00e9erlandaise capitulait (14\u00a0mai).<\/p>\n<p><strong>Ci-dessous,<\/strong>\u00a0une partie des ba\u00efonnettes utilis\u00e9es durant cette p\u00e9riode.<\/p>\n<p><a href=\"https:\/\/geraldbaios.fr\/?p=1303\">Ba\u00efonnette mod\u00e8le 1895 (infanterie)<\/a><\/p>\n<p><a href=\"https:\/\/geraldbaios.fr\/?p=46600\">Ba\u00efonnette mod\u00e8le 1895 (infanterie raccourcie)<\/a><\/p>\n<p><a href=\"https:\/\/geraldbaios.fr\/?p=1333\">Ba\u00efonnette mod\u00e8le 1895 (de cavalerie raccourcie)<\/a><\/p>\n<p><strong>La Premi\u00e8re Guerre mondiale<\/strong><\/p>\n<p>Le Pays-Bas reste <strong>neutre<\/strong>.<\/p>\n<p><strong>Ci-dessous,<\/strong>\u00a0une partie des ba\u00efonnettes utilis\u00e9es durant le XIX si\u00e8cle.<\/p>\n<p><a href=\"https:\/\/geraldbaios.fr\/?p=1295\">Ba\u00efonnette mod\u00e8le 1822<\/a><\/p>\n","protected":false},"excerpt":{"rendered":"<p>Les Pays-Bas et\u00a0L&rsquo;OTAN Les Pays-Bas sont entr\u00e9s dans l&rsquo;OTAN\u00a0le 4 avril 1949, en m\u00eame temps que le Danemark, le Canada, la Belgique, la France, l&rsquo;Islande, l&rsquo;Italie, le Luxembourg, la Norv\u00e8ge, le Portugal, le Royaume-Uni, et les USA. Ci-dessous,\u00a0une partie des ba\u00efonnettes utilis\u00e9es apr\u00e8s la Seconde Guerre mondiale, pour y acc\u00e9der il suffit de cliquer sur [&hellip;]<\/p>\n","protected":false},"author":1,"featured_media":0,"comment_status":"open","ping_status":"closed","sticky":false,"template":"","format":"standard","meta":{"footnotes":""},"categories":[25],"tags":[],"class_list":["post-14024","post","type-post","status-publish","format-standard","hentry","category-pays-bas"],"_links":{"self":[{"href":"https:\/\/geraldbaios.fr\/index.php?rest_route=\/wp\/v2\/posts\/14024","targetHints":{"allow":["GET"]}}],"collection":[{"href":"https:\/\/geraldbaios.fr\/index.php?rest_route=\/wp\/v2\/posts"}],"about":[{"href":"https:\/\/geraldbaios.fr\/index.php?rest_route=\/wp\/v2\/types\/post"}],"author":[{"embeddable":true,"href":"https:\/\/geraldbaios.fr\/index.php?rest_route=\/wp\/v2\/users\/1"}],"replies":[{"embeddable":true,"href":"https:\/\/geraldbaios.fr\/index.php?rest_route=%2Fwp%2Fv2%2Fcomments&post=14024"}],"version-history":[{"count":44,"href":"https:\/\/geraldbaios.fr\/index.php?rest_route=\/wp\/v2\/posts\/14024\/revisions"}],"predecessor-version":[{"id":47449,"href":"https:\/\/geraldbaios.fr\/index.php?rest_route=\/wp\/v2\/posts\/14024\/revisions\/47449"}],"wp:attachment":[{"href":"https:\/\/geraldbaios.fr\/index.php?rest_route=%2Fwp%2Fv2%2Fmedia&parent=14024"}],"wp:term":[{"taxonomy":"category","embeddable":true,"href":"https:\/\/geraldbaios.fr\/index.php?rest_route=%2Fwp%2Fv2%2Fcategories&post=14024"},{"taxonomy":"post_tag","embeddable":true,"href":"https:\/\/geraldbaios.fr\/index.php?rest_route=%2Fwp%2Fv2%2Ftags&post=14024"}],"curies":[{"name":"wp","href":"https:\/\/api.w.org\/{rel}","templated":true}]}}