{"id":14285,"date":"2016-05-21T13:17:43","date_gmt":"2016-05-21T11:17:43","guid":{"rendered":"http:\/\/geraldbaios.fr\/?p=14285"},"modified":"2024-04-29T16:52:36","modified_gmt":"2024-04-29T14:52:36","slug":"14285","status":"publish","type":"post","link":"https:\/\/geraldbaios.fr\/?p=14285","title":{"rendered":"Danemark"},"content":{"rendered":"<p style=\"text-align: center;\"><img loading=\"lazy\" decoding=\"async\" class=\"aligncenter wp-image-14319\" src=\"https:\/\/geraldbaios.fr\/wp-content\/uploads\/2016\/05\/Danemark.png\" alt=\"\" width=\"300\" height=\"227\" \/><\/p>\n<h1 style=\"text-align: left;\"><\/h1>\n<p><img loading=\"lazy\" decoding=\"async\" class=\"aligncenter wp-image-23932\" src=\"https:\/\/geraldbaios.fr\/wp-content\/uploads\/2015\/06\/otan-1949.jpg\" alt=\"\" width=\"749\" height=\"500\" srcset=\"https:\/\/geraldbaios.fr\/wp-content\/uploads\/2015\/06\/otan-1949.jpg 797w, https:\/\/geraldbaios.fr\/wp-content\/uploads\/2015\/06\/otan-1949-300x200.jpg 300w, https:\/\/geraldbaios.fr\/wp-content\/uploads\/2015\/06\/otan-1949-768x513.jpg 768w\" sizes=\"auto, (max-width: 749px) 100vw, 749px\" \/><\/p>\n<p><strong>Le Danemark et\u00a0<a href=\"https:\/\/fr.wikipedia.org\/wiki\/Portail:OTAN\">L&rsquo;OTAN<\/a><\/strong><\/p>\n<p>Le <strong>Danemark<\/strong> est entr\u00e9 dans l&rsquo;OTAN\u00a0le <time class=\"nowrap\" datetime=\"1949-04-04\" data-sort-value=\"1949-04-04\">4 avril 1949, en m\u00eame temps que le Canada, la Belgique, la France, l&rsquo;Islande, l&rsquo;Italie, le Luxembourg, la Norv\u00e8ge, les Pays-Bas, le Portugal, le Royaume-Uni, et les USA.<\/time><\/p>\n<p>En mati\u00e8re strat\u00e9gique, les membres du Conseil connaissent des situations tr\u00e8s diff\u00e9rentes\u00a0: le <strong>Danemark<\/strong>, la Norv\u00e8ge, et L&rsquo;Islande font partie de l\u2019<a title=\"Organisation du trait\u00e9 de l'Atlantique nord\" href=\"https:\/\/fr.wikipedia.org\/wiki\/Organisation_du_trait%C3%A9_de_l%27Atlantique_nord\">OTAN<\/a>, tandis que la Su\u00e8de et la Finlande sont neutres. De ce fait, le Conseil nordique ne s\u2019est jamais impliqu\u00e9 dans des affaires de nature militaire. Cependant, les pays nordiques coop\u00e8rent dans le milieu de la d\u00e9fense, par la <a title=\"Coop\u00e9ration de d\u00e9fense nordique\" href=\"https:\/\/fr.wikipedia.org\/wiki\/Coop%C3%A9ration_de_d%C3%A9fense_nordique\">coop\u00e9ration de d\u00e9fense nordique<\/a>.<\/p>\n<p><strong>Ci-dessous,<\/strong>\u00a0une partie des ba\u00efonnettes en usage apr\u00e8s la Seconde Guerre mondiale, pour y acc\u00e9der il suffit de cliquer sur le lien.<\/p>\n<p><a href=\"https:\/\/geraldbaios.fr\/?p=7704\">Ba\u00efonnette mod\u00e8le G3 (second contrat)<\/a><\/p>\n<p><a href=\"https:\/\/geraldbaios.fr\/?p=24467\">Ba\u00efonnette mod\u00e8le G3 (premier contrat)<\/a><\/p>\n<p><a href=\"https:\/\/geraldbaios.fr\/?p=7322\">Ba\u00efonnette mod\u00e8le 62<\/a><\/p>\n<p><a href=\"https:\/\/geraldbaios.fr\/?p=8041\">Ba\u00efonnette mod\u00e8le 55<\/a><\/p>\n<p><strong>Autres<\/strong><\/p>\n<p><a href=\"https:\/\/geraldbaios.fr\/?p=7971https:\/\/geraldbaios.fr\/?p=7971\">Ba\u00efonnette mod\u00e8le 47 (Madsen)<\/a><\/p>\n<h2><strong>La Seconde Guerre mondiale<\/strong><\/h2>\n<p>L&rsquo;occupation du Danemark officiellement <strong>neutre,<\/strong>\u00a0par l&rsquo;Allemagne a commenc\u00e9 le 9 avril 1940 par l&rsquo;op\u00e9ration Weserubung et prit fin le 5 mai 1945 lorsque les forces allemandes se retir\u00e8rent \u00e0 la suite de leur d\u00e9faite face aux <a title=\"Alli\u00e9s\" href=\"https:\/\/fr.wikipedia.org\/wiki\/Alli%C3%A9s\">Alli\u00e9s<\/a>.<\/p>\n<h2><strong>La Premi\u00e8re Guerre mondiale<\/strong><\/h2>\n<p>Le Danemark reste <strong>neutre<\/strong>, bien que le conflit affecte consid\u00e9rablement le pays.<\/p>\n<p><strong>Ci-dessous,<\/strong>\u00a0une partie des ba\u00efonnettes en usage durant cette p\u00e9riode.<\/p>\n<p><a href=\"https:\/\/geraldbaios.fr\/?p=8058\">Ba\u00efonnette mod\u00e8le 1915<\/a><\/p>\n<p><a href=\"https:\/\/geraldbaios.fr\/?p=8263\">Ba\u00efonnette mod\u00e8le 1889<\/a><\/p>\n","protected":false},"excerpt":{"rendered":"<p>Le Danemark et\u00a0L&rsquo;OTAN Le Danemark est entr\u00e9 dans l&rsquo;OTAN\u00a0le 4 avril 1949, en m\u00eame temps que le Canada, la Belgique, la France, l&rsquo;Islande, l&rsquo;Italie, le Luxembourg, la Norv\u00e8ge, les Pays-Bas, le Portugal, le Royaume-Uni, et les USA. En mati\u00e8re strat\u00e9gique, les membres du Conseil connaissent des situations tr\u00e8s diff\u00e9rentes\u00a0: le Danemark, la Norv\u00e8ge, et L&rsquo;Islande [&hellip;]<\/p>\n","protected":false},"author":1,"featured_media":0,"comment_status":"open","ping_status":"closed","sticky":false,"template":"","format":"standard","meta":{"footnotes":""},"categories":[54],"tags":[],"class_list":["post-14285","post","type-post","status-publish","format-standard","hentry","category-danemark"],"_links":{"self":[{"href":"https:\/\/geraldbaios.fr\/index.php?rest_route=\/wp\/v2\/posts\/14285","targetHints":{"allow":["GET"]}}],"collection":[{"href":"https:\/\/geraldbaios.fr\/index.php?rest_route=\/wp\/v2\/posts"}],"about":[{"href":"https:\/\/geraldbaios.fr\/index.php?rest_route=\/wp\/v2\/types\/post"}],"author":[{"embeddable":true,"href":"https:\/\/geraldbaios.fr\/index.php?rest_route=\/wp\/v2\/users\/1"}],"replies":[{"embeddable":true,"href":"https:\/\/geraldbaios.fr\/index.php?rest_route=%2Fwp%2Fv2%2Fcomments&post=14285"}],"version-history":[{"count":32,"href":"https:\/\/geraldbaios.fr\/index.php?rest_route=\/wp\/v2\/posts\/14285\/revisions"}],"predecessor-version":[{"id":14287,"href":"https:\/\/geraldbaios.fr\/index.php?rest_route=\/wp\/v2\/posts\/14285\/revisions\/14287"}],"wp:attachment":[{"href":"https:\/\/geraldbaios.fr\/index.php?rest_route=%2Fwp%2Fv2%2Fmedia&parent=14285"}],"wp:term":[{"taxonomy":"category","embeddable":true,"href":"https:\/\/geraldbaios.fr\/index.php?rest_route=%2Fwp%2Fv2%2Fcategories&post=14285"},{"taxonomy":"post_tag","embeddable":true,"href":"https:\/\/geraldbaios.fr\/index.php?rest_route=%2Fwp%2Fv2%2Ftags&post=14285"}],"curies":[{"name":"wp","href":"https:\/\/api.w.org\/{rel}","templated":true}]}}