{"id":14368,"date":"2016-09-24T17:57:54","date_gmt":"2016-09-24T15:57:54","guid":{"rendered":"http:\/\/geraldbaios.fr\/?p=14368"},"modified":"2026-02-27T11:49:06","modified_gmt":"2026-02-27T09:49:06","slug":"14368","status":"publish","type":"post","link":"https:\/\/geraldbaios.fr\/?p=14368","title":{"rendered":"Finlande"},"content":{"rendered":"<p><img loading=\"lazy\" decoding=\"async\" class=\"aligncenter wp-image-32027\" src=\"https:\/\/geraldbaios.fr\/wp-content\/uploads\/2016\/09\/langfr-2560px-Flag_of_Finland.svg_-1024x626.png\" alt=\"\" width=\"301\" height=\"184\" srcset=\"https:\/\/geraldbaios.fr\/wp-content\/uploads\/2016\/09\/langfr-2560px-Flag_of_Finland.svg_-1024x626.png 1024w, https:\/\/geraldbaios.fr\/wp-content\/uploads\/2016\/09\/langfr-2560px-Flag_of_Finland.svg_-300x183.png 300w, https:\/\/geraldbaios.fr\/wp-content\/uploads\/2016\/09\/langfr-2560px-Flag_of_Finland.svg_-768x469.png 768w, https:\/\/geraldbaios.fr\/wp-content\/uploads\/2016\/09\/langfr-2560px-Flag_of_Finland.svg_-1536x938.png 1536w, https:\/\/geraldbaios.fr\/wp-content\/uploads\/2016\/09\/langfr-2560px-Flag_of_Finland.svg_-2048x1251.png 2048w\" sizes=\"auto, (max-width: 301px) 100vw, 301px\" \/><\/p>\n<p><img loading=\"lazy\" decoding=\"async\" class=\"aligncenter wp-image-46889\" src=\"https:\/\/geraldbaios.fr\/wp-content\/uploads\/2016\/09\/26657-1024x1024.jpeg\" alt=\"\" width=\"700\" height=\"700\" srcset=\"https:\/\/geraldbaios.fr\/wp-content\/uploads\/2016\/09\/26657-1024x1024.jpeg 1024w, https:\/\/geraldbaios.fr\/wp-content\/uploads\/2016\/09\/26657-300x300.jpeg 300w, https:\/\/geraldbaios.fr\/wp-content\/uploads\/2016\/09\/26657-150x150.jpeg 150w, https:\/\/geraldbaios.fr\/wp-content\/uploads\/2016\/09\/26657-768x768.jpeg 768w, https:\/\/geraldbaios.fr\/wp-content\/uploads\/2016\/09\/26657.jpeg 1200w\" sizes=\"auto, (max-width: 700px) 100vw, 700px\" \/><\/p>\n<p><strong>La Finlande et <a href=\"https:\/\/fr.wikipedia.org\/wiki\/Portail:OTAN\">L&rsquo;OTAN<\/a><\/strong><\/p>\n<p>La<strong> Finlande<\/strong>\u00a0est entr\u00e9e dans l&rsquo;OTAN\u00a0le <time class=\"nowrap\" datetime=\"1949-04-04\" data-sort-value=\"1949-04-04\">4 avril 2023.<\/time><\/p>\n<p><strong>Ci-dessous,<\/strong>\u00a0une partie des ba\u00efonnettes con\u00e7ues apr\u00e8s 1945 \u00e0 nos jours, pour y acc\u00e9der il suffit de cliquer sur le lien.<\/p>\n<p><a href=\"https:\/\/geraldbaios.fr\/?p=8097\">Couteau-ba\u00efonnette mod\u00e8le 62<\/a><\/p>\n<h2>La Seconde Guerre mondiale<\/h2>\n<p>Au Moyen Age, la <strong>Finlande<\/strong> est colonis\u00e9e par la Su\u00e8de dans ce que l&rsquo;on appelle la <a title=\"Su\u00e8de-Finlande\" href=\"https:\/\/fr.wikipedia.org\/wiki\/Su%C3%A8de-Finlande\">Su\u00e8de-Finlande<\/a>. En <strong>1809<\/strong>, la Su\u00e8de doit c\u00e9der la Finlande \u00e0 la <strong>Russie<\/strong>. Le pays n&rsquo;acc\u00e8de finalement \u00e0 l&rsquo;ind\u00e9pendance en d\u00e9cembre <strong>1917<\/strong> qu&rsquo;apr\u00e8s la <a title=\"R\u00e9volution russe\" href=\"https:\/\/fr.wikipedia.org\/wiki\/R%C3%A9volution_russe\">r\u00e9volution russe<\/a>.<\/p>\n<p>La <b>guerre de Continuation<\/b>, \u00e9galement appel\u00e9e <b>guerre sovi\u00e9tico-finlandaise<\/b> <span class=\"lang-ru\" lang=\"ru\">\u00a0(1941-1944)<\/span>), est un conflit qui opposa la Finlande et l&rsquo;Union sovi\u00e9tique du 25 juin <strong>1941<\/strong>\u00a0au 19 septembre <strong>1944<\/strong> (armistice de Moscou). Le Royaume-Uni d\u00e9clara la guerre \u00e0 la Finlande le 6 d\u00e9cembre 1941, mais ne prit pas part activement au conflit. En revanche, l&rsquo;<a title=\"Troisi\u00e8me Reich\" href=\"https:\/\/fr.wikipedia.org\/wiki\/Troisi%C3%A8me_Reich\">Allemagne nazie<\/a>, d\u00e9j\u00e0 engag\u00e9e dans la guerre contre l&rsquo;URSS, fournit un important soutien mat\u00e9riel et sa coop\u00e9ration militaire \u00e0 la Finlande, cette derni\u00e8re se trouvant <i>de facto<\/i> en \u00e9tat de cobellig\u00e9rante avec le Troisi\u00e8me Reich. Ce conflit fut formellement clos avec le trait\u00e9 de Paris de 1947.<\/p>\n<p>La guerre de Continuation se nomme ainsi pour la distinguer clairement de la <a title=\"Guerre d'Hiver\" href=\"https:\/\/fr.wikipedia.org\/wiki\/Guerre_d%27Hiver\">guerre d&rsquo;Hiver<\/a> qui opposa \u00e9galement la Finlande et l&rsquo;URSS entre le 30 novembre <strong>1939<\/strong>\u00a0<time class=\"nowrap date-lien\" datetime=\"1939-11-30\" data-sort-value=\"1939-11-30\"><\/time>et le 13 mars <strong>1940<\/strong>, tout en l&rsquo;y reliant. Du point de vue sovi\u00e9tique, il s&rsquo;agit plus ou moins d&rsquo;un des fronts de la grande guerre patriotique men\u00e9e contre l&rsquo;Allemagne nazie et ses alli\u00e9s, principal alli\u00e9 de la Finlande dans le conflit.<\/p>\n<p><strong>Ci-dessous,<\/strong>\u00a0une partie des ba\u00efonnettes con\u00e7ues et utilis\u00e9es durant cette p\u00e9riode.<\/p>\n<p><a href=\"https:\/\/geraldbaios.fr\/?p=8729\">Ba\u00efonnette mod\u00e8le 1935<\/a><\/p>\n<p><a href=\"https:\/\/geraldbaios.fr\/?p=51296\">Ba\u00efonnette mod\u00e8le 28-30 de la garde civile<\/a><\/p>\n<p><a href=\"https:\/\/geraldbaios.fr\/?p=8251\">Ba\u00efonnette mod\u00e8le 1929 de l&rsquo;arm\u00e9e<\/a><\/p>\n<p><a href=\"https:\/\/geraldbaios.fr\/?p=8478\">Ba\u00efonnette mod\u00e8le 1928 de la garde civile<\/a><\/p>\n<p><a href=\"https:\/\/geraldbaios.fr\/?p=33564\">Ba\u00efonnette mod\u00e8le 1925 M \/91 rv<\/a><\/p>\n","protected":false},"excerpt":{"rendered":"<p>La Finlande et L&rsquo;OTAN La Finlande\u00a0est entr\u00e9e dans l&rsquo;OTAN\u00a0le 4 avril 2023. Ci-dessous,\u00a0une partie des ba\u00efonnettes con\u00e7ues apr\u00e8s 1945 \u00e0 nos jours, pour y acc\u00e9der il suffit de cliquer sur le lien. Couteau-ba\u00efonnette mod\u00e8le 62 La Seconde Guerre mondiale Au Moyen Age, la Finlande est colonis\u00e9e par la Su\u00e8de dans ce que l&rsquo;on appelle la [&hellip;]<\/p>\n","protected":false},"author":1,"featured_media":0,"comment_status":"open","ping_status":"closed","sticky":false,"template":"","format":"standard","meta":{"footnotes":""},"categories":[55],"tags":[],"class_list":["post-14368","post","type-post","status-publish","format-standard","hentry","category-finlande"],"_links":{"self":[{"href":"https:\/\/geraldbaios.fr\/index.php?rest_route=\/wp\/v2\/posts\/14368","targetHints":{"allow":["GET"]}}],"collection":[{"href":"https:\/\/geraldbaios.fr\/index.php?rest_route=\/wp\/v2\/posts"}],"about":[{"href":"https:\/\/geraldbaios.fr\/index.php?rest_route=\/wp\/v2\/types\/post"}],"author":[{"embeddable":true,"href":"https:\/\/geraldbaios.fr\/index.php?rest_route=\/wp\/v2\/users\/1"}],"replies":[{"embeddable":true,"href":"https:\/\/geraldbaios.fr\/index.php?rest_route=%2Fwp%2Fv2%2Fcomments&post=14368"}],"version-history":[{"count":40,"href":"https:\/\/geraldbaios.fr\/index.php?rest_route=\/wp\/v2\/posts\/14368\/revisions"}],"predecessor-version":[{"id":51329,"href":"https:\/\/geraldbaios.fr\/index.php?rest_route=\/wp\/v2\/posts\/14368\/revisions\/51329"}],"wp:attachment":[{"href":"https:\/\/geraldbaios.fr\/index.php?rest_route=%2Fwp%2Fv2%2Fmedia&parent=14368"}],"wp:term":[{"taxonomy":"category","embeddable":true,"href":"https:\/\/geraldbaios.fr\/index.php?rest_route=%2Fwp%2Fv2%2Fcategories&post=14368"},{"taxonomy":"post_tag","embeddable":true,"href":"https:\/\/geraldbaios.fr\/index.php?rest_route=%2Fwp%2Fv2%2Ftags&post=14368"}],"curies":[{"name":"wp","href":"https:\/\/api.w.org\/{rel}","templated":true}]}}