{"id":15115,"date":"2016-09-22T11:56:09","date_gmt":"2016-09-22T09:56:09","guid":{"rendered":"http:\/\/geraldbaios.fr\/?p=15115"},"modified":"2020-04-15T14:15:31","modified_gmt":"2020-04-15T12:15:31","slug":"15115","status":"publish","type":"post","link":"https:\/\/geraldbaios.fr\/?p=15115","title":{"rendered":"Vietnam (apr\u00e8s 1945)"},"content":{"rendered":"<p><img loading=\"lazy\" decoding=\"async\" class=\"aligncenter wp-image-28597\" src=\"https:\/\/geraldbaios.fr\/wp-content\/uploads\/2016\/09\/1920px-Flag_of_Vietnam-1024x683.png\" alt=\"\" width=\"401\" height=\"267\" srcset=\"https:\/\/geraldbaios.fr\/wp-content\/uploads\/2016\/09\/1920px-Flag_of_Vietnam-1024x683.png 1024w, https:\/\/geraldbaios.fr\/wp-content\/uploads\/2016\/09\/1920px-Flag_of_Vietnam-300x200.png 300w, https:\/\/geraldbaios.fr\/wp-content\/uploads\/2016\/09\/1920px-Flag_of_Vietnam-768x512.png 768w, https:\/\/geraldbaios.fr\/wp-content\/uploads\/2016\/09\/1920px-Flag_of_Vietnam.png 1920w\" sizes=\"auto, (max-width: 401px) 100vw, 401px\" \/><\/p>\n<h3><strong>L&rsquo;histoire du Vietnam<\/strong><\/h3>\n<p style=\"text-align: center;\"><img loading=\"lazy\" decoding=\"async\" class=\"aligncenter wp-image-28595\" src=\"https:\/\/geraldbaios.fr\/wp-content\/uploads\/2016\/09\/2560px-South_Vietnam_in_its_region-1-1024x512.png\" alt=\"\" width=\"500\" height=\"250\" srcset=\"https:\/\/geraldbaios.fr\/wp-content\/uploads\/2016\/09\/2560px-South_Vietnam_in_its_region-1-1024x512.png 1024w, https:\/\/geraldbaios.fr\/wp-content\/uploads\/2016\/09\/2560px-South_Vietnam_in_its_region-1-300x150.png 300w, https:\/\/geraldbaios.fr\/wp-content\/uploads\/2016\/09\/2560px-South_Vietnam_in_its_region-1-768x384.png 768w\" sizes=\"auto, (max-width: 500px) 100vw, 500px\" \/><strong>Le\u00a0Vietnam\u00a0actuel<\/strong><\/p>\n<p><span style=\"color: #000000;\">Apr\u00e8s la d\u00e9faite du Japon et l&rsquo;abdication de Bao Da\u00ef, le Vi\u00eat-minh proclamera, le 29 ao\u00fbt 1945<\/span><span style=\"color: #000000;\">, la R\u00e9publique d\u00e9mocratique du Vietnam, comprenant les trois <i>ky<\/i> (Tonkin, Annam et Cochinchine),\u00a0 avec comme capitale Hano\u00ef, et \u00e0 sa t\u00eate un gouvernement provisoire dirig\u00e9 par H\u00f4 Chi Minh.<\/span><\/p>\n<p>La <a href=\"https:\/\/fr.wikipedia.org\/wiki\/Guerre_d%27Indochine\">guerre d&rsquo;Indochine<\/a>\u00a0ou <b>guerre d&rsquo;ind\u00e9pendance d&rsquo;Indochine<\/b>, \u00e9galement d\u00e9sign\u00e9e au Vietnam comme la <b>guerre de r\u00e9sistance anti-fran\u00e7aise<\/b>, est un conflit arm\u00e9e qui se d\u00e9roula de 1946 \u00e0 1954 en Indochine fran\u00e7aise (ou F\u00e9d\u00e9ration indochinoise)\u00a0: actuels <a title=\"Vi\u00eat Nam\" href=\"https:\/\/fr.wikipedia.org\/wiki\/Vi%C3%AAt_Nam\">Vietnam<\/a>, <a title=\"Laos\" href=\"https:\/\/fr.wikipedia.org\/wiki\/Laos\">Laos<\/a> et <a title=\"Cambodge\" href=\"https:\/\/fr.wikipedia.org\/wiki\/Cambodge\">Cambodge<\/a>.<\/p>\n<p>Opposant l&rsquo;Union fran\u00e7aise au Vi\u00eat Minh, le conflit aboutit, suite aux accords de Gen\u00e8ve, \u00e0 la fin de la F\u00e9d\u00e9ration indochine et \u00e0 la division du territoire vietnamienne en deux \u00c9tats rivaux\u00a0: R\u00e9publique d\u00e9mocratique du Vi\u00eat Nam et Sud-Vi\u00eat Nam. La guerre d\u2019Indochine fit plus de 500\u00a0000\u00a0victimes et fut suivie par la <a title=\"Guerre du Vi\u00eat Nam\" href=\"https:\/\/fr.wikipedia.org\/wiki\/Guerre_du_Vi%C3%AAt_Nam\">guerre du Vi\u00eat Nam<\/a> (1955-1975).<\/p>\n<p><strong>Ci-dessous<\/strong>, une partie des ba\u00efonnettes utilis\u00e9es par le Vi\u00eat Nam, pour y acc\u00e9der il suffit de cliquer sur le lien.<\/p>\n<p><a href=\"https:\/\/geraldbaios.fr\/?p=741\">Ba\u00efonnette mod\u00e8le 56 court <\/a><\/p>\n<p><a href=\"https:\/\/geraldbaios.fr\/?p=737\">Ba\u00efonnette mod\u00e8le 56<\/a><\/p>\n<p><a href=\"https:\/\/geraldbaios.fr\/?p=732\">Ba\u00efonnette mod\u00e8le 56 pour fusil d&rsquo;assaut<\/a><\/p>\n<p><a href=\"https:\/\/geraldbaios.fr\/?p=1745\">Ba\u00efonnette mod\u00e8le SKS 45<\/a><\/p>\n","protected":false},"excerpt":{"rendered":"<p>L&rsquo;histoire du Vietnam Le\u00a0Vietnam\u00a0actuel Apr\u00e8s la d\u00e9faite du Japon et l&rsquo;abdication de Bao Da\u00ef, le Vi\u00eat-minh proclamera, le 29 ao\u00fbt 1945, la R\u00e9publique d\u00e9mocratique du Vietnam, comprenant les trois ky (Tonkin, Annam et Cochinchine),\u00a0 avec comme capitale Hano\u00ef, et \u00e0 sa t\u00eate un gouvernement provisoire dirig\u00e9 par H\u00f4 Chi Minh. La guerre d&rsquo;Indochine\u00a0ou guerre d&rsquo;ind\u00e9pendance [&hellip;]<\/p>\n","protected":false},"author":1,"featured_media":0,"comment_status":"open","ping_status":"closed","sticky":false,"template":"","format":"standard","meta":{"footnotes":""},"categories":[85],"tags":[],"class_list":["post-15115","post","type-post","status-publish","format-standard","hentry","category-viet-nam-2"],"_links":{"self":[{"href":"https:\/\/geraldbaios.fr\/index.php?rest_route=\/wp\/v2\/posts\/15115","targetHints":{"allow":["GET"]}}],"collection":[{"href":"https:\/\/geraldbaios.fr\/index.php?rest_route=\/wp\/v2\/posts"}],"about":[{"href":"https:\/\/geraldbaios.fr\/index.php?rest_route=\/wp\/v2\/types\/post"}],"author":[{"embeddable":true,"href":"https:\/\/geraldbaios.fr\/index.php?rest_route=\/wp\/v2\/users\/1"}],"replies":[{"embeddable":true,"href":"https:\/\/geraldbaios.fr\/index.php?rest_route=%2Fwp%2Fv2%2Fcomments&post=15115"}],"version-history":[{"count":28,"href":"https:\/\/geraldbaios.fr\/index.php?rest_route=\/wp\/v2\/posts\/15115\/revisions"}],"predecessor-version":[{"id":31259,"href":"https:\/\/geraldbaios.fr\/index.php?rest_route=\/wp\/v2\/posts\/15115\/revisions\/31259"}],"wp:attachment":[{"href":"https:\/\/geraldbaios.fr\/index.php?rest_route=%2Fwp%2Fv2%2Fmedia&parent=15115"}],"wp:term":[{"taxonomy":"category","embeddable":true,"href":"https:\/\/geraldbaios.fr\/index.php?rest_route=%2Fwp%2Fv2%2Fcategories&post=15115"},{"taxonomy":"post_tag","embeddable":true,"href":"https:\/\/geraldbaios.fr\/index.php?rest_route=%2Fwp%2Fv2%2Ftags&post=15115"}],"curies":[{"name":"wp","href":"https:\/\/api.w.org\/{rel}","templated":true}]}}