{"id":16204,"date":"2021-09-24T19:04:08","date_gmt":"2021-09-24T17:04:08","guid":{"rendered":"http:\/\/geraldbaios.fr\/?p=16204"},"modified":"2022-08-27T15:20:00","modified_gmt":"2022-08-27T13:20:00","slug":"16204","status":"publish","type":"post","link":"https:\/\/geraldbaios.fr\/?p=16204","title":{"rendered":"Ba\u00efonnette-\u00e9p\u00e9e Gras M-1874 de prise \u00ab\u00a0N 1511\u00a0\u00bb"},"content":{"rendered":"<p style=\"text-align: center;\"><img loading=\"lazy\" decoding=\"async\" class=\"aligncenter size-large wp-image-41850\" src=\"https:\/\/geraldbaios.fr\/wp-content\/uploads\/2015\/01\/Gras-\u00b01\u00b0-1024x273.jpg\" alt=\"\" width=\"800\" height=\"213\" srcset=\"https:\/\/geraldbaios.fr\/wp-content\/uploads\/2015\/01\/Gras-\u00b01\u00b0-1024x273.jpg 1024w, https:\/\/geraldbaios.fr\/wp-content\/uploads\/2015\/01\/Gras-\u00b01\u00b0-300x80.jpg 300w, https:\/\/geraldbaios.fr\/wp-content\/uploads\/2015\/01\/Gras-\u00b01\u00b0-768x205.jpg 768w, https:\/\/geraldbaios.fr\/wp-content\/uploads\/2015\/01\/Gras-\u00b01\u00b0-1536x410.jpg 1536w, https:\/\/geraldbaios.fr\/wp-content\/uploads\/2015\/01\/Gras-\u00b01\u00b0-2048x546.jpg 2048w\" sizes=\"auto, (max-width: 800px) 100vw, 800px\" \/><\/p>\n<p><strong>Longueur :<\/strong>\u00a0643 mm<br \/>\n<strong>\u00f8<\/strong><strong>\u00a0interne\u00a0<\/strong><strong>de la douille<\/strong>\u00a0<strong>:<\/strong><strong>\u00a0<\/strong>17,5\u00a0mm<\/p>\n<p><strong>Armement : <\/strong>fusil G 88<a title=\"Chassepot\" href=\"https:\/\/translate.googleusercontent.com\/translate_c?depth=1&amp;hl=fr&amp;prev=search&amp;rurl=translate.google.fr&amp;sl=en&amp;sp=nmt4&amp;u=https:\/\/en.wikipedia.org\/wiki\/Chassepot&amp;usg=ALkJrhhcbznVTSt_uWW2tDbywWM-zZ__gw\"><br \/>\n<\/a><strong>Fixation : <\/strong>sur le\u00a0c\u00f4t\u00e9 droit du canon<\/p>\n<p><strong>Valeur :<\/strong>\u00a0\u20ac\u20ac\u20ac \u20ac\u20ac\u20ac<strong><br \/>\n<\/strong><strong>Raret\u00e9 :<\/strong>\u00a0<strong><a href=\"https:\/\/geraldbaios.fr\/wp-content\/uploads\/2015\/02\/che1valier.gif\"><img loading=\"lazy\" decoding=\"async\" class=\" size-full wp-image-294 alignnone\" src=\"https:\/\/geraldbaios.fr\/wp-content\/uploads\/2015\/02\/che1valier.gif\" alt=\"che1valier\" width=\"40\" height=\"30\" \/><\/a><\/strong><strong><a href=\"https:\/\/geraldbaios.fr\/wp-content\/uploads\/2015\/02\/che1valier.gif\"><img loading=\"lazy\" decoding=\"async\" class=\" size-full wp-image-294 alignnone\" src=\"https:\/\/geraldbaios.fr\/wp-content\/uploads\/2015\/02\/che1valier.gif\" alt=\"che1valier\" width=\"40\" height=\"30\" \/><\/a><\/strong><strong><a href=\"https:\/\/geraldbaios.fr\/wp-content\/uploads\/2015\/02\/che1valier.gif\"><img loading=\"lazy\" decoding=\"async\" class=\" size-full wp-image-294 alignnone\" src=\"https:\/\/geraldbaios.fr\/wp-content\/uploads\/2015\/02\/che1valier.gif\" alt=\"che1valier\" width=\"40\" height=\"30\" \/><\/a><\/strong><strong><a href=\"https:\/\/geraldbaios.fr\/wp-content\/uploads\/2015\/02\/che1valier.gif\"><img loading=\"lazy\" decoding=\"async\" class=\" size-full wp-image-294 alignnone\" src=\"https:\/\/geraldbaios.fr\/wp-content\/uploads\/2015\/02\/che1valier.gif\" alt=\"che1valier\" width=\"40\" height=\"30\" \/><\/a><a href=\"https:\/\/geraldbaios.fr\/wp-content\/uploads\/2015\/02\/che1valier.gif\"><img loading=\"lazy\" decoding=\"async\" class=\" size-full wp-image-294 alignnone\" src=\"https:\/\/geraldbaios.fr\/wp-content\/uploads\/2015\/02\/che1valier.gif\" alt=\"che1valier\" width=\"40\" height=\"30\" \/><\/a><a href=\"https:\/\/geraldbaios.fr\/wp-content\/uploads\/2015\/02\/che1valier.gif\"><img loading=\"lazy\" decoding=\"async\" class=\" size-full wp-image-294 alignnone\" src=\"https:\/\/geraldbaios.fr\/wp-content\/uploads\/2015\/02\/che1valier.gif\" alt=\"che1valier\" width=\"40\" height=\"30\" \/><\/a><a href=\"https:\/\/geraldbaios.fr\/wp-content\/uploads\/2015\/02\/che1valier.gif\"><br \/>\n<\/a><\/strong><strong><br \/>\n<\/strong>Durant la premi\u00e8re Guerre Mondiale, le fusil Gras \u00e9tait attribu\u00e9 aux territoriaux fran\u00e7ais. Certaines <a class=\"row-title\" href=\"https:\/\/geraldbaios.fr\/?p=6423\" aria-label=\"\u00ab\u00a0Ba\u00efonnette \u00e9p\u00e9e Gras mod\u00e8le 1874\u00a0\u00bb (Modifier)\">ba\u00efonnettes \u00e9p\u00e9e M-1874<\/a>\u00a0de prises ont \u00e9t\u00e9 r\u00e9cup\u00e9r\u00e9es et transform\u00e9es pour \u00eatre de nouveau utilis\u00e9es avec un G-88 par le\u00a0\u00ab\u00a0Landwhr garde de prisonniers\u00a0\u00bb.<\/p>\n<p style=\"text-align: center;\"><img loading=\"lazy\" decoding=\"async\" class=\"aligncenter wp-image-41851\" src=\"https:\/\/geraldbaios.fr\/wp-content\/uploads\/2015\/01\/Gras-\u00b02\u00b0-1024x592.jpg\" alt=\"\" width=\"500\" height=\"289\" srcset=\"https:\/\/geraldbaios.fr\/wp-content\/uploads\/2015\/01\/Gras-\u00b02\u00b0-1024x592.jpg 1024w, https:\/\/geraldbaios.fr\/wp-content\/uploads\/2015\/01\/Gras-\u00b02\u00b0-300x174.jpg 300w, https:\/\/geraldbaios.fr\/wp-content\/uploads\/2015\/01\/Gras-\u00b02\u00b0-768x444.jpg 768w, https:\/\/geraldbaios.fr\/wp-content\/uploads\/2015\/01\/Gras-\u00b02\u00b0-1536x889.jpg 1536w, https:\/\/geraldbaios.fr\/wp-content\/uploads\/2015\/01\/Gras-\u00b02\u00b0-2048x1185.jpg 2048w\" sizes=\"auto, (max-width: 500px) 100vw, 500px\" \/> <img loading=\"lazy\" decoding=\"async\" class=\"aligncenter wp-image-41852\" src=\"https:\/\/geraldbaios.fr\/wp-content\/uploads\/2015\/01\/Gras-\u00b03\u00b0-1024x587.jpg\" alt=\"\" width=\"501\" height=\"287\" srcset=\"https:\/\/geraldbaios.fr\/wp-content\/uploads\/2015\/01\/Gras-\u00b03\u00b0-1024x587.jpg 1024w, https:\/\/geraldbaios.fr\/wp-content\/uploads\/2015\/01\/Gras-\u00b03\u00b0-300x172.jpg 300w, https:\/\/geraldbaios.fr\/wp-content\/uploads\/2015\/01\/Gras-\u00b03\u00b0-768x440.jpg 768w, https:\/\/geraldbaios.fr\/wp-content\/uploads\/2015\/01\/Gras-\u00b03\u00b0-1536x880.jpg 1536w, https:\/\/geraldbaios.fr\/wp-content\/uploads\/2015\/01\/Gras-\u00b03\u00b0-2048x1173.jpg 2048w\" sizes=\"auto, (max-width: 501px) 100vw, 501px\" \/><strong>Evidement sur le pommeau destin\u00e9 \u00e0 int\u00e9grer l&rsquo;extension<\/strong><img loading=\"lazy\" decoding=\"async\" class=\"aligncenter wp-image-41853\" src=\"https:\/\/geraldbaios.fr\/wp-content\/uploads\/2015\/01\/Gras-\u00b04\u00b0-1024x327.jpg\" alt=\"\" width=\"499\" height=\"159\" srcset=\"https:\/\/geraldbaios.fr\/wp-content\/uploads\/2015\/01\/Gras-\u00b04\u00b0-1024x327.jpg 1024w, https:\/\/geraldbaios.fr\/wp-content\/uploads\/2015\/01\/Gras-\u00b04\u00b0-300x96.jpg 300w, https:\/\/geraldbaios.fr\/wp-content\/uploads\/2015\/01\/Gras-\u00b04\u00b0-768x245.jpg 768w, https:\/\/geraldbaios.fr\/wp-content\/uploads\/2015\/01\/Gras-\u00b04\u00b0-1536x491.jpg 1536w, https:\/\/geraldbaios.fr\/wp-content\/uploads\/2015\/01\/Gras-\u00b04\u00b0-2048x654.jpg 2048w\" sizes=\"auto, (max-width: 499px) 100vw, 499px\" \/><strong>\u00a0Poign\u00e9e en partie abras\u00e9e<\/strong><br \/>\n<img loading=\"lazy\" decoding=\"async\" class=\"aligncenter wp-image-16217\" src=\"https:\/\/geraldbaios.fr\/wp-content\/uploads\/2015\/01\/Gras-06-684x1024.jpg\" alt=\"\" width=\"204\" height=\"305\" srcset=\"https:\/\/geraldbaios.fr\/wp-content\/uploads\/2015\/01\/Gras-06-684x1024.jpg 684w, https:\/\/geraldbaios.fr\/wp-content\/uploads\/2015\/01\/Gras-06-200x300.jpg 200w, https:\/\/geraldbaios.fr\/wp-content\/uploads\/2015\/01\/Gras-06-768x1150.jpg 768w, https:\/\/geraldbaios.fr\/wp-content\/uploads\/2015\/01\/Gras-06.jpg 1608w\" sizes=\"auto, (max-width: 204px) 100vw, 204px\" \/><strong>Ergot de verrouillage du syst\u00e8me Gras, \u00e0 l&rsquo;int\u00e9rieur de la rainure supprim\u00e9<\/strong><\/p>\n<p style=\"text-align: left;\"><strong>La poign\u00e9e,\u00a0<\/strong>malgr\u00e9 son apparence, a subi plusieurs grosses modifications.\u00a0Le ressort \u00e0 lame a \u00e9t\u00e9 d\u00e9solidaris\u00e9 de la soie afin de pouvoir d\u00e9gager le verrou, l&rsquo;ergot inutile qui \u00e9tait utilis\u00e9 pour la fixation sur le fusil Gras, supprim\u00e9. Le dessus du pommeau ainsi qu&rsquo;une partie de la poign\u00e9e ont \u00e9t\u00e9 usin\u00e9s afin d&rsquo;en r\u00e9duire la hauteur. Un \u00e9videment \u00e0 droite sur l&rsquo;arri\u00e8re du pommeau, pr\u00e8s du logement du ressort a \u00e9t\u00e9 r\u00e9alis\u00e9 afin de pouvoir int\u00e9grer une petite extension en acier destin\u00e9e \u00e0 verrouiller la ba\u00efonnette au fusil G-88. Le ressort d&rsquo;origine maintenant l&rsquo;extension a ensuite \u00e9t\u00e9 remis en place dans le pommeau.<\/p>\n<p style=\"text-align: center;\"><img loading=\"lazy\" decoding=\"async\" class=\"aligncenter wp-image-27485\" src=\"https:\/\/geraldbaios.fr\/wp-content\/uploads\/2015\/01\/Gras-UVF-Gew88-.jpg\" alt=\"\" width=\"501\" height=\"376\" srcset=\"https:\/\/geraldbaios.fr\/wp-content\/uploads\/2015\/01\/Gras-UVF-Gew88-.jpg 600w, https:\/\/geraldbaios.fr\/wp-content\/uploads\/2015\/01\/Gras-UVF-Gew88--300x225.jpg 300w\" sizes=\"auto, (max-width: 501px) 100vw, 501px\" \/><strong>Poign\u00e9e munie de l&rsquo;extension mont\u00e9e sur un fusil G 88 (photo trouv\u00e9e sur internet)<\/strong><\/p>\n<p>La bague n&rsquo;a subi aucune transformation, elle n&rsquo;int\u00e8gre pas l&rsquo;extr\u00e9mit\u00e9 du canon, la fixation de la poign\u00e9e sur l&rsquo;arme n&rsquo;est pas assur\u00e9e.<\/p>\n<p style=\"text-align: center;\"><img loading=\"lazy\" decoding=\"async\" class=\"aligncenter wp-image-41854\" src=\"https:\/\/geraldbaios.fr\/wp-content\/uploads\/2015\/01\/Gras-\u00b05\u00b0-1024x173.jpg\" alt=\"\" width=\"602\" height=\"102\" srcset=\"https:\/\/geraldbaios.fr\/wp-content\/uploads\/2015\/01\/Gras-\u00b05\u00b0-1024x173.jpg 1024w, https:\/\/geraldbaios.fr\/wp-content\/uploads\/2015\/01\/Gras-\u00b05\u00b0-300x51.jpg 300w, https:\/\/geraldbaios.fr\/wp-content\/uploads\/2015\/01\/Gras-\u00b05\u00b0-768x130.jpg 768w, https:\/\/geraldbaios.fr\/wp-content\/uploads\/2015\/01\/Gras-\u00b05\u00b0-1536x260.jpg 1536w, https:\/\/geraldbaios.fr\/wp-content\/uploads\/2015\/01\/Gras-\u00b05\u00b0-2048x346.jpg 2048w\" sizes=\"auto, (max-width: 602px) 100vw, 602px\" \/><strong>Dos de la lame meul\u00e9 car d\u00e9form\u00e9 lors de la pliure<\/strong><\/p>\n<p><strong>La lame<\/strong> a d\u00fb subir une d\u00e9licate op\u00e9ration qui consistait \u00e0 la plier afin de la d\u00e9gager l\u00e9g\u00e8rement de l&rsquo;axe de tir du canon, car du fait de la transformation de la poign\u00e9e le dos aurait g\u00ean\u00e9 la balle.<\/p>\n<p><strong>Le fourreau<\/strong> n&rsquo;a subi aucune transformation.<\/p>\n<p>Le 28\/07\/21.<\/p>\n","protected":false},"excerpt":{"rendered":"<p>Longueur :\u00a0643 mm \u00f8\u00a0interne\u00a0de la douille\u00a0:\u00a017,5\u00a0mm Armement : fusil G 88 Fixation : sur le\u00a0c\u00f4t\u00e9 droit du canon Valeur :\u00a0\u20ac\u20ac\u20ac \u20ac\u20ac\u20ac Raret\u00e9 :\u00a0 Durant la premi\u00e8re Guerre Mondiale, le fusil Gras \u00e9tait attribu\u00e9 aux territoriaux fran\u00e7ais. Certaines ba\u00efonnettes \u00e9p\u00e9e M-1874\u00a0de prises ont \u00e9t\u00e9 r\u00e9cup\u00e9r\u00e9es et transform\u00e9es pour \u00eatre de nouveau utilis\u00e9es avec un G-88 par [&hellip;]<\/p>\n","protected":false},"author":1,"featured_media":0,"comment_status":"open","ping_status":"closed","sticky":false,"template":"","format":"standard","meta":{"footnotes":""},"categories":[151],"tags":[],"class_list":["post-16204","post","type-post","status-publish","format-standard","hentry","category-liens-n-du-nouvel-abc"],"_links":{"self":[{"href":"https:\/\/geraldbaios.fr\/index.php?rest_route=\/wp\/v2\/posts\/16204","targetHints":{"allow":["GET"]}}],"collection":[{"href":"https:\/\/geraldbaios.fr\/index.php?rest_route=\/wp\/v2\/posts"}],"about":[{"href":"https:\/\/geraldbaios.fr\/index.php?rest_route=\/wp\/v2\/types\/post"}],"author":[{"embeddable":true,"href":"https:\/\/geraldbaios.fr\/index.php?rest_route=\/wp\/v2\/users\/1"}],"replies":[{"embeddable":true,"href":"https:\/\/geraldbaios.fr\/index.php?rest_route=%2Fwp%2Fv2%2Fcomments&post=16204"}],"version-history":[{"count":61,"href":"https:\/\/geraldbaios.fr\/index.php?rest_route=\/wp\/v2\/posts\/16204\/revisions"}],"predecessor-version":[{"id":46319,"href":"https:\/\/geraldbaios.fr\/index.php?rest_route=\/wp\/v2\/posts\/16204\/revisions\/46319"}],"wp:attachment":[{"href":"https:\/\/geraldbaios.fr\/index.php?rest_route=%2Fwp%2Fv2%2Fmedia&parent=16204"}],"wp:term":[{"taxonomy":"category","embeddable":true,"href":"https:\/\/geraldbaios.fr\/index.php?rest_route=%2Fwp%2Fv2%2Fcategories&post=16204"},{"taxonomy":"post_tag","embeddable":true,"href":"https:\/\/geraldbaios.fr\/index.php?rest_route=%2Fwp%2Fv2%2Ftags&post=16204"}],"curies":[{"name":"wp","href":"https:\/\/api.w.org\/{rel}","templated":true}]}}