{"id":1745,"date":"2022-04-25T18:51:38","date_gmt":"2022-04-25T16:51:38","guid":{"rendered":"http:\/\/geraldbaios.fr\/?p=1745"},"modified":"2022-08-07T14:22:20","modified_gmt":"2022-08-07T12:22:20","slug":"baionnette-1949-sks","status":"publish","type":"post","link":"https:\/\/geraldbaios.fr\/?p=1745","title":{"rendered":"Ba\u00efonnette mod\u00e8le 1945 SKS \u00ab\u00a0N 201\u00a0\u00bb"},"content":{"rendered":"<p><img loading=\"lazy\" decoding=\"async\" class=\"aligncenter wp-image-42443\" src=\"https:\/\/geraldbaios.fr\/wp-content\/uploads\/2015\/04\/sks-\u00b01\u00b0\u00b01-1024x412.jpg\" alt=\"\" width=\"750\" height=\"302\" srcset=\"https:\/\/geraldbaios.fr\/wp-content\/uploads\/2015\/04\/sks-\u00b01\u00b0\u00b01-1024x412.jpg 1024w, https:\/\/geraldbaios.fr\/wp-content\/uploads\/2015\/04\/sks-\u00b01\u00b0\u00b01-300x121.jpg 300w, https:\/\/geraldbaios.fr\/wp-content\/uploads\/2015\/04\/sks-\u00b01\u00b0\u00b01-768x309.jpg 768w, https:\/\/geraldbaios.fr\/wp-content\/uploads\/2015\/04\/sks-\u00b01\u00b0\u00b01-1536x618.jpg 1536w, https:\/\/geraldbaios.fr\/wp-content\/uploads\/2015\/04\/sks-\u00b01\u00b0\u00b01-2048x824.jpg 2048w\" sizes=\"auto, (max-width: 750px) 100vw, 750px\" \/><\/p>\n<p><strong>Longueur :<\/strong>\u00a0312 mm<br \/>\n<strong>\u00f8<\/strong>\u00a0<strong>interne de la douille :<\/strong>\u00a014 mm<\/p>\n<p><img loading=\"lazy\" decoding=\"async\" class=\"aligncenter wp-image-19048\" src=\"https:\/\/geraldbaios.fr\/wp-content\/uploads\/2015\/04\/URSS-SKS.jpg\" alt=\"\" width=\"501\" height=\"376\" srcset=\"https:\/\/geraldbaios.fr\/wp-content\/uploads\/2015\/04\/URSS-SKS.jpg 564w, https:\/\/geraldbaios.fr\/wp-content\/uploads\/2015\/04\/URSS-SKS-300x225.jpg 300w\" sizes=\"auto, (max-width: 501px) 100vw, 501px\" \/><\/p>\n<p><strong>Armement :<\/strong>\u00a0 <span class=\"notranslate\">La carabine\u00a0<\/span>Simonov SKS M-1945 <span class=\"notranslate\">a \u00e9t\u00e9 fabriqu\u00e9e \u00e0 <strong>Tula<\/strong> Arsenal (de 1945 \u00e0 1958) et \u00e0 <strong>Izhevsk<\/strong> Arsenal (de 1953 et 1954) \u00e0 environ 2,7 millions d&rsquo;exemplaires.<\/span> <span class=\"notranslate\">Au d\u00e9but des ann\u00e9es 1950, les sovi\u00e9tiques ont retir\u00e9 la carabine SKS du service de premi\u00e8re ligne et l&rsquo;ont remplac\u00e9e par l&rsquo;AK 47\u00a0<\/span><span class=\"notranslate\">cependant, la SKS est rest\u00e9e en service en deuxi\u00e8me ligne pendant des d\u00e9cennies.<\/span><\/p>\n<p><strong>Fixation : <\/strong>de fa\u00e7on permanente sur l&rsquo;arme<\/p>\n<p><strong>Valeur :\u00a0<\/strong>\u00a0\u20ac\u20ac<br \/>\n<strong>Raret\u00e9 :<\/strong>\u00a0<strong><a href=\"https:\/\/geraldbaios.fr\/wp-content\/uploads\/2015\/02\/che1valier.gif\"><img loading=\"lazy\" decoding=\"async\" class=\" size-full wp-image-294 alignnone\" src=\"https:\/\/geraldbaios.fr\/wp-content\/uploads\/2015\/02\/che1valier.gif\" alt=\"che1valier\" width=\"40\" height=\"30\" \/><\/a><\/strong><strong><a href=\"https:\/\/geraldbaios.fr\/wp-content\/uploads\/2015\/02\/che1valier.gif\"><img loading=\"lazy\" decoding=\"async\" class=\" size-full wp-image-294 alignnone\" src=\"https:\/\/geraldbaios.fr\/wp-content\/uploads\/2015\/02\/che1valier.gif\" alt=\"che1valier\" width=\"40\" height=\"30\" \/><\/a><\/strong><strong><a href=\"https:\/\/geraldbaios.fr\/wp-content\/uploads\/2015\/02\/che1valier.gif\"><img loading=\"lazy\" decoding=\"async\" class=\" size-full wp-image-294 alignnone\" src=\"https:\/\/geraldbaios.fr\/wp-content\/uploads\/2015\/02\/che1valier.gif\" alt=\"che1valier\" width=\"40\" height=\"30\" \/><\/a><a href=\"https:\/\/geraldbaios.fr\/wp-content\/uploads\/2015\/02\/che1valier.gif\"><img loading=\"lazy\" decoding=\"async\" class=\" size-full wp-image-294 alignnone\" src=\"https:\/\/geraldbaios.fr\/wp-content\/uploads\/2015\/02\/che1valier.gif\" alt=\"che1valier\" width=\"40\" height=\"30\" \/><\/a><a href=\"https:\/\/geraldbaios.fr\/wp-content\/uploads\/2015\/02\/che1valier.gif\"><img loading=\"lazy\" decoding=\"async\" class=\" size-full wp-image-294 alignnone\" src=\"https:\/\/geraldbaios.fr\/wp-content\/uploads\/2015\/02\/che1valier.gif\" alt=\"che1valier\" width=\"40\" height=\"30\" \/><\/a><br \/>\n<\/strong><\/p>\n<p><span style=\"line-height: 1.5;\">Comme pour le mod\u00e8le 1944, cette ba\u00efonnette<\/span><span style=\"line-height: 1.5;\">\u00a0pliante est fix\u00e9e de fa\u00e7on permanente \u00e0 l&rsquo;aide d&rsquo;une vis \u00e0 la carabine. Elle a \u00e9t\u00e9 utilis\u00e9e par divers pays, notamment par l&rsquo;Egypte et les troupes nord-vietnamienne. \u00a0<\/span><\/p>\n<p style=\"text-align: center;\"><img loading=\"lazy\" decoding=\"async\" class=\"aligncenter wp-image-42444\" src=\"https:\/\/geraldbaios.fr\/wp-content\/uploads\/2015\/04\/sks-\u00b01\u00b0\u00b05-888x1024.jpg\" alt=\"\" width=\"301\" height=\"347\" srcset=\"https:\/\/geraldbaios.fr\/wp-content\/uploads\/2015\/04\/sks-\u00b01\u00b0\u00b05-888x1024.jpg 888w, https:\/\/geraldbaios.fr\/wp-content\/uploads\/2015\/04\/sks-\u00b01\u00b0\u00b05-260x300.jpg 260w, https:\/\/geraldbaios.fr\/wp-content\/uploads\/2015\/04\/sks-\u00b01\u00b0\u00b05-768x885.jpg 768w, https:\/\/geraldbaios.fr\/wp-content\/uploads\/2015\/04\/sks-\u00b01\u00b0\u00b05-1333x1536.jpg 1333w, https:\/\/geraldbaios.fr\/wp-content\/uploads\/2015\/04\/sks-\u00b01\u00b0\u00b05-1777x2048.jpg 1777w\" sizes=\"auto, (max-width: 301px) 100vw, 301px\" \/><strong>Poin\u00e7on d&rsquo;origine russe (un triangle avec une fl\u00e8che \u00e0 l&rsquo;int\u00e9rieur, ISHEVS<\/strong><img loading=\"lazy\" decoding=\"async\" class=\"aligncenter wp-image-42445\" src=\"https:\/\/geraldbaios.fr\/wp-content\/uploads\/2015\/04\/sks-\u00b01\u00b0\u00b02-1024x666.jpg\" alt=\"\" width=\"400\" height=\"260\" srcset=\"https:\/\/geraldbaios.fr\/wp-content\/uploads\/2015\/04\/sks-\u00b01\u00b0\u00b02-1024x666.jpg 1024w, https:\/\/geraldbaios.fr\/wp-content\/uploads\/2015\/04\/sks-\u00b01\u00b0\u00b02-300x195.jpg 300w, https:\/\/geraldbaios.fr\/wp-content\/uploads\/2015\/04\/sks-\u00b01\u00b0\u00b02-768x499.jpg 768w, https:\/\/geraldbaios.fr\/wp-content\/uploads\/2015\/04\/sks-\u00b01\u00b0\u00b02-1536x999.jpg 1536w, https:\/\/geraldbaios.fr\/wp-content\/uploads\/2015\/04\/sks-\u00b01\u00b0\u00b02-2048x1332.jpg 2048w\" sizes=\"auto, (max-width: 400px) 100vw, 400px\" \/><a href=\"https:\/\/geraldbaios.fr\/wp-content\/uploads\/2015\/08\/1949-02.jpg\"><img loading=\"lazy\" decoding=\"async\" class=\"aligncenter wp-image-42446\" src=\"https:\/\/geraldbaios.fr\/wp-content\/uploads\/2015\/04\/sks-\u00b01\u00b0\u00b07-1024x747.jpg\" alt=\"\" width=\"400\" height=\"292\" srcset=\"https:\/\/geraldbaios.fr\/wp-content\/uploads\/2015\/04\/sks-\u00b01\u00b0\u00b07-1024x747.jpg 1024w, https:\/\/geraldbaios.fr\/wp-content\/uploads\/2015\/04\/sks-\u00b01\u00b0\u00b07-300x219.jpg 300w, https:\/\/geraldbaios.fr\/wp-content\/uploads\/2015\/04\/sks-\u00b01\u00b0\u00b07-768x561.jpg 768w, https:\/\/geraldbaios.fr\/wp-content\/uploads\/2015\/04\/sks-\u00b01\u00b0\u00b07-1536x1121.jpg 1536w, https:\/\/geraldbaios.fr\/wp-content\/uploads\/2015\/04\/sks-\u00b01\u00b0\u00b07-2048x1495.jpg 2048w\" sizes=\"auto, (max-width: 400px) 100vw, 400px\" \/><\/a><b>Manchon fabriqu\u00e9 apr\u00e8s 1952 \u00a0\u00a0<\/b><\/p>\n<p><strong>Le syst\u00e8me de verrouillage<\/strong> \u00e0 l&rsquo;arme est commun \u00e0 toutes les ba\u00efonnettes de type SKS. Uniquement pour le mod\u00e8le russe, deux types de manchons existent, de 1949 \u00e0 1952 les pattes de l&rsquo;\u00e9videment sont parall\u00e8les, \u00e0 partir de 1952 la patte du dessous est frais\u00e9e, ceci afin d&rsquo;am\u00e9liorer la fixation de la ba\u00efonnette \u00e0 l&rsquo;arme.<\/p>\n<p style=\"text-align: center;\"><img loading=\"lazy\" decoding=\"async\" class=\"aligncenter wp-image-42450\" src=\"https:\/\/geraldbaios.fr\/wp-content\/uploads\/2015\/04\/sks-\u00b01\u00b0\u00b03-1024x193.jpg\" alt=\"\" width=\"599\" height=\"113\" srcset=\"https:\/\/geraldbaios.fr\/wp-content\/uploads\/2015\/04\/sks-\u00b01\u00b0\u00b03-1024x193.jpg 1024w, https:\/\/geraldbaios.fr\/wp-content\/uploads\/2015\/04\/sks-\u00b01\u00b0\u00b03-300x56.jpg 300w, https:\/\/geraldbaios.fr\/wp-content\/uploads\/2015\/04\/sks-\u00b01\u00b0\u00b03-768x145.jpg 768w, https:\/\/geraldbaios.fr\/wp-content\/uploads\/2015\/04\/sks-\u00b01\u00b0\u00b03-1536x289.jpg 1536w, https:\/\/geraldbaios.fr\/wp-content\/uploads\/2015\/04\/sks-\u00b01\u00b0\u00b03-2048x386.jpg 2048w\" sizes=\"auto, (max-width: 599px) 100vw, 599px\" \/><img loading=\"lazy\" decoding=\"async\" class=\"aligncenter wp-image-42449\" src=\"https:\/\/geraldbaios.fr\/wp-content\/uploads\/2015\/04\/sks-\u00b01\u00b0\u00b04-706x1024.jpg\" alt=\"\" width=\"300\" height=\"435\" srcset=\"https:\/\/geraldbaios.fr\/wp-content\/uploads\/2015\/04\/sks-\u00b01\u00b0\u00b04-706x1024.jpg 706w, https:\/\/geraldbaios.fr\/wp-content\/uploads\/2015\/04\/sks-\u00b01\u00b0\u00b04-207x300.jpg 207w, https:\/\/geraldbaios.fr\/wp-content\/uploads\/2015\/04\/sks-\u00b01\u00b0\u00b04-768x1113.jpg 768w, https:\/\/geraldbaios.fr\/wp-content\/uploads\/2015\/04\/sks-\u00b01\u00b0\u00b04-1059x1536.jpg 1059w, https:\/\/geraldbaios.fr\/wp-content\/uploads\/2015\/04\/sks-\u00b01\u00b0\u00b04-1413x2048.jpg 1413w, https:\/\/geraldbaios.fr\/wp-content\/uploads\/2015\/04\/sks-\u00b01\u00b0\u00b04.jpg 1703w\" sizes=\"auto, (max-width: 300px) 100vw, 300px\" \/><strong>Poin\u00e7on d&rsquo;origine russe (un triangle avec une fl\u00e8che \u00e0 l&rsquo;int\u00e9rieur, ISHEVSK)<\/strong><\/p>\n<p><strong>La lame<\/strong> est munie d&rsquo;une <span style=\"line-height: 1.5;\"><a href=\"https:\/\/geraldbaios.fr\/?p=14681\">goutti\u00e8re <\/a>sur chaque face, son<\/span>\u00a0extr\u00e9mit\u00e9 est en forme de pointe de lance, sa finition peut \u00eatre polie brillant, phosphat\u00e9e, ou chrom\u00e9e.<\/p>\n<p style=\"text-align: left;\"><strong>Apparition :<br \/>\n<\/strong>Ce mod\u00e8le fix\u00e9 \u00e0 la carabine fait une br\u00e8ve apparition dans le clip video de la chanson (Nathalie) de Gilbert B\u00e9caud.<\/p>\n<p><strong><span style=\"color: #000000;\">Avis personnel sur\u00a0<span style=\"caret-color: #000000;\">l&rsquo;attrait de ce mod\u00e8le<\/span>\u00a0:<br \/>\n<\/span><\/strong>Sans son m\u00e9canisme de fixation \u00e0 la carabine, ce mod\u00e8le n&rsquo;a aucun attrait, complet il trouve sa place dans une collection. Le mod\u00e8le avec lame chrom\u00e9e, destin\u00e9e aux c\u00e9r\u00e9monies officielles est particuli\u00e8rement int\u00e9ressant.<\/p>\n<p>Le 29\/08\/21.<\/p>\n","protected":false},"excerpt":{"rendered":"<p>Longueur :\u00a0312 mm \u00f8\u00a0interne de la douille :\u00a014 mm Armement :\u00a0 La carabine\u00a0Simonov SKS M-1945 a \u00e9t\u00e9 fabriqu\u00e9e \u00e0 Tula Arsenal (de 1945 \u00e0 1958) et \u00e0 Izhevsk Arsenal (de 1953 et 1954) \u00e0 environ 2,7 millions d&rsquo;exemplaires. Au d\u00e9but des ann\u00e9es 1950, les sovi\u00e9tiques ont retir\u00e9 la carabine SKS du service de premi\u00e8re ligne [&hellip;]<\/p>\n","protected":false},"author":1,"featured_media":0,"comment_status":"open","ping_status":"open","sticky":false,"template":"","format":"standard","meta":{"footnotes":""},"categories":[151],"tags":[],"class_list":["post-1745","post","type-post","status-publish","format-standard","hentry","category-liens-n-du-nouvel-abc"],"_links":{"self":[{"href":"https:\/\/geraldbaios.fr\/index.php?rest_route=\/wp\/v2\/posts\/1745","targetHints":{"allow":["GET"]}}],"collection":[{"href":"https:\/\/geraldbaios.fr\/index.php?rest_route=\/wp\/v2\/posts"}],"about":[{"href":"https:\/\/geraldbaios.fr\/index.php?rest_route=\/wp\/v2\/types\/post"}],"author":[{"embeddable":true,"href":"https:\/\/geraldbaios.fr\/index.php?rest_route=\/wp\/v2\/users\/1"}],"replies":[{"embeddable":true,"href":"https:\/\/geraldbaios.fr\/index.php?rest_route=%2Fwp%2Fv2%2Fcomments&post=1745"}],"version-history":[{"count":80,"href":"https:\/\/geraldbaios.fr\/index.php?rest_route=\/wp\/v2\/posts\/1745\/revisions"}],"predecessor-version":[{"id":46084,"href":"https:\/\/geraldbaios.fr\/index.php?rest_route=\/wp\/v2\/posts\/1745\/revisions\/46084"}],"wp:attachment":[{"href":"https:\/\/geraldbaios.fr\/index.php?rest_route=%2Fwp%2Fv2%2Fmedia&parent=1745"}],"wp:term":[{"taxonomy":"category","embeddable":true,"href":"https:\/\/geraldbaios.fr\/index.php?rest_route=%2Fwp%2Fv2%2Fcategories&post=1745"},{"taxonomy":"post_tag","embeddable":true,"href":"https:\/\/geraldbaios.fr\/index.php?rest_route=%2Fwp%2Fv2%2Ftags&post=1745"}],"curies":[{"name":"wp","href":"https:\/\/api.w.org\/{rel}","templated":true}]}}