{"id":19303,"date":"2021-09-27T18:45:26","date_gmt":"2021-09-27T16:45:26","guid":{"rendered":"http:\/\/geraldbaios.fr\/?p=19303"},"modified":"2022-08-26T11:25:49","modified_gmt":"2022-08-26T09:25:49","slug":"baionnette-modele","status":"publish","type":"post","link":"https:\/\/geraldbaios.fr\/?p=19303","title":{"rendered":"Ba\u00efonnette M-1895 d&rsquo;essai Daudeteau \u00ab\u00a0N 1453\u00a0\u00bb"},"content":{"rendered":"<p><img loading=\"lazy\" decoding=\"async\" class=\"aligncenter size-large wp-image-39230\" src=\"https:\/\/geraldbaios.fr\/wp-content\/uploads\/2015\/06\/Mod\u00e8le-1895-\u00b0\u00b0\u00b0\u00b04-1024x245.jpg\" alt=\"\" width=\"800\" height=\"191\" srcset=\"https:\/\/geraldbaios.fr\/wp-content\/uploads\/2015\/06\/Mod\u00e8le-1895-\u00b0\u00b0\u00b0\u00b04-1024x245.jpg 1024w, https:\/\/geraldbaios.fr\/wp-content\/uploads\/2015\/06\/Mod\u00e8le-1895-\u00b0\u00b0\u00b0\u00b04-300x72.jpg 300w, https:\/\/geraldbaios.fr\/wp-content\/uploads\/2015\/06\/Mod\u00e8le-1895-\u00b0\u00b0\u00b0\u00b04-768x184.jpg 768w, https:\/\/geraldbaios.fr\/wp-content\/uploads\/2015\/06\/Mod\u00e8le-1895-\u00b0\u00b0\u00b0\u00b04-1536x367.jpg 1536w, https:\/\/geraldbaios.fr\/wp-content\/uploads\/2015\/06\/Mod\u00e8le-1895-\u00b0\u00b0\u00b0\u00b04-2048x490.jpg 2048w\" sizes=\"auto, (max-width: 800px) 100vw, 800px\" \/><\/p>\n<p><strong>Longue<\/strong><strong>ur :<\/strong>\u00a0640 mm<br \/>\n<strong>\u00f8 interne de la douille :<\/strong>\u00a0<strong>15 mm<\/strong> ou 14 mm<\/p>\n<p><strong>Armement :<\/strong>\u00a0fusil Daudeteau<\/p>\n<p style=\"text-align: left;\"><strong>Valeur :<\/strong>\u00a0\u20ac\u20ac\u20ac \u20ac\u20ac\u20ac\u00a0\u20ac\u20ac<strong><br \/>\n<\/strong><strong>Raret\u00e9 :\u00a0<\/strong>\u00a0<strong><a href=\"https:\/\/geraldbaios.fr\/wp-content\/uploads\/2015\/02\/che1valier.gif\"><img loading=\"lazy\" decoding=\"async\" class=\" size-full wp-image-294 alignnone\" src=\"https:\/\/geraldbaios.fr\/wp-content\/uploads\/2015\/02\/che1valier.gif\" alt=\"che1valier\" width=\"40\" height=\"30\" \/><\/a><\/strong><strong><a href=\"https:\/\/geraldbaios.fr\/wp-content\/uploads\/2015\/02\/che1valier.gif\"><img loading=\"lazy\" decoding=\"async\" class=\" size-full wp-image-294 alignnone\" src=\"https:\/\/geraldbaios.fr\/wp-content\/uploads\/2015\/02\/che1valier.gif\" alt=\"che1valier\" width=\"40\" height=\"30\" \/><\/a><\/strong><strong><a href=\"https:\/\/geraldbaios.fr\/wp-content\/uploads\/2015\/02\/che1valier.gif\"><img loading=\"lazy\" decoding=\"async\" class=\" size-full wp-image-294 alignnone\" src=\"https:\/\/geraldbaios.fr\/wp-content\/uploads\/2015\/02\/che1valier.gif\" alt=\"che1valier\" width=\"40\" height=\"30\" \/><\/a><\/strong><strong><a href=\"https:\/\/geraldbaios.fr\/wp-content\/uploads\/2015\/02\/che1valier.gif\"><img loading=\"lazy\" decoding=\"async\" class=\" size-full wp-image-294 alignnone\" src=\"https:\/\/geraldbaios.fr\/wp-content\/uploads\/2015\/02\/che1valier.gif\" alt=\"che1valier\" width=\"40\" height=\"30\" \/><\/a><a href=\"https:\/\/geraldbaios.fr\/wp-content\/uploads\/2015\/02\/che1valier.gif\"><img loading=\"lazy\" decoding=\"async\" class=\" size-full wp-image-294 alignnone\" src=\"https:\/\/geraldbaios.fr\/wp-content\/uploads\/2015\/02\/che1valier.gif\" alt=\"che1valier\" width=\"40\" height=\"30\" \/><\/a><a href=\"https:\/\/geraldbaios.fr\/wp-content\/uploads\/2015\/02\/che1valier.gif\"><img loading=\"lazy\" decoding=\"async\" class=\" size-full wp-image-294 alignnone\" src=\"https:\/\/geraldbaios.fr\/wp-content\/uploads\/2015\/02\/che1valier.gif\" alt=\"che1valier\" width=\"40\" height=\"30\" \/><\/a><a href=\"https:\/\/geraldbaios.fr\/wp-content\/uploads\/2015\/02\/che1valier.gif\"><img loading=\"lazy\" decoding=\"async\" class=\" size-full wp-image-294 alignnone\" src=\"https:\/\/geraldbaios.fr\/wp-content\/uploads\/2015\/02\/che1valier.gif\" alt=\"che1valier\" width=\"40\" height=\"30\" \/><\/a><br \/>\n<\/strong><strong><br \/>\n<\/strong>Le commandant <strong>Louis d&rsquo;Audeteau<\/strong>\u00a0\u00e9tait un inventeur prolifique et autodidacte. De 1884 \u00e0 1885 il inventa un syst\u00e8me d&rsquo;arme comportant un magasin particulier qui lui est propre. Autour de ce magasin vient se greffer une bo\u00eete de culasse et un canon adaptable \u00e0 de nombreuses cartouches allant du calibre de 6 mm \u00e0 8 mm, certaines \u00e0 gorge, d&rsquo;autres \u00e0 bourrelet ou semi-bourrelet et toutes de son invention.<br \/>\nSuite \u00e0 ses travaux, plusieurs prototypes seront propos\u00e9s aux autorit\u00e9s militaires fran\u00e7aises et \u00e9trang\u00e8res, la plupart en calibre 6,5 mm. La France d\u00e9clinera l&rsquo;offre malgr\u00e9 une campagne d&rsquo;essai au camp de Ch\u00e2lon en 1895-1896, d&rsquo;autres pays l&rsquo;essayeront (Portugual, Roumanie, Chine, Chili, Espagne et Japon entre autres)\u00a0mais seul la R\u00e9publique de San Salvador en achetera un certain nombre. Pour ces essais et cette commande 10 000 fusils et 5 000 carabines en 6,5 mm seront construits pour le compte de la Soci\u00e9t\u00e9 Fran\u00e7aise d&rsquo;Armes Portatives de Saint-Denis.<br \/>\nEn 1926, \u00e0 la mort du\u00a0commandant Louis Daudeteau (qui avait entretemps supprim\u00e9 la particule de son nom) les diff\u00e9rents prototypes seront rassembl\u00e9s dans la propri\u00e9t\u00e9 familiale en Normandie. C&rsquo;est l\u00e0 qu&rsquo;ils disparaitront dans la d\u00e9b\u00e2cle allemande de 1944 suite \u00e0 leur \u00ab\u00a0confiscation\u00a0\u00bb par la gendarmerie en 1940 et leur pillage par les occupants.<\/p>\n<p>Ce prototype, jamais adopt\u00e9 par l&rsquo;arm\u00e9e fran\u00e7aise est une transformation de l&rsquo;\u00e9p\u00e9e-ba\u00efonnette mod\u00e8le 1886 \u00e0 soie courte. Il y a eu en tout <strong>10 000<\/strong> ba\u00efonnettes ainsi transform\u00e9es, par la manufacture d&rsquo;armes de Saint-Etienne \u00e0 partir de f\u00e9vrier 1894.<\/p>\n<p><img loading=\"lazy\" decoding=\"async\" class=\"aligncenter wp-image-39231\" src=\"https:\/\/geraldbaios.fr\/wp-content\/uploads\/2015\/06\/Mod\u00e8le-1895-\u00b0\u00b0\u00b0\u00b05-1024x532.jpg\" alt=\"\" width=\"500\" height=\"260\" srcset=\"https:\/\/geraldbaios.fr\/wp-content\/uploads\/2015\/06\/Mod\u00e8le-1895-\u00b0\u00b0\u00b0\u00b05-1024x532.jpg 1024w, https:\/\/geraldbaios.fr\/wp-content\/uploads\/2015\/06\/Mod\u00e8le-1895-\u00b0\u00b0\u00b0\u00b05-300x156.jpg 300w, https:\/\/geraldbaios.fr\/wp-content\/uploads\/2015\/06\/Mod\u00e8le-1895-\u00b0\u00b0\u00b0\u00b05-768x399.jpg 768w, https:\/\/geraldbaios.fr\/wp-content\/uploads\/2015\/06\/Mod\u00e8le-1895-\u00b0\u00b0\u00b0\u00b05-1536x799.jpg 1536w, https:\/\/geraldbaios.fr\/wp-content\/uploads\/2015\/06\/Mod\u00e8le-1895-\u00b0\u00b0\u00b0\u00b05-2048x1065.jpg 2048w\" sizes=\"auto, (max-width: 500px) 100vw, 500px\" \/><\/p>\n<p><strong>La poign\u00e9e\u00a0<\/strong>de ce mod\u00e8le est uniquement en maillechort (<span class=\"notranslate\">alliage de cuivre, nickel et de zinc<\/span>).\u00a0Le verrouillage \u00e0 l&rsquo;arme s&rsquo;effectue gr\u00e2ce au bouton poussoir quadrill\u00e9 situ\u00e9 sur une virole qui pivote autour de la poign\u00e9e, son rappel est assur\u00e9 de mani\u00e8re classique par un ressort int\u00e9gr\u00e9 avec\u00a0<span class=\"notranslate\">goupille viss\u00e9e.\u00a0<\/span>La croisi\u00e8re fix\u00e9e \u00e0 la lame par un rivet saillant est munie d&rsquo;une bague avec un petite encoche destin\u00e9e \u00e0 int\u00e9grer le guidon de l&rsquo;arme. Elle comporte un crochet<strong>\u00a0<\/strong>destin\u00e9 en th\u00e9orie \u00e0 briser la ba\u00efonnette de l&rsquo;ennemi est aussi utilis\u00e9 pour former les faisceaux \u00e0 trois fusils ba\u00efonnette fix\u00e9e au canon.<\/p>\n<p style=\"text-align: center;\"><a href=\"https:\/\/geraldbaios.fr\/wp-content\/uploads\/2015\/06\/lebel-1886-03.jpg\"><img loading=\"lazy\" decoding=\"async\" class=\"aligncenter wp-image-39232\" src=\"https:\/\/geraldbaios.fr\/wp-content\/uploads\/2015\/06\/Mod\u00e8le-1895-\u00b0\u00b0\u00b0\u00b03-1024x969.jpg\" alt=\"\" width=\"500\" height=\"473\" srcset=\"https:\/\/geraldbaios.fr\/wp-content\/uploads\/2015\/06\/Mod\u00e8le-1895-\u00b0\u00b0\u00b0\u00b03-1024x969.jpg 1024w, https:\/\/geraldbaios.fr\/wp-content\/uploads\/2015\/06\/Mod\u00e8le-1895-\u00b0\u00b0\u00b0\u00b03-300x284.jpg 300w, https:\/\/geraldbaios.fr\/wp-content\/uploads\/2015\/06\/Mod\u00e8le-1895-\u00b0\u00b0\u00b0\u00b03-768x727.jpg 768w, https:\/\/geraldbaios.fr\/wp-content\/uploads\/2015\/06\/Mod\u00e8le-1895-\u00b0\u00b0\u00b0\u00b03-1536x1454.jpg 1536w, https:\/\/geraldbaios.fr\/wp-content\/uploads\/2015\/06\/Mod\u00e8le-1895-\u00b0\u00b0\u00b0\u00b03.jpg 1611w\" sizes=\"auto, (max-width: 500px) 100vw, 500px\" \/><\/a><strong>Comparatif entre pommeaux du M-1895 et M-1886 \u00e0 soie courte<\/strong><\/p>\n<p>Pour s&rsquo;adapter au fusil Daudeteau, il est fort probable que la poign\u00e9e brute sp\u00e9cifique de la ba\u00efonnette <strong>M-1890<\/strong> de gendarmerie\u00a0a \u00e9t\u00e9 r\u00e9utilis\u00e9e. Elle comporte d&rsquo;origine une\u00a0rainure longitudinale r\u00e9alis\u00e9e lors du moulage sur le c\u00f4t\u00e9 gauche afin d&rsquo;y int\u00e9grer la baguette de nettoyage. L&rsquo;arri\u00e8re du pommeau obtur\u00e9e pour l&rsquo;esth\u00e9tique par un petit bouchon en acier, a \u00e9t\u00e9 r\u00e9duit \u00e0 un diam\u00e8tre d&rsquo;environ 15,5 mm.<\/p>\n<p>Il aurait \u00e9t\u00e9 impossible m\u00e9caniquement de r\u00e9aliser la r\u00e9duction du diam\u00e8tre de l&rsquo;arri\u00e8re du pommeau avec une poign\u00e9e nouvellement con\u00e7ue, utilis\u00e9e \u00e0 partir de <strong>mai 1890,<\/strong>\u00a0dont\u00a0la fixation de la soie s&rsquo;effectue gr\u00e2ce \u00e0 <strong>un \u00e9crou<\/strong>.<\/p>\n<p style=\"text-align: center;\"><img loading=\"lazy\" decoding=\"async\" class=\"aligncenter wp-image-39238\" src=\"https:\/\/geraldbaios.fr\/wp-content\/uploads\/2015\/06\/Mod\u00e8le-1895-\u00b0\u00b0\u00b02-1024x720.jpg\" alt=\"\" width=\"399\" height=\"281\" srcset=\"https:\/\/geraldbaios.fr\/wp-content\/uploads\/2015\/06\/Mod\u00e8le-1895-\u00b0\u00b0\u00b02-1024x720.jpg 1024w, https:\/\/geraldbaios.fr\/wp-content\/uploads\/2015\/06\/Mod\u00e8le-1895-\u00b0\u00b0\u00b02-300x211.jpg 300w, https:\/\/geraldbaios.fr\/wp-content\/uploads\/2015\/06\/Mod\u00e8le-1895-\u00b0\u00b0\u00b02-768x540.jpg 768w, https:\/\/geraldbaios.fr\/wp-content\/uploads\/2015\/06\/Mod\u00e8le-1895-\u00b0\u00b0\u00b02-1536x1080.jpg 1536w, https:\/\/geraldbaios.fr\/wp-content\/uploads\/2015\/06\/Mod\u00e8le-1895-\u00b0\u00b0\u00b02-2048x1440.jpg 2048w\" sizes=\"auto, (max-width: 399px) 100vw, 399px\" \/> <img loading=\"lazy\" decoding=\"async\" class=\"aligncenter wp-image-39239\" src=\"https:\/\/geraldbaios.fr\/wp-content\/uploads\/2015\/06\/Mod\u00e8le-1895-\u00b0\u00b0\u00b06-1024x879.jpg\" alt=\"\" width=\"400\" height=\"343\" srcset=\"https:\/\/geraldbaios.fr\/wp-content\/uploads\/2015\/06\/Mod\u00e8le-1895-\u00b0\u00b0\u00b06-1024x879.jpg 1024w, https:\/\/geraldbaios.fr\/wp-content\/uploads\/2015\/06\/Mod\u00e8le-1895-\u00b0\u00b0\u00b06-300x258.jpg 300w, https:\/\/geraldbaios.fr\/wp-content\/uploads\/2015\/06\/Mod\u00e8le-1895-\u00b0\u00b0\u00b06-768x659.jpg 768w, https:\/\/geraldbaios.fr\/wp-content\/uploads\/2015\/06\/Mod\u00e8le-1895-\u00b0\u00b0\u00b06-1536x1319.jpg 1536w, https:\/\/geraldbaios.fr\/wp-content\/uploads\/2015\/06\/Mod\u00e8le-1895-\u00b0\u00b0\u00b06.jpg 1677w\" sizes=\"auto, (max-width: 400px) 100vw, 400px\" \/><strong>A= Variante\u00a0ant\u00e9rieure\u00a0\u00e0 1893, B= ult\u00e9rieure \u00e0 1893<\/strong><\/p>\n<p>Particularit\u00e9, ce mod\u00e8le \u00e0 <strong>soie courte<\/strong>\u00a0fabriqu\u00e9 \u00e0 partir de <strong>1894<\/strong>, poss\u00e8de un taquet de fixation modifi\u00e9 en largeur en 1893, de 5 mm \u00e0 <strong>7 mm<\/strong>, suite au d\u00e9crochage des ba\u00efonnettes lors du tir.<\/p>\n<p>Cette ba\u00efonnette ainsi que son fourreau jamais attribu\u00e9s, sont d\u00e9pourvus de tous poin\u00e7ons de contr\u00f4le ainsi que du n\u00b0 de matricule \u00e0 l&rsquo;arme.<\/p>\n<p><strong>La lame <\/strong>de\u00a0section quadrangulaire munie de quatre ar\u00eates et de quatre goutti\u00e8res est viss\u00e9e sur la poign\u00e9e.<\/p>\n<p style=\"text-align: left;\"><strong>Le fourreau<\/strong> d&rsquo;origine est de constitution identique au mod\u00e8le 1886 standard,\u00a0\u00e0 partir de <strong>1893,<\/strong>\u00a0il sera fabriqu\u00e9 par emboutissage, afin d&rsquo;am\u00e9liorer la solidit\u00e9 du corps, son extr\u00e9mit\u00e9 n&rsquo;est pas perc\u00e9e.<\/p>\n<p style=\"text-align: left;\"><strong>P\u00e9riode d&rsquo;utilisation :<br \/>\n<\/strong>Jamais en France.<\/p>\n<p style=\"text-align: left;\"><strong><span style=\"color: #000000;\">Avis personnel sur\u00a0<span style=\"caret-color: #000000;\">l&rsquo;attrait de ce mod\u00e8le<\/span>\u00a0:<br \/>\n<\/span><\/strong>Pour tout bon collectionneur de mat\u00e9riel \u00ab\u00a0made in France\u00a0\u00bb, ce mod\u00e8le est indispensable, seul hic son prix assez \u00e9lev\u00e9, attention \u00e0 la bonne concordance du fourreau d\u00e9pourvu de matricule.<\/p>\n<p>Le 11\/03\/21.<\/p>\n","protected":false},"excerpt":{"rendered":"<p>Longueur :\u00a0640 mm \u00f8 interne de la douille :\u00a015 mm ou 14 mm Armement :\u00a0fusil Daudeteau Valeur :\u00a0\u20ac\u20ac\u20ac \u20ac\u20ac\u20ac\u00a0\u20ac\u20ac Raret\u00e9 :\u00a0\u00a0 Le commandant Louis d&rsquo;Audeteau\u00a0\u00e9tait un inventeur prolifique et autodidacte. De 1884 \u00e0 1885 il inventa un syst\u00e8me d&rsquo;arme comportant un magasin particulier qui lui est propre. Autour de ce magasin vient se greffer une [&hellip;]<\/p>\n","protected":false},"author":1,"featured_media":0,"comment_status":"open","ping_status":"closed","sticky":false,"template":"","format":"standard","meta":{"footnotes":""},"categories":[151],"tags":[],"class_list":["post-19303","post","type-post","status-publish","format-standard","hentry","category-liens-n-du-nouvel-abc"],"_links":{"self":[{"href":"https:\/\/geraldbaios.fr\/index.php?rest_route=\/wp\/v2\/posts\/19303","targetHints":{"allow":["GET"]}}],"collection":[{"href":"https:\/\/geraldbaios.fr\/index.php?rest_route=\/wp\/v2\/posts"}],"about":[{"href":"https:\/\/geraldbaios.fr\/index.php?rest_route=\/wp\/v2\/types\/post"}],"author":[{"embeddable":true,"href":"https:\/\/geraldbaios.fr\/index.php?rest_route=\/wp\/v2\/users\/1"}],"replies":[{"embeddable":true,"href":"https:\/\/geraldbaios.fr\/index.php?rest_route=%2Fwp%2Fv2%2Fcomments&post=19303"}],"version-history":[{"count":66,"href":"https:\/\/geraldbaios.fr\/index.php?rest_route=\/wp\/v2\/posts\/19303\/revisions"}],"predecessor-version":[{"id":46316,"href":"https:\/\/geraldbaios.fr\/index.php?rest_route=\/wp\/v2\/posts\/19303\/revisions\/46316"}],"wp:attachment":[{"href":"https:\/\/geraldbaios.fr\/index.php?rest_route=%2Fwp%2Fv2%2Fmedia&parent=19303"}],"wp:term":[{"taxonomy":"category","embeddable":true,"href":"https:\/\/geraldbaios.fr\/index.php?rest_route=%2Fwp%2Fv2%2Fcategories&post=19303"},{"taxonomy":"post_tag","embeddable":true,"href":"https:\/\/geraldbaios.fr\/index.php?rest_route=%2Fwp%2Fv2%2Ftags&post=19303"}],"curies":[{"name":"wp","href":"https:\/\/api.w.org\/{rel}","templated":true}]}}