{"id":19559,"date":"2023-04-16T22:50:24","date_gmt":"2023-04-16T20:50:24","guid":{"rendered":"http:\/\/geraldbaios.fr\/?p=19559"},"modified":"2026-01-17T14:23:30","modified_gmt":"2026-01-17T12:23:30","slug":"baionnette-modele-1870-raccourcie-et-re-baguee","status":"publish","type":"post","link":"https:\/\/geraldbaios.fr\/?p=19559","title":{"rendered":"Ba\u00efonnette M-1870 raccourcie et re-bagu\u00e9e"},"content":{"rendered":"<p style=\"text-align: center;\"><img loading=\"lazy\" decoding=\"async\" class=\"aligncenter wp-image-50868\" src=\"https:\/\/geraldbaios.fr\/wp-content\/uploads\/2023\/04\/IMG_7970.jpeg\" alt=\"\" width=\"750\" height=\"300\" srcset=\"https:\/\/geraldbaios.fr\/wp-content\/uploads\/2023\/04\/IMG_7970.jpeg 640w, https:\/\/geraldbaios.fr\/wp-content\/uploads\/2023\/04\/IMG_7970-300x120.jpeg 300w\" sizes=\"auto, (max-width: 750px) 100vw, 750px\" \/><\/p>\n<p style=\"text-align: left;\"><strong>Longueur : <\/strong>436 mm<br \/>\n<strong>\u00f8<\/strong>\u00a0<strong>interne de la douille\u00a0: <\/strong>ramen\u00e9 \u00e0 14,4 mm<\/p>\n<p style=\"text-align: left;\"><strong>Armement : <\/strong>?<strong><br \/>\n<\/strong><strong>Fixation : <\/strong>?<\/p>\n<p style=\"text-align: left;\"><strong>Valeur :<\/strong>\u00a0\u20ac\u20ac\u20ac \u20ac\u20ac\u20ac<strong><br \/>\n<\/strong><strong>Raret\u00e9 :\u00a0<\/strong>\u00a0<strong><a href=\"https:\/\/geraldbaios.fr\/wp-content\/uploads\/2015\/02\/che1valier.gif\"><img loading=\"lazy\" decoding=\"async\" class=\" size-full wp-image-294 alignnone\" src=\"https:\/\/geraldbaios.fr\/wp-content\/uploads\/2015\/02\/che1valier.gif\" alt=\"che1valier\" width=\"40\" height=\"30\" \/><\/a><\/strong><strong><a href=\"https:\/\/geraldbaios.fr\/wp-content\/uploads\/2015\/02\/che1valier.gif\"><img loading=\"lazy\" decoding=\"async\" class=\" size-full wp-image-294 alignnone\" src=\"https:\/\/geraldbaios.fr\/wp-content\/uploads\/2015\/02\/che1valier.gif\" alt=\"che1valier\" width=\"40\" height=\"30\" \/><\/a><\/strong><strong><a href=\"https:\/\/geraldbaios.fr\/wp-content\/uploads\/2015\/02\/che1valier.gif\"><img loading=\"lazy\" decoding=\"async\" class=\" size-full wp-image-294 alignnone\" src=\"https:\/\/geraldbaios.fr\/wp-content\/uploads\/2015\/02\/che1valier.gif\" alt=\"che1valier\" width=\"40\" height=\"30\" \/><\/a><\/strong><strong><a href=\"https:\/\/geraldbaios.fr\/wp-content\/uploads\/2015\/02\/che1valier.gif\"><img loading=\"lazy\" decoding=\"async\" class=\" size-full wp-image-294 alignnone\" src=\"https:\/\/geraldbaios.fr\/wp-content\/uploads\/2015\/02\/che1valier.gif\" alt=\"che1valier\" width=\"40\" height=\"30\" \/><\/a><\/strong><strong><a href=\"https:\/\/geraldbaios.fr\/wp-content\/uploads\/2015\/02\/che1valier.gif\"><img loading=\"lazy\" decoding=\"async\" class=\" wp-image-294 alignnone\" src=\"https:\/\/geraldbaios.fr\/wp-content\/uploads\/2015\/02\/che1valier.gif\" alt=\"che1valier\" width=\"40\" height=\"30\" \/><\/a><a href=\"https:\/\/geraldbaios.fr\/wp-content\/uploads\/2015\/02\/che1valier.gif\"><img loading=\"lazy\" decoding=\"async\" class=\" size-full wp-image-294 alignnone\" src=\"https:\/\/geraldbaios.fr\/wp-content\/uploads\/2015\/02\/che1valier.gif\" alt=\"che1valier\" width=\"40\" height=\"30\" \/><\/a><a href=\"https:\/\/geraldbaios.fr\/wp-content\/uploads\/2015\/02\/che1valier.gif\"><img loading=\"lazy\" decoding=\"async\" class=\" size-full wp-image-294 alignnone\" src=\"https:\/\/geraldbaios.fr\/wp-content\/uploads\/2015\/02\/che1valier.gif\" alt=\"che1valier\" width=\"40\" height=\"30\" \/><\/a><br \/>\n<\/strong><\/p>\n<p>Cette variante atypique reste encore \u00e0 ce jour une \u00e9nigme, elle ne peut plus s&rsquo;adapter s&rsquo;adapter au canon du fusil M-1870 Vetterli italien, dans son calibre d&rsquo;origine 10,4 mm ou remplac\u00e9s par un manchon de 6,5 mm. Quelques rares variantes, avec incision \u00e0 la base de la bague ou non, ressort long ou court peuvent \u00eatre concern\u00e9es par cette modification. La transformation a probablement eu lieu, apr\u00e8s l&rsquo;entr\u00e9e en Guerre de l&rsquo;Italie en 1915. Voir <a href=\"https:\/\/geraldbaios.fr\/?p=47482\">Ba\u00efonnette mod\u00e8le 1870<\/a>.<\/p>\n<p><img loading=\"lazy\" decoding=\"async\" class=\"aligncenter wp-image-50870\" src=\"https:\/\/geraldbaios.fr\/wp-content\/uploads\/2023\/04\/IMG_7972.jpeg\" alt=\"\" width=\"501\" height=\"362\" srcset=\"https:\/\/geraldbaios.fr\/wp-content\/uploads\/2023\/04\/IMG_7972.jpeg 640w, https:\/\/geraldbaios.fr\/wp-content\/uploads\/2023\/04\/IMG_7972-300x217.jpeg 300w\" sizes=\"auto, (max-width: 501px) 100vw, 501px\" \/><img loading=\"lazy\" decoding=\"async\" class=\"aligncenter wp-image-50871\" src=\"https:\/\/geraldbaios.fr\/wp-content\/uploads\/2023\/04\/IMG_7973.jpeg\" alt=\"\" width=\"501\" height=\"357\" srcset=\"https:\/\/geraldbaios.fr\/wp-content\/uploads\/2023\/04\/IMG_7973.jpeg 640w, https:\/\/geraldbaios.fr\/wp-content\/uploads\/2023\/04\/IMG_7973-300x214.jpeg 300w\" sizes=\"auto, (max-width: 501px) 100vw, 501px\" \/><\/p>\n<p><strong>La poign\u00e9e<\/strong> n&rsquo;a pas subi de modification, la croisi\u00e8re comporte toujours le long crochet brise-lame d&rsquo;origine qui bizarrement n&rsquo;a pas \u00e9t\u00e9 supprim\u00e9 lors de la modification.<\/p>\n<p style=\"text-align: center;\"><img loading=\"lazy\" decoding=\"async\" class=\"aligncenter wp-image-50877\" src=\"https:\/\/geraldbaios.fr\/wp-content\/uploads\/2023\/04\/IMG_7980-844x1024.jpeg\" alt=\"\" width=\"250\" height=\"303\" srcset=\"https:\/\/geraldbaios.fr\/wp-content\/uploads\/2023\/04\/IMG_7980-844x1024.jpeg 844w, https:\/\/geraldbaios.fr\/wp-content\/uploads\/2023\/04\/IMG_7980-247x300.jpeg 247w, https:\/\/geraldbaios.fr\/wp-content\/uploads\/2023\/04\/IMG_7980-768x931.jpeg 768w, https:\/\/geraldbaios.fr\/wp-content\/uploads\/2023\/04\/IMG_7980.jpeg 1067w\" sizes=\"auto, (max-width: 250px) 100vw, 250px\" \/><strong>Apr\u00e8s l&rsquo;insertion de la bague, l&rsquo;incision sur la croisi\u00e8re est d\u00e9finitivement condamn\u00e9e<\/strong><img loading=\"lazy\" decoding=\"async\" class=\"aligncenter wp-image-50882\" src=\"https:\/\/geraldbaios.fr\/wp-content\/uploads\/2023\/04\/admin-ajax.php_.jpeg\" alt=\"\" width=\"250\" height=\"272\" srcset=\"https:\/\/geraldbaios.fr\/wp-content\/uploads\/2023\/04\/admin-ajax.php_.jpeg 386w, https:\/\/geraldbaios.fr\/wp-content\/uploads\/2023\/04\/admin-ajax.php_-276x300.jpeg 276w\" sizes=\"auto, (max-width: 250px) 100vw, 250px\" \/><\/p>\n<p><strong>la croisi\u00e8re<\/strong> a subi une modification, la bague d&rsquo;origine a \u00e9t\u00e9 r\u00e9al\u00e9s\u00e9e \u00e0 un diam\u00e8tre pr\u00e9alablement d\u00e9fini, ensuite la nouvelle bague a \u00e9t\u00e9 emmanch\u00e9e r\u00e9duisant ainsi le diam\u00e8tre d&rsquo;origine de 3 mm.<\/p>\n<p><img loading=\"lazy\" decoding=\"async\" class=\"aligncenter wp-image-50869\" src=\"https:\/\/geraldbaios.fr\/wp-content\/uploads\/2023\/04\/IMG_7971.jpeg\" alt=\"\" width=\"701\" height=\"241\" srcset=\"https:\/\/geraldbaios.fr\/wp-content\/uploads\/2023\/04\/IMG_7971.jpeg 640w, https:\/\/geraldbaios.fr\/wp-content\/uploads\/2023\/04\/IMG_7971-300x103.jpeg 300w\" sizes=\"auto, (max-width: 701px) 100vw, 701px\" \/><img loading=\"lazy\" decoding=\"async\" class=\"aligncenter wp-image-50875\" src=\"https:\/\/geraldbaios.fr\/wp-content\/uploads\/2023\/04\/IMG_7978.jpeg\" alt=\"\" width=\"301\" height=\"260\" srcset=\"https:\/\/geraldbaios.fr\/wp-content\/uploads\/2023\/04\/IMG_7978.jpeg 640w, https:\/\/geraldbaios.fr\/wp-content\/uploads\/2023\/04\/IMG_7978-300x259.jpeg 300w\" sizes=\"auto, (max-width: 301px) 100vw, 301px\" \/><\/p>\n<p style=\"text-align: left;\"><strong>La lame <\/strong>qui n&rsquo;a pas subi de traitement (bronzage) a \u00e9t\u00e9 proprement r\u00e9duite en longueur d&rsquo;environ 210 mm.<\/p>\n<p><img loading=\"lazy\" decoding=\"async\" class=\"aligncenter wp-image-50876\" src=\"https:\/\/geraldbaios.fr\/wp-content\/uploads\/2023\/04\/IMG_7979.jpeg\" alt=\"\" width=\"698\" height=\"168\" srcset=\"https:\/\/geraldbaios.fr\/wp-content\/uploads\/2023\/04\/IMG_7979.jpeg 640w, https:\/\/geraldbaios.fr\/wp-content\/uploads\/2023\/04\/IMG_7979-300x72.jpeg 300w\" sizes=\"auto, (max-width: 698px) 100vw, 698px\" \/><img loading=\"lazy\" decoding=\"async\" class=\"aligncenter wp-image-50873\" src=\"https:\/\/geraldbaios.fr\/wp-content\/uploads\/2023\/04\/IMG_7976.jpeg\" alt=\"\" width=\"301\" height=\"193\" srcset=\"https:\/\/geraldbaios.fr\/wp-content\/uploads\/2023\/04\/IMG_7976.jpeg 640w, https:\/\/geraldbaios.fr\/wp-content\/uploads\/2023\/04\/IMG_7976-300x192.jpeg 300w\" sizes=\"auto, (max-width: 301px) 100vw, 301px\" \/> <img loading=\"lazy\" decoding=\"async\" class=\"aligncenter wp-image-50874\" src=\"https:\/\/geraldbaios.fr\/wp-content\/uploads\/2023\/04\/IMG_7977.jpeg\" alt=\"\" width=\"300\" height=\"168\" srcset=\"https:\/\/geraldbaios.fr\/wp-content\/uploads\/2023\/04\/IMG_7977.jpeg 640w, https:\/\/geraldbaios.fr\/wp-content\/uploads\/2023\/04\/IMG_7977-300x168.jpeg 300w\" sizes=\"auto, (max-width: 300px) 100vw, 300px\" \/><\/p>\n<p><strong>Le fourreau<\/strong> d&rsquo;origine a simplement \u00e9t\u00e9 r\u00e9duit en longueur.<\/p>\n<p><strong><span style=\"color: #000000;\">Avis personnel sur\u00a0<span style=\"caret-color: #000000;\">l&rsquo;attrait de ce mod\u00e8le<\/span>\u00a0:<br \/>\n<\/span><\/strong>Cette tr\u00e8s rare variante reste une \u00e9nigme, elle est encore plus rare que le M-1870 dans sa longueur originale.<\/p>\n<p>Le 17\/01\/26<\/p>\n","protected":false},"excerpt":{"rendered":"<p>Longueur : 436 mm \u00f8\u00a0interne de la douille\u00a0: ramen\u00e9 \u00e0 14,4 mm Armement : ? Fixation : ? Valeur :\u00a0\u20ac\u20ac\u20ac \u20ac\u20ac\u20ac Raret\u00e9 :\u00a0\u00a0 Cette variante atypique reste encore \u00e0 ce jour une \u00e9nigme, elle ne peut plus s&rsquo;adapter s&rsquo;adapter au canon du fusil M-1870 Vetterli italien, dans son calibre d&rsquo;origine 10,4 mm ou remplac\u00e9s par [&hellip;]<\/p>\n","protected":false},"author":1,"featured_media":0,"comment_status":"open","ping_status":"closed","sticky":false,"template":"","format":"standard","meta":{"footnotes":""},"categories":[152],"tags":[],"class_list":["post-19559","post","type-post","status-publish","format-standard","hentry","category-zzz-sans-n-du-nouvel-abc"],"_links":{"self":[{"href":"https:\/\/geraldbaios.fr\/index.php?rest_route=\/wp\/v2\/posts\/19559","targetHints":{"allow":["GET"]}}],"collection":[{"href":"https:\/\/geraldbaios.fr\/index.php?rest_route=\/wp\/v2\/posts"}],"about":[{"href":"https:\/\/geraldbaios.fr\/index.php?rest_route=\/wp\/v2\/types\/post"}],"author":[{"embeddable":true,"href":"https:\/\/geraldbaios.fr\/index.php?rest_route=\/wp\/v2\/users\/1"}],"replies":[{"embeddable":true,"href":"https:\/\/geraldbaios.fr\/index.php?rest_route=%2Fwp%2Fv2%2Fcomments&post=19559"}],"version-history":[{"count":65,"href":"https:\/\/geraldbaios.fr\/index.php?rest_route=\/wp\/v2\/posts\/19559\/revisions"}],"predecessor-version":[{"id":50886,"href":"https:\/\/geraldbaios.fr\/index.php?rest_route=\/wp\/v2\/posts\/19559\/revisions\/50886"}],"wp:attachment":[{"href":"https:\/\/geraldbaios.fr\/index.php?rest_route=%2Fwp%2Fv2%2Fmedia&parent=19559"}],"wp:term":[{"taxonomy":"category","embeddable":true,"href":"https:\/\/geraldbaios.fr\/index.php?rest_route=%2Fwp%2Fv2%2Fcategories&post=19559"},{"taxonomy":"post_tag","embeddable":true,"href":"https:\/\/geraldbaios.fr\/index.php?rest_route=%2Fwp%2Fv2%2Ftags&post=19559"}],"curies":[{"name":"wp","href":"https:\/\/api.w.org\/{rel}","templated":true}]}}