{"id":2928,"date":"2022-06-26T20:09:46","date_gmt":"2022-06-26T18:09:46","guid":{"rendered":"http:\/\/geraldbaios.fr\/?p=2928"},"modified":"2022-08-07T14:40:31","modified_gmt":"2022-08-07T12:40:31","slug":"baionnette-m7-long","status":"publish","type":"post","link":"https:\/\/geraldbaios.fr\/?p=2928","title":{"rendered":"Ba\u00efonnette M7\/L Eickhorn Solingen, (AES) \u00ab\u00a0N 134\u00a0\u00bb"},"content":{"rendered":"<p><img loading=\"lazy\" decoding=\"async\" class=\"aligncenter size-large wp-image-42114\" src=\"https:\/\/geraldbaios.fr\/wp-content\/uploads\/2018\/08\/Modele-M7-L-\u00b0\u00b01-1024x373.jpg\" alt=\"\" width=\"800\" height=\"291\" srcset=\"https:\/\/geraldbaios.fr\/wp-content\/uploads\/2018\/08\/Modele-M7-L-\u00b0\u00b01-1024x373.jpg 1024w, https:\/\/geraldbaios.fr\/wp-content\/uploads\/2018\/08\/Modele-M7-L-\u00b0\u00b01-300x109.jpg 300w, https:\/\/geraldbaios.fr\/wp-content\/uploads\/2018\/08\/Modele-M7-L-\u00b0\u00b01-768x280.jpg 768w, https:\/\/geraldbaios.fr\/wp-content\/uploads\/2018\/08\/Modele-M7-L-\u00b0\u00b01-1536x560.jpg 1536w, https:\/\/geraldbaios.fr\/wp-content\/uploads\/2018\/08\/Modele-M7-L-\u00b0\u00b01-2048x746.jpg 2048w\" sizes=\"auto, (max-width: 800px) 100vw, 800px\" \/><\/p>\n<p><strong>Longueur :\u00a0<\/strong>360 mm<strong><br \/>\n\u00f8 interne de la douille : <\/strong><a href=\"https:\/\/geraldbaios.fr\/?p=15450\">22 mm<\/a><strong><br \/>\n<\/strong><\/p>\n<p><strong>Armement :\u00a0<\/strong>fusil M16 et variantes<\/p>\n<p><strong>Valeur :\u00a0<\/strong>\u20ac\u20ac\u20ac<strong><br \/>\nRaret\u00e9 :\u00a0<a href=\"https:\/\/geraldbaios.fr\/wp-content\/uploads\/2015\/02\/che1valier.gif\"><img loading=\"lazy\" decoding=\"async\" class=\" size-full wp-image-294 alignnone\" src=\"https:\/\/geraldbaios.fr\/wp-content\/uploads\/2015\/02\/che1valier.gif\" alt=\"che1valier\" width=\"40\" height=\"30\" \/><\/a><a href=\"https:\/\/geraldbaios.fr\/wp-content\/uploads\/2015\/02\/che1valier.gif\"><img loading=\"lazy\" decoding=\"async\" class=\" size-full wp-image-294 alignnone\" src=\"https:\/\/geraldbaios.fr\/wp-content\/uploads\/2015\/02\/che1valier.gif\" alt=\"che1valier\" width=\"40\" height=\"30\" \/><\/a><a href=\"https:\/\/geraldbaios.fr\/wp-content\/uploads\/2015\/02\/che1valier.gif\"><img loading=\"lazy\" decoding=\"async\" class=\" size-full wp-image-294 alignnone\" src=\"https:\/\/geraldbaios.fr\/wp-content\/uploads\/2015\/02\/che1valier.gif\" alt=\"che1valier\" width=\"40\" height=\"30\" \/><\/a><a href=\"https:\/\/geraldbaios.fr\/wp-content\/uploads\/2015\/02\/che1valier.gif\"><img loading=\"lazy\" decoding=\"async\" class=\" size-full wp-image-294 alignnone\" src=\"https:\/\/geraldbaios.fr\/wp-content\/uploads\/2015\/02\/che1valier.gif\" alt=\"che1valier\" width=\"40\" height=\"30\" \/><\/a><a href=\"https:\/\/geraldbaios.fr\/wp-content\/uploads\/2015\/02\/che1valier.gif\"><img loading=\"lazy\" decoding=\"async\" class=\" size-full wp-image-294 alignnone\" src=\"https:\/\/geraldbaios.fr\/wp-content\/uploads\/2015\/02\/che1valier.gif\" alt=\"che1valier\" width=\"40\" height=\"30\" \/><br \/>\n<\/a><br \/>\n<\/strong>Cette ba\u00efonnette \u00e9t\u00e9 fabriqu\u00e9e uniquement pour un usage commercial dans les ann\u00e9es 1975 par\u00a0la firme allemande (<strong>AES<\/strong>).<\/p>\n<p><img loading=\"lazy\" decoding=\"async\" class=\"aligncenter wp-image-42116\" src=\"https:\/\/geraldbaios.fr\/wp-content\/uploads\/2018\/08\/Modele-M7-L-\u00b0\u00b04-1024x381.jpg\" alt=\"\" width=\"503\" height=\"187\" srcset=\"https:\/\/geraldbaios.fr\/wp-content\/uploads\/2018\/08\/Modele-M7-L-\u00b0\u00b04-1024x381.jpg 1024w, https:\/\/geraldbaios.fr\/wp-content\/uploads\/2018\/08\/Modele-M7-L-\u00b0\u00b04-300x112.jpg 300w, https:\/\/geraldbaios.fr\/wp-content\/uploads\/2018\/08\/Modele-M7-L-\u00b0\u00b04-768x286.jpg 768w, https:\/\/geraldbaios.fr\/wp-content\/uploads\/2018\/08\/Modele-M7-L-\u00b0\u00b04-1536x572.jpg 1536w, https:\/\/geraldbaios.fr\/wp-content\/uploads\/2018\/08\/Modele-M7-L-\u00b0\u00b04-2048x763.jpg 2048w\" sizes=\"auto, (max-width: 503px) 100vw, 503px\" \/> <img loading=\"lazy\" decoding=\"async\" class=\"aligncenter wp-image-42117\" src=\"https:\/\/geraldbaios.fr\/wp-content\/uploads\/2018\/08\/Modele-M7-L-\u00b0\u00b05-1024x618.jpg\" alt=\"\" width=\"300\" height=\"181\" srcset=\"https:\/\/geraldbaios.fr\/wp-content\/uploads\/2018\/08\/Modele-M7-L-\u00b0\u00b05-1024x618.jpg 1024w, https:\/\/geraldbaios.fr\/wp-content\/uploads\/2018\/08\/Modele-M7-L-\u00b0\u00b05-300x181.jpg 300w, https:\/\/geraldbaios.fr\/wp-content\/uploads\/2018\/08\/Modele-M7-L-\u00b0\u00b05-768x463.jpg 768w, https:\/\/geraldbaios.fr\/wp-content\/uploads\/2018\/08\/Modele-M7-L-\u00b0\u00b05-1536x926.jpg 1536w, https:\/\/geraldbaios.fr\/wp-content\/uploads\/2018\/08\/Modele-M7-L-\u00b0\u00b05-2048x1235.jpg 2048w\" sizes=\"auto, (max-width: 300px) 100vw, 300px\" \/> <strong>La poign\u00e9e\u00a0<\/strong><span style=\"line-height: 1.5;\">monobloc en plastique noir quadrill\u00e9 moul\u00e9e recouvre enti\u00e8rement la soie, l&rsquo;arri\u00e8re qui int\u00e8gre un \u00e9crou sert de point de fixation au pommeau de type\u00a0<a class=\"row-title\" href=\"https:\/\/geraldbaios.fr\/?p=21862\" aria-label=\"\u00ab\u00a0US M7\u00a0\u00bb (Modifier)\">US M7<\/a>\u00a0maintenu par une vis \u00e0 t\u00eate cruciforme.<\/span><\/p>\n<p style=\"text-align: center;\"><img loading=\"lazy\" decoding=\"async\" class=\"aligncenter wp-image-42118\" src=\"https:\/\/geraldbaios.fr\/wp-content\/uploads\/2018\/08\/Modele-M7-L-\u00b0\u00b02-1024x955.jpg\" alt=\"\" width=\"501\" height=\"467\" srcset=\"https:\/\/geraldbaios.fr\/wp-content\/uploads\/2018\/08\/Modele-M7-L-\u00b0\u00b02-1024x955.jpg 1024w, https:\/\/geraldbaios.fr\/wp-content\/uploads\/2018\/08\/Modele-M7-L-\u00b0\u00b02-300x280.jpg 300w, https:\/\/geraldbaios.fr\/wp-content\/uploads\/2018\/08\/Modele-M7-L-\u00b0\u00b02-768x716.jpg 768w, https:\/\/geraldbaios.fr\/wp-content\/uploads\/2018\/08\/Modele-M7-L-\u00b0\u00b02-1536x1433.jpg 1536w, https:\/\/geraldbaios.fr\/wp-content\/uploads\/2018\/08\/Modele-M7-L-\u00b0\u00b02-2048x1910.jpg 2048w\" sizes=\"auto, (max-width: 501px) 100vw, 501px\" \/><strong>Les rainures du pommeau en forme de T \u00e9pousent les languettes de la poign\u00e9e, la date de fabrication (78) est inscrite en relief \u00a0<\/strong><img loading=\"lazy\" decoding=\"async\" class=\"aligncenter wp-image-35136\" src=\"https:\/\/geraldbaios.fr\/wp-content\/uploads\/2018\/08\/M7-\u00b0\u00b0\u00b05-1024x184.jpg\" alt=\"\" width=\"606\" height=\"109\" srcset=\"https:\/\/geraldbaios.fr\/wp-content\/uploads\/2018\/08\/M7-\u00b0\u00b0\u00b05-1024x184.jpg 1024w, https:\/\/geraldbaios.fr\/wp-content\/uploads\/2018\/08\/M7-\u00b0\u00b0\u00b05-300x54.jpg 300w, https:\/\/geraldbaios.fr\/wp-content\/uploads\/2018\/08\/M7-\u00b0\u00b0\u00b05-768x138.jpg 768w, https:\/\/geraldbaios.fr\/wp-content\/uploads\/2018\/08\/M7-\u00b0\u00b0\u00b05-1536x276.jpg 1536w, https:\/\/geraldbaios.fr\/wp-content\/uploads\/2018\/08\/M7-\u00b0\u00b0\u00b05-2048x369.jpg 2048w\" sizes=\"auto, (max-width: 606px) 100vw, 606px\" \/><\/p>\n<p><span style=\"line-height: 1.5;\"><strong>La lame<\/strong>\u00a0de bonne qualit\u00e9,\u00a0\u00e0 double tranchant sym\u00e9trique ne comporte aucun marquage.<\/span><\/p>\n<p><img loading=\"lazy\" decoding=\"async\" class=\"aligncenter wp-image-35139\" src=\"https:\/\/geraldbaios.fr\/wp-content\/uploads\/2018\/08\/M7-\u00b0\u00b0\u00b02-1024x560.jpg\" alt=\"\" width=\"304\" height=\"166\" srcset=\"https:\/\/geraldbaios.fr\/wp-content\/uploads\/2018\/08\/M7-\u00b0\u00b0\u00b02-1024x560.jpg 1024w, https:\/\/geraldbaios.fr\/wp-content\/uploads\/2018\/08\/M7-\u00b0\u00b0\u00b02-300x164.jpg 300w, https:\/\/geraldbaios.fr\/wp-content\/uploads\/2018\/08\/M7-\u00b0\u00b0\u00b02-768x420.jpg 768w, https:\/\/geraldbaios.fr\/wp-content\/uploads\/2018\/08\/M7-\u00b0\u00b0\u00b02-1536x840.jpg 1536w, https:\/\/geraldbaios.fr\/wp-content\/uploads\/2018\/08\/M7-\u00b0\u00b0\u00b02-2048x1120.jpg 2048w\" sizes=\"auto, (max-width: 304px) 100vw, 304px\" \/><\/p>\n<p><strong>Le fourreau<\/strong>\u00a0est un mod\u00e8le de type <strong>M8 A1 <\/strong>long, d\u00e9pourvu du double crochet de suspension au ceinturon. Son corps est en simili-bois plastique de type scandinave, sans renfort \u00e0 l&rsquo;extr\u00e9mit\u00e9. La\u00a0chape en t\u00f4le d&rsquo;acier phosphat\u00e9e ne porte aucune inscription, elle est maintenue sur le corps par sertissage sur les c\u00f4t\u00e9s. A l\u2019arri\u00e8re de cette chape, une corni\u00e8re en forme de L sert d\u2019appui \u00e0 la suspension\u00a0en coton tiss\u00e9 (webbing), qui est maintenue par deux rivets emboutis.\u00a0La sangle utilis\u00e9e pour le maintien de la ba\u00efonnette est fix\u00e9e \u00e0 l\u2019aide d\u2019un rivet sur la suspension, elle\u00a0se verrouille gr\u00e2ce \u00e0 un bouton pression.<\/p>\n<p><strong><span style=\"color: #000000;\">Avis personnel sur\u00a0<span style=\"caret-color: #000000;\">l&rsquo;attrait de ce mod\u00e8le<\/span>\u00a0:<br \/>\n<\/span><\/strong>Cette ba\u00efonnette de\u00a0la firme allemande, AES fait partie de l&rsquo;un des nombreux mod\u00e8les con\u00e7us par cette entreprise, elle \u00e9tait destin\u00e9e \u00e0 l&rsquo;export mais n&rsquo;a probablement jamais \u00e9t\u00e9 utilis\u00e9e. Cette variante ne se rencontre que tr\u00e8s rarement, alors pourquoi pas dans une collection.<\/p>\n<p>Le 19\/08\/20.<\/p>\n","protected":false},"excerpt":{"rendered":"<p>Longueur :\u00a0360 mm \u00f8 interne de la douille : 22 mm Armement :\u00a0fusil M16 et variantes Valeur :\u00a0\u20ac\u20ac\u20ac Raret\u00e9 :\u00a0 Cette ba\u00efonnette \u00e9t\u00e9 fabriqu\u00e9e uniquement pour un usage commercial dans les ann\u00e9es 1975 par\u00a0la firme allemande (AES). La poign\u00e9e\u00a0monobloc en plastique noir quadrill\u00e9 moul\u00e9e recouvre enti\u00e8rement la soie, l&rsquo;arri\u00e8re qui int\u00e8gre un \u00e9crou sert de [&hellip;]<\/p>\n","protected":false},"author":1,"featured_media":0,"comment_status":"open","ping_status":"open","sticky":false,"template":"","format":"standard","meta":{"footnotes":""},"categories":[151],"tags":[],"class_list":["post-2928","post","type-post","status-publish","format-standard","hentry","category-liens-n-du-nouvel-abc"],"_links":{"self":[{"href":"https:\/\/geraldbaios.fr\/index.php?rest_route=\/wp\/v2\/posts\/2928","targetHints":{"allow":["GET"]}}],"collection":[{"href":"https:\/\/geraldbaios.fr\/index.php?rest_route=\/wp\/v2\/posts"}],"about":[{"href":"https:\/\/geraldbaios.fr\/index.php?rest_route=\/wp\/v2\/types\/post"}],"author":[{"embeddable":true,"href":"https:\/\/geraldbaios.fr\/index.php?rest_route=\/wp\/v2\/users\/1"}],"replies":[{"embeddable":true,"href":"https:\/\/geraldbaios.fr\/index.php?rest_route=%2Fwp%2Fv2%2Fcomments&post=2928"}],"version-history":[{"count":74,"href":"https:\/\/geraldbaios.fr\/index.php?rest_route=\/wp\/v2\/posts\/2928\/revisions"}],"predecessor-version":[{"id":46042,"href":"https:\/\/geraldbaios.fr\/index.php?rest_route=\/wp\/v2\/posts\/2928\/revisions\/46042"}],"wp:attachment":[{"href":"https:\/\/geraldbaios.fr\/index.php?rest_route=%2Fwp%2Fv2%2Fmedia&parent=2928"}],"wp:term":[{"taxonomy":"category","embeddable":true,"href":"https:\/\/geraldbaios.fr\/index.php?rest_route=%2Fwp%2Fv2%2Fcategories&post=2928"},{"taxonomy":"post_tag","embeddable":true,"href":"https:\/\/geraldbaios.fr\/index.php?rest_route=%2Fwp%2Fv2%2Ftags&post=2928"}],"curies":[{"name":"wp","href":"https:\/\/api.w.org\/{rel}","templated":true}]}}