{"id":33094,"date":"2016-05-12T16:10:45","date_gmt":"2016-05-12T14:10:45","guid":{"rendered":"http:\/\/geraldbaios.fr\/?p=33094"},"modified":"2024-05-07T22:39:17","modified_gmt":"2024-05-07T20:39:17","slug":"lituanie","status":"publish","type":"post","link":"https:\/\/geraldbaios.fr\/?p=33094","title":{"rendered":"Lituanie"},"content":{"rendered":"<p><img loading=\"lazy\" decoding=\"async\" class=\"aligncenter wp-image-33095\" src=\"https:\/\/geraldbaios.fr\/wp-content\/uploads\/2020\/05\/langfr-450px-Flag_of_Lithuania.png\" alt=\"\" width=\"300\" height=\"180\" srcset=\"https:\/\/geraldbaios.fr\/wp-content\/uploads\/2020\/05\/langfr-450px-Flag_of_Lithuania.png 450w, https:\/\/geraldbaios.fr\/wp-content\/uploads\/2020\/05\/langfr-450px-Flag_of_Lithuania-300x180.png 300w\" sizes=\"auto, (max-width: 300px) 100vw, 300px\" \/><\/p>\n<p>H\u00e9riti\u00e8re du grand-duch\u00e9 de Lituanie, ind\u00e9pendante de 1918 \u00e0 1940 et de nouveau depuis <strong>1991<\/strong>, sa situation et son histoire mouvement\u00e9e ont longtemps plac\u00e9 la Lituanie sous dominations \u00e9trang\u00e8res, russe en particulier. La Lituanie a \u00e9t\u00e9 envahie puis incorpor\u00e9e \u00e0 l&rsquo;Union sovi\u00e9tique de juin 1940 \u00e0 juin 1941, puis \u00e0 partir de 1944 en d\u00e9pit d&rsquo;une r\u00e9sistance qui s&rsquo;est prolong\u00e9e jusqu&rsquo;en 1953. Le pays a retrouvr\u00e9 sa souverainet\u00e9 en 1990. Depuis, comme ses voisins baltes septentrionaux, la Lituanie a int\u00e9gr\u00e9 l&rsquo;<a title=\"Organisation du trait\u00e9 de l'Atlantique nord\" href=\"https:\/\/fr.wikipedia.org\/wiki\/Organisation_du_trait%C3%A9_de_l%27Atlantique_nord\">OTAN<\/a> le 17 mars 2004.<\/p>\n<p><strong>Ci-dessous<\/strong>, une partie des ba\u00efonnettes utilis\u00e9es par la Lituanie depuis 1991, pour y acc\u00e9der il suffit de cliquer sur le lien.<\/p>\n<p><a href=\"https:\/\/geraldbaios.fr\/?p=33110\">Ba\u00efonnette mod\u00e8le (6&#215;5)<\/a><\/p>\n<p><a href=\"https:\/\/geraldbaios.fr\/?p=14010\">Ba\u00efonnette mod\u00e8le (6&#215;4)<\/a><\/p>\n","protected":false},"excerpt":{"rendered":"<p>H\u00e9riti\u00e8re du grand-duch\u00e9 de Lituanie, ind\u00e9pendante de 1918 \u00e0 1940 et de nouveau depuis 1991, sa situation et son histoire mouvement\u00e9e ont longtemps plac\u00e9 la Lituanie sous dominations \u00e9trang\u00e8res, russe en particulier. La Lituanie a \u00e9t\u00e9 envahie puis incorpor\u00e9e \u00e0 l&rsquo;Union sovi\u00e9tique de juin 1940 \u00e0 juin 1941, puis \u00e0 partir de 1944 en d\u00e9pit [&hellip;]<\/p>\n","protected":false},"author":1,"featured_media":0,"comment_status":"open","ping_status":"closed","sticky":false,"template":"","format":"standard","meta":{"footnotes":""},"categories":[48],"tags":[],"class_list":["post-33094","post","type-post","status-publish","format-standard","hentry","category-lituanie"],"_links":{"self":[{"href":"https:\/\/geraldbaios.fr\/index.php?rest_route=\/wp\/v2\/posts\/33094","targetHints":{"allow":["GET"]}}],"collection":[{"href":"https:\/\/geraldbaios.fr\/index.php?rest_route=\/wp\/v2\/posts"}],"about":[{"href":"https:\/\/geraldbaios.fr\/index.php?rest_route=\/wp\/v2\/types\/post"}],"author":[{"embeddable":true,"href":"https:\/\/geraldbaios.fr\/index.php?rest_route=\/wp\/v2\/users\/1"}],"replies":[{"embeddable":true,"href":"https:\/\/geraldbaios.fr\/index.php?rest_route=%2Fwp%2Fv2%2Fcomments&post=33094"}],"version-history":[{"count":9,"href":"https:\/\/geraldbaios.fr\/index.php?rest_route=\/wp\/v2\/posts\/33094\/revisions"}],"predecessor-version":[{"id":47878,"href":"https:\/\/geraldbaios.fr\/index.php?rest_route=\/wp\/v2\/posts\/33094\/revisions\/47878"}],"wp:attachment":[{"href":"https:\/\/geraldbaios.fr\/index.php?rest_route=%2Fwp%2Fv2%2Fmedia&parent=33094"}],"wp:term":[{"taxonomy":"category","embeddable":true,"href":"https:\/\/geraldbaios.fr\/index.php?rest_route=%2Fwp%2Fv2%2Fcategories&post=33094"},{"taxonomy":"post_tag","embeddable":true,"href":"https:\/\/geraldbaios.fr\/index.php?rest_route=%2Fwp%2Fv2%2Ftags&post=33094"}],"curies":[{"name":"wp","href":"https:\/\/api.w.org\/{rel}","templated":true}]}}