{"id":34749,"date":"2022-01-13T21:09:47","date_gmt":"2022-01-13T19:09:47","guid":{"rendered":"http:\/\/geraldbaios.fr\/?p=34749"},"modified":"2024-01-10T19:48:19","modified_gmt":"2024-01-10T17:48:19","slug":"baionnette-13","status":"publish","type":"post","link":"https:\/\/geraldbaios.fr\/?p=34749","title":{"rendered":"Ba\u00efonnette mod\u00e8le 1884-98 (3\u00e8me type) \u00ab\u00a0N 447\u00a0\u00bb"},"content":{"rendered":"<p><img loading=\"lazy\" decoding=\"async\" class=\"aligncenter wp-image-34751\" src=\"https:\/\/geraldbaios.fr\/wp-content\/uploads\/2020\/08\/98K-Rouge-01-1024x322.jpg\" alt=\"\" width=\"752\" height=\"237\" srcset=\"https:\/\/geraldbaios.fr\/wp-content\/uploads\/2020\/08\/98K-Rouge-01-1024x322.jpg 1024w, https:\/\/geraldbaios.fr\/wp-content\/uploads\/2020\/08\/98K-Rouge-01-300x94.jpg 300w, https:\/\/geraldbaios.fr\/wp-content\/uploads\/2020\/08\/98K-Rouge-01-768x242.jpg 768w, https:\/\/geraldbaios.fr\/wp-content\/uploads\/2020\/08\/98K-Rouge-01-1536x484.jpg 1536w, https:\/\/geraldbaios.fr\/wp-content\/uploads\/2020\/08\/98K-Rouge-01-2048x645.jpg 2048w\" sizes=\"auto, (max-width: 752px) 100vw, 752px\" \/><\/p>\n<p><strong>Longueur :\u00a0<\/strong>385 mm<br \/>\n<strong>Poids : <\/strong>435 g<strong><br \/>\n<\/strong><\/p>\n<p><strong><b>Armement :<\/b><\/strong>\u00a0fusil Mauser 98 K<strong><b>\u00a0<\/b><\/strong>ou de type 98<\/p>\n<p><strong>Valeur :\u00a0<\/strong>\u20ac\u20ac\u20ac \u20ac<span style=\"line-height: 1.5;\">\u00a0 (<\/span><span style=\"line-height: 1.5;\">pas au\u00a0<\/span>m\u00eame<span style=\"line-height: 1.5;\">\u00a0n\u00b0<\/span><span style=\"line-height: 1.5;\">)<\/span><strong><br \/>\nRaret\u00e9 :\u00a0\u00a0<a href=\"https:\/\/geraldbaios.fr\/wp-content\/uploads\/2015\/02\/che1valier.gif\"><img loading=\"lazy\" decoding=\"async\" class=\" size-full wp-image-294 alignnone\" src=\"https:\/\/geraldbaios.fr\/wp-content\/uploads\/2015\/02\/che1valier.gif\" alt=\"che1valier\" width=\"40\" height=\"30\" \/><\/a><a href=\"https:\/\/geraldbaios.fr\/wp-content\/uploads\/2015\/02\/che1valier.gif\"><img loading=\"lazy\" decoding=\"async\" class=\" size-full wp-image-294 alignnone\" src=\"https:\/\/geraldbaios.fr\/wp-content\/uploads\/2015\/02\/che1valier.gif\" alt=\"che1valier\" width=\"40\" height=\"30\" \/><\/a><a href=\"https:\/\/geraldbaios.fr\/wp-content\/uploads\/2015\/02\/che1valier.gif\"><img loading=\"lazy\" decoding=\"async\" class=\" size-full wp-image-294 alignnone\" src=\"https:\/\/geraldbaios.fr\/wp-content\/uploads\/2015\/02\/che1valier.gif\" alt=\"che1valier\" width=\"40\" height=\"30\" \/><\/a><a href=\"https:\/\/geraldbaios.fr\/wp-content\/uploads\/2015\/02\/che1valier.gif\"><img loading=\"lazy\" decoding=\"async\" class=\" size-full wp-image-294 alignnone\" src=\"https:\/\/geraldbaios.fr\/wp-content\/uploads\/2015\/02\/che1valier.gif\" alt=\"che1valier\" width=\"40\" height=\"30\" \/><\/a><a href=\"https:\/\/geraldbaios.fr\/wp-content\/uploads\/2015\/02\/che1valier.gif\"><img loading=\"lazy\" decoding=\"async\" class=\" size-full wp-image-294 alignnone\" src=\"https:\/\/geraldbaios.fr\/wp-content\/uploads\/2015\/02\/che1valier.gif\" alt=\"che1valier\" width=\"40\" height=\"30\" \/><br \/>\n<\/a><br \/>\n<\/strong>Cette ba\u00efonnette allemande M-<a href=\"https:\/\/geraldbaios.fr\/?p=8282\">1884-98 (3\u00e8me type)<\/a> a \u00e9t\u00e9 r\u00e9cup\u00e9r\u00e9e et r\u00e9-immatricul\u00e9e par la Yougoslavie peu apr\u00e8s la Seconde Guerre mondiale.<\/p>\n<p style=\"text-align: center;\"><img loading=\"lazy\" decoding=\"async\" class=\"aligncenter wp-image-34752\" src=\"https:\/\/geraldbaios.fr\/wp-content\/uploads\/2020\/08\/98K-Rouge-02-1024x716.jpg\" alt=\"\" width=\"400\" height=\"280\" srcset=\"https:\/\/geraldbaios.fr\/wp-content\/uploads\/2020\/08\/98K-Rouge-02-1024x716.jpg 1024w, https:\/\/geraldbaios.fr\/wp-content\/uploads\/2020\/08\/98K-Rouge-02-300x210.jpg 300w, https:\/\/geraldbaios.fr\/wp-content\/uploads\/2020\/08\/98K-Rouge-02-768x537.jpg 768w, https:\/\/geraldbaios.fr\/wp-content\/uploads\/2020\/08\/98K-Rouge-02-1536x1073.jpg 1536w, https:\/\/geraldbaios.fr\/wp-content\/uploads\/2020\/08\/98K-Rouge-02-2048x1431.jpg 2048w\" sizes=\"auto, (max-width: 400px) 100vw, 400px\" \/><strong>Pour une bonne concordance de l&rsquo;ensemble le n\u00b0 de la ba\u00efonnette doit \u00eatre identique au fourreau<\/strong><\/p>\n<p><strong>Les porte-fourreaux<\/strong> utilis\u00e9s par l&rsquo;arm\u00e9e yougoslave pour ce mod\u00e8le sont de fabrication nationale\u00a0ou allemande.<\/p>\n<p>Le 04\/08\/20.<\/p>\n","protected":false},"excerpt":{"rendered":"<p>Longueur :\u00a0385 mm Poids : 435 g Armement :\u00a0fusil Mauser 98 K\u00a0ou de type 98 Valeur :\u00a0\u20ac\u20ac\u20ac \u20ac\u00a0 (pas au\u00a0m\u00eame\u00a0n\u00b0) Raret\u00e9 :\u00a0\u00a0 Cette ba\u00efonnette allemande M-1884-98 (3\u00e8me type) a \u00e9t\u00e9 r\u00e9cup\u00e9r\u00e9e et r\u00e9-immatricul\u00e9e par la Yougoslavie peu apr\u00e8s la Seconde Guerre mondiale. Pour une bonne concordance de l&rsquo;ensemble le n\u00b0 de la ba\u00efonnette doit \u00eatre [&hellip;]<\/p>\n","protected":false},"author":1,"featured_media":0,"comment_status":"open","ping_status":"closed","sticky":false,"template":"","format":"standard","meta":{"footnotes":""},"categories":[151],"tags":[],"class_list":["post-34749","post","type-post","status-publish","format-standard","hentry","category-liens-n-du-nouvel-abc"],"_links":{"self":[{"href":"https:\/\/geraldbaios.fr\/index.php?rest_route=\/wp\/v2\/posts\/34749","targetHints":{"allow":["GET"]}}],"collection":[{"href":"https:\/\/geraldbaios.fr\/index.php?rest_route=\/wp\/v2\/posts"}],"about":[{"href":"https:\/\/geraldbaios.fr\/index.php?rest_route=\/wp\/v2\/types\/post"}],"author":[{"embeddable":true,"href":"https:\/\/geraldbaios.fr\/index.php?rest_route=\/wp\/v2\/users\/1"}],"replies":[{"embeddable":true,"href":"https:\/\/geraldbaios.fr\/index.php?rest_route=%2Fwp%2Fv2%2Fcomments&post=34749"}],"version-history":[{"count":18,"href":"https:\/\/geraldbaios.fr\/index.php?rest_route=\/wp\/v2\/posts\/34749\/revisions"}],"predecessor-version":[{"id":47576,"href":"https:\/\/geraldbaios.fr\/index.php?rest_route=\/wp\/v2\/posts\/34749\/revisions\/47576"}],"wp:attachment":[{"href":"https:\/\/geraldbaios.fr\/index.php?rest_route=%2Fwp%2Fv2%2Fmedia&parent=34749"}],"wp:term":[{"taxonomy":"category","embeddable":true,"href":"https:\/\/geraldbaios.fr\/index.php?rest_route=%2Fwp%2Fv2%2Fcategories&post=34749"},{"taxonomy":"post_tag","embeddable":true,"href":"https:\/\/geraldbaios.fr\/index.php?rest_route=%2Fwp%2Fv2%2Ftags&post=34749"}],"curies":[{"name":"wp","href":"https:\/\/api.w.org\/{rel}","templated":true}]}}