{"id":39021,"date":"2022-04-02T20:13:49","date_gmt":"2022-04-02T18:13:49","guid":{"rendered":"http:\/\/geraldbaios.fr\/?p=39021"},"modified":"2022-08-07T15:31:25","modified_gmt":"2022-08-07T13:31:25","slug":"baionnette-modele-mas-49-56","status":"publish","type":"post","link":"https:\/\/geraldbaios.fr\/?p=39021","title":{"rendered":"Ba\u00efonnette mod\u00e8le MAS 49\/56 \u00ab\u00a0N 275\u00a0\u00bb"},"content":{"rendered":"<p><img loading=\"lazy\" decoding=\"async\" class=\"aligncenter size-large wp-image-39095\" src=\"https:\/\/geraldbaios.fr\/wp-content\/uploads\/2016\/01\/Mod\u00e8le-49-56-\u00b0\u00b01-1024x458.jpg\" alt=\"\" width=\"800\" height=\"358\" srcset=\"https:\/\/geraldbaios.fr\/wp-content\/uploads\/2016\/01\/Mod\u00e8le-49-56-\u00b0\u00b01-1024x458.jpg 1024w, https:\/\/geraldbaios.fr\/wp-content\/uploads\/2016\/01\/Mod\u00e8le-49-56-\u00b0\u00b01-300x134.jpg 300w, https:\/\/geraldbaios.fr\/wp-content\/uploads\/2016\/01\/Mod\u00e8le-49-56-\u00b0\u00b01-768x344.jpg 768w, https:\/\/geraldbaios.fr\/wp-content\/uploads\/2016\/01\/Mod\u00e8le-49-56-\u00b0\u00b01-1536x688.jpg 1536w, https:\/\/geraldbaios.fr\/wp-content\/uploads\/2016\/01\/Mod\u00e8le-49-56-\u00b0\u00b01-2048x917.jpg 2048w\" sizes=\"auto, (max-width: 800px) 100vw, 800px\" \/><\/p>\n<p><strong>Longueur :<\/strong>\u00a0344 mm<br \/>\n<strong>\u00f8 interne des deux bagues :\u00a0<\/strong><a href=\"https:\/\/geraldbaios.fr\/?p=15450\">22 mm<\/a><br \/>\n<strong>Poids : <\/strong>305 g<\/p>\n<p><img loading=\"lazy\" decoding=\"async\" class=\"aligncenter size-full wp-image-39036\" src=\"https:\/\/geraldbaios.fr\/wp-content\/uploads\/2016\/01\/IMG_0511-Custom.jpg\" alt=\"\" width=\"640\" height=\"480\" srcset=\"https:\/\/geraldbaios.fr\/wp-content\/uploads\/2016\/01\/IMG_0511-Custom.jpg 640w, https:\/\/geraldbaios.fr\/wp-content\/uploads\/2016\/01\/IMG_0511-Custom-300x225.jpg 300w\" sizes=\"auto, (max-width: 640px) 100vw, 640px\" \/><\/p>\n<p><strong>Armement\u00a0<\/strong><strong>:<\/strong>\u00a0<a title=\"Fusil MAS-49\" href=\"https:\/\/fr.wikipedia.org\/wiki\/MAS_49\">fusil MAS-49\/56<\/a><br \/>\n<strong>Fixation : <\/strong>sous le canon<\/p>\n<p><strong>Valeur :<\/strong>\u00a0\u20ac\u20ac<br \/>\n<strong>Raret\u00e9 :<\/strong>\u00a0<strong><a href=\"https:\/\/geraldbaios.fr\/wp-content\/uploads\/2015\/02\/che1valier.gif\"><img loading=\"lazy\" decoding=\"async\" class=\" size-full wp-image-294 alignnone\" src=\"https:\/\/geraldbaios.fr\/wp-content\/uploads\/2015\/02\/che1valier.gif\" alt=\"che1valier\" width=\"40\" height=\"30\" \/><\/a><\/strong><strong><a href=\"https:\/\/geraldbaios.fr\/wp-content\/uploads\/2015\/02\/che1valier.gif\"><img loading=\"lazy\" decoding=\"async\" class=\" size-full wp-image-294 alignnone\" src=\"https:\/\/geraldbaios.fr\/wp-content\/uploads\/2015\/02\/che1valier.gif\" alt=\"che1valier\" width=\"40\" height=\"30\" \/><\/a><\/strong><strong><a href=\"https:\/\/geraldbaios.fr\/wp-content\/uploads\/2015\/02\/che1valier.gif\"><img loading=\"lazy\" decoding=\"async\" class=\" size-full wp-image-294 alignnone\" src=\"https:\/\/geraldbaios.fr\/wp-content\/uploads\/2015\/02\/che1valier.gif\" alt=\"che1valier\" width=\"40\" height=\"30\" \/><\/a><\/strong><strong><a href=\"https:\/\/geraldbaios.fr\/wp-content\/uploads\/2015\/02\/che1valier.gif\"><img loading=\"lazy\" decoding=\"async\" class=\" size-full wp-image-294 alignnone\" src=\"https:\/\/geraldbaios.fr\/wp-content\/uploads\/2015\/02\/che1valier.gif\" alt=\"che1valier\" width=\"40\" height=\"30\" \/><br \/>\n<\/a><\/strong><strong style=\"line-height: 1.5;\"><br \/>\n<\/strong>Cette premi\u00e8re version, la plus rare fut produite de 1956 \u00e0 1959 \u00e0<strong>\u00a040 000 exemplaires<\/strong>, critiqu\u00e9e suite \u00e0 la faiblesse de la lame \u00e0 la torsion, elle fut assez rapidement remplac\u00e9e par la seconde version M-58 \u00e0 lame plus courte donc plus rigide.<\/p>\n<p style=\"text-align: center;\"><img loading=\"lazy\" decoding=\"async\" class=\"aligncenter wp-image-39096\" src=\"https:\/\/geraldbaios.fr\/wp-content\/uploads\/2016\/01\/Mod\u00e8le-49-56-\u00b0\u00b02-1024x533.jpg\" alt=\"\" width=\"499\" height=\"260\" srcset=\"https:\/\/geraldbaios.fr\/wp-content\/uploads\/2016\/01\/Mod\u00e8le-49-56-\u00b0\u00b02-1024x533.jpg 1024w, https:\/\/geraldbaios.fr\/wp-content\/uploads\/2016\/01\/Mod\u00e8le-49-56-\u00b0\u00b02-300x156.jpg 300w, https:\/\/geraldbaios.fr\/wp-content\/uploads\/2016\/01\/Mod\u00e8le-49-56-\u00b0\u00b02-768x400.jpg 768w, https:\/\/geraldbaios.fr\/wp-content\/uploads\/2016\/01\/Mod\u00e8le-49-56-\u00b0\u00b02-1536x800.jpg 1536w, https:\/\/geraldbaios.fr\/wp-content\/uploads\/2016\/01\/Mod\u00e8le-49-56-\u00b0\u00b02-2048x1066.jpg 2048w\" sizes=\"auto, (max-width: 499px) 100vw, 499px\" \/> <img loading=\"lazy\" decoding=\"async\" class=\"aligncenter wp-image-39097\" src=\"https:\/\/geraldbaios.fr\/wp-content\/uploads\/2016\/01\/Mod\u00e8le-49-56-\u00b0\u00b03-1024x276.jpg\" alt=\"\" width=\"500\" height=\"135\" srcset=\"https:\/\/geraldbaios.fr\/wp-content\/uploads\/2016\/01\/Mod\u00e8le-49-56-\u00b0\u00b03-1024x276.jpg 1024w, https:\/\/geraldbaios.fr\/wp-content\/uploads\/2016\/01\/Mod\u00e8le-49-56-\u00b0\u00b03-300x81.jpg 300w, https:\/\/geraldbaios.fr\/wp-content\/uploads\/2016\/01\/Mod\u00e8le-49-56-\u00b0\u00b03-768x207.jpg 768w, https:\/\/geraldbaios.fr\/wp-content\/uploads\/2016\/01\/Mod\u00e8le-49-56-\u00b0\u00b03-1536x415.jpg 1536w, https:\/\/geraldbaios.fr\/wp-content\/uploads\/2016\/01\/Mod\u00e8le-49-56-\u00b0\u00b03-2048x553.jpg 2048w\" sizes=\"auto, (max-width: 500px) 100vw, 500px\" \/><strong>\u00a0L&rsquo;ajustage grossier de liaison des deux plaquettes <\/strong><b>caract\u00e9rise ce mod\u00e8le<\/b><a href=\"https:\/\/geraldbaios.fr\/wp-content\/uploads\/2016\/01\/4956-V1.jpg\" rel=\"attachment wp-att-6348\"><img loading=\"lazy\" decoding=\"async\" class=\"aligncenter wp-image-39144\" src=\"https:\/\/geraldbaios.fr\/wp-content\/uploads\/2016\/01\/Mod\u00e8le-49-56-\u00b0\u00b0\u00b0\u00b01-1024x779.jpg\" alt=\"\" width=\"200\" height=\"152\" srcset=\"https:\/\/geraldbaios.fr\/wp-content\/uploads\/2016\/01\/Mod\u00e8le-49-56-\u00b0\u00b0\u00b0\u00b01-1024x779.jpg 1024w, https:\/\/geraldbaios.fr\/wp-content\/uploads\/2016\/01\/Mod\u00e8le-49-56-\u00b0\u00b0\u00b0\u00b01-300x228.jpg 300w, https:\/\/geraldbaios.fr\/wp-content\/uploads\/2016\/01\/Mod\u00e8le-49-56-\u00b0\u00b0\u00b0\u00b01-768x584.jpg 768w, https:\/\/geraldbaios.fr\/wp-content\/uploads\/2016\/01\/Mod\u00e8le-49-56-\u00b0\u00b0\u00b0\u00b01.jpg 1308w\" sizes=\"auto, (max-width: 200px) 100vw, 200px\" \/><img loading=\"lazy\" decoding=\"async\" class=\"aligncenter wp-image-6348\" src=\"https:\/\/geraldbaios.fr\/wp-content\/uploads\/2016\/01\/4956-V1.jpg\" alt=\"49:56 V1\" width=\"201\" height=\"129\" srcset=\"https:\/\/geraldbaios.fr\/wp-content\/uploads\/2016\/01\/4956-V1.jpg 400w, https:\/\/geraldbaios.fr\/wp-content\/uploads\/2016\/01\/4956-V1-300x193.jpg 300w\" sizes=\"auto, (max-width: 201px) 100vw, 201px\" \/><\/a><\/p>\n<p><strong>La poign\u00e9e <\/strong>est compos\u00e9e de deux plaquettes en plastique noir lisses, maintenues entre elles par deux vis et \u00e9crous fendus. Elle int\u00e8gre un syst\u00e8me de verrouillage \u00e0 levier sp\u00e9cifique \u00e0 ce mod\u00e8le, particularit\u00e9 la croisi\u00e8re ainsi que le pommeau comportent une bague.<\/p>\n<p>Les croisi\u00e8res des ba\u00efonnettes M-49\/56 de fabrication priv\u00e9e portent une s\u00e9rie de trois lettres. Selon le r\u00e8glement de juillet 1955 (Note BF N\u00b0 67\/55) l&rsquo;ann\u00e9e \u00e9tant indiqu\u00e9e par une lettre, le A correspondant \u00e0 1955, donc E \u00e0 1959, les\u00a0lettres RM ou HF sont des codifications de l&rsquo;atelier de construction.<\/p>\n<p>Personnellement, j&rsquo;ai vu que les lettres cod\u00e9es de l&rsquo;ann\u00e9e (<strong>D<\/strong> ou\u00a0<strong>E<\/strong>).<\/p>\n<h3>Comparatif entre la variante utilis\u00e9e\u00a0avec le fusil MAS 49\/56\u00a0et la derni\u00e8re variante utilis\u00e9e\u00a0avec le fusil FAMAS.<\/h3>\n<h3><img loading=\"lazy\" decoding=\"async\" class=\"aligncenter wp-image-38984\" src=\"https:\/\/geraldbaios.fr\/wp-content\/uploads\/2016\/02\/Famas-\u00b0\u00b0\u00b05-1024x279.jpg\" alt=\"\" width=\"499\" height=\"136\" srcset=\"https:\/\/geraldbaios.fr\/wp-content\/uploads\/2016\/02\/Famas-\u00b0\u00b0\u00b05-1024x279.jpg 1024w, https:\/\/geraldbaios.fr\/wp-content\/uploads\/2016\/02\/Famas-\u00b0\u00b0\u00b05-300x82.jpg 300w, https:\/\/geraldbaios.fr\/wp-content\/uploads\/2016\/02\/Famas-\u00b0\u00b0\u00b05-768x209.jpg 768w, https:\/\/geraldbaios.fr\/wp-content\/uploads\/2016\/02\/Famas-\u00b0\u00b0\u00b05-1536x419.jpg 1536w, https:\/\/geraldbaios.fr\/wp-content\/uploads\/2016\/02\/Famas-\u00b0\u00b0\u00b05-2048x558.jpg 2048w\" sizes=\"auto, (max-width: 499px) 100vw, 499px\" \/><\/h3>\n<p>Toutes les ba\u00efonnettes fabriqu\u00e9es \u00e0 partir de 1956 jusqu&rsquo;\u00e0 1989 sont con\u00e7ues de la m\u00eame fa\u00e7on. Une t\u00f4le d&rsquo;acier pli\u00e9e qui int\u00e8gre le levier de verrouillage et le ressort sert de liaison entre la lame et l&rsquo;anneau arri\u00e8re mat\u00e9 sur une pi\u00e8ce. La poign\u00e9e est de constitution fragile (torsion) car elle est d\u00e9pourvue de soie pleine.<\/p>\n<p style=\"text-align: center;\"><img loading=\"lazy\" decoding=\"async\" class=\"aligncenter wp-image-38980\" src=\"https:\/\/geraldbaios.fr\/wp-content\/uploads\/2016\/02\/Famas-\u00b0\u00b0\u00b01-1024x916.jpg\" alt=\"\" width=\"500\" height=\"447\" srcset=\"https:\/\/geraldbaios.fr\/wp-content\/uploads\/2016\/02\/Famas-\u00b0\u00b0\u00b01-1024x916.jpg 1024w, https:\/\/geraldbaios.fr\/wp-content\/uploads\/2016\/02\/Famas-\u00b0\u00b0\u00b01-300x268.jpg 300w, https:\/\/geraldbaios.fr\/wp-content\/uploads\/2016\/02\/Famas-\u00b0\u00b0\u00b01-768x687.jpg 768w, https:\/\/geraldbaios.fr\/wp-content\/uploads\/2016\/02\/Famas-\u00b0\u00b0\u00b01-1536x1374.jpg 1536w, https:\/\/geraldbaios.fr\/wp-content\/uploads\/2016\/02\/Famas-\u00b0\u00b0\u00b01-2048x1832.jpg 2048w\" sizes=\"auto, (max-width: 500px) 100vw, 500px\" \/><strong>En haut poign\u00e9e du mod\u00e8le pour FAMAS, en bas M-49\/56 (seulement trois rivets sont\u00a0<\/strong><b>peints)<\/b><\/p>\n<p>Pour le mod\u00e8le pour FAMAS, six points de soudure \u00e9lectrique sont n\u00e9cessaires pour maintenir la pi\u00e8ce de liaison de la lame et de l&rsquo;anneau, pour le M-49\/56 la pi\u00e8ce est maintenue par quatre rivets.<\/p>\n<p style=\"text-align: center;\"><img loading=\"lazy\" decoding=\"async\" class=\"aligncenter wp-image-38982\" src=\"https:\/\/geraldbaios.fr\/wp-content\/uploads\/2016\/02\/Famas-\u00b0\u00b0\u00b03-1024x870.jpg\" alt=\"\" width=\"500\" height=\"425\" srcset=\"https:\/\/geraldbaios.fr\/wp-content\/uploads\/2016\/02\/Famas-\u00b0\u00b0\u00b03-1024x870.jpg 1024w, https:\/\/geraldbaios.fr\/wp-content\/uploads\/2016\/02\/Famas-\u00b0\u00b0\u00b03-300x255.jpg 300w, https:\/\/geraldbaios.fr\/wp-content\/uploads\/2016\/02\/Famas-\u00b0\u00b0\u00b03-768x652.jpg 768w, https:\/\/geraldbaios.fr\/wp-content\/uploads\/2016\/02\/Famas-\u00b0\u00b0\u00b03-1536x1304.jpg 1536w, https:\/\/geraldbaios.fr\/wp-content\/uploads\/2016\/02\/Famas-\u00b0\u00b0\u00b03-2048x1739.jpg 2048w\" sizes=\"auto, (max-width: 500px) 100vw, 500px\" \/><strong>En haut levier du mod\u00e8le pour FAMAS, en bas M-49\/56<\/strong><\/p>\n<p>Les leviers de verrouillage des deux mod\u00e8les sont identiques (pas plus pro\u00e9minent pour le FAMAS), l&rsquo;encoche o\u00f9 se loge le ressort qui est un peu plus large pour le mod\u00e8le pour FAMAS.<\/p>\n<p style=\"text-align: center;\"><img loading=\"lazy\" decoding=\"async\" class=\"aligncenter wp-image-38981\" src=\"https:\/\/geraldbaios.fr\/wp-content\/uploads\/2016\/02\/Famas-\u00b0\u00b0\u00b02-1024x592.jpg\" alt=\"\" width=\"500\" height=\"289\" srcset=\"https:\/\/geraldbaios.fr\/wp-content\/uploads\/2016\/02\/Famas-\u00b0\u00b0\u00b02-1024x592.jpg 1024w, https:\/\/geraldbaios.fr\/wp-content\/uploads\/2016\/02\/Famas-\u00b0\u00b0\u00b02-300x173.jpg 300w, https:\/\/geraldbaios.fr\/wp-content\/uploads\/2016\/02\/Famas-\u00b0\u00b0\u00b02-768x444.jpg 768w, https:\/\/geraldbaios.fr\/wp-content\/uploads\/2016\/02\/Famas-\u00b0\u00b0\u00b02-1536x887.jpg 1536w, https:\/\/geraldbaios.fr\/wp-content\/uploads\/2016\/02\/Famas-\u00b0\u00b0\u00b02-2048x1183.jpg 2048w\" sizes=\"auto, (max-width: 500px) 100vw, 500px\" \/><strong>En haut plaquette droite du mod\u00e8le pour FAMAS, en bas M-49\/56<\/strong><\/p>\n<p>Les plaquettes sont de constitution identique, sauf la partie en contact pour le bloquage de la goupille amovible du levier de verrouillage (ronde ou rectangulaire).<\/p>\n<p style=\"text-align: center;\"><img loading=\"lazy\" decoding=\"async\" class=\"aligncenter wp-image-38983\" src=\"https:\/\/geraldbaios.fr\/wp-content\/uploads\/2016\/02\/Famas-\u00b0\u00b0\u00b04-1024x577.jpg\" alt=\"\" width=\"500\" height=\"282\" srcset=\"https:\/\/geraldbaios.fr\/wp-content\/uploads\/2016\/02\/Famas-\u00b0\u00b0\u00b04-1024x577.jpg 1024w, https:\/\/geraldbaios.fr\/wp-content\/uploads\/2016\/02\/Famas-\u00b0\u00b0\u00b04-300x169.jpg 300w, https:\/\/geraldbaios.fr\/wp-content\/uploads\/2016\/02\/Famas-\u00b0\u00b0\u00b04-768x433.jpg 768w, https:\/\/geraldbaios.fr\/wp-content\/uploads\/2016\/02\/Famas-\u00b0\u00b0\u00b04-1536x866.jpg 1536w, https:\/\/geraldbaios.fr\/wp-content\/uploads\/2016\/02\/Famas-\u00b0\u00b0\u00b04-2048x1155.jpg 2048w\" sizes=\"auto, (max-width: 500px) 100vw, 500px\" \/><strong>Poign\u00e9e d&rsquo;un M-49\/56<\/strong><\/p>\n<p>D\u00e9tail du m\u00e9canisme de la poign\u00e9e de la premi\u00e8re variante utilis\u00e9e \u00e0 partir de 1956.<\/p>\n<p><img loading=\"lazy\" decoding=\"async\" class=\"aligncenter wp-image-39103\" src=\"https:\/\/geraldbaios.fr\/wp-content\/uploads\/2016\/01\/Mod\u00e8le-49-56-\u00b0\u00b04-1024x396.jpg\" alt=\"\" width=\"601\" height=\"232\" srcset=\"https:\/\/geraldbaios.fr\/wp-content\/uploads\/2016\/01\/Mod\u00e8le-49-56-\u00b0\u00b04-1024x396.jpg 1024w, https:\/\/geraldbaios.fr\/wp-content\/uploads\/2016\/01\/Mod\u00e8le-49-56-\u00b0\u00b04-300x116.jpg 300w, https:\/\/geraldbaios.fr\/wp-content\/uploads\/2016\/01\/Mod\u00e8le-49-56-\u00b0\u00b04-768x297.jpg 768w, https:\/\/geraldbaios.fr\/wp-content\/uploads\/2016\/01\/Mod\u00e8le-49-56-\u00b0\u00b04-1536x593.jpg 1536w, https:\/\/geraldbaios.fr\/wp-content\/uploads\/2016\/01\/Mod\u00e8le-49-56-\u00b0\u00b04-2048x791.jpg 2048w\" sizes=\"auto, (max-width: 601px) 100vw, 601px\" \/><\/p>\n<p><strong>La lame<\/strong> sans marquage, de finition phosphat\u00e9e (de longueur 218 mm, \u00e9paisseur 4,5 mm)\u00a0est de type <a class=\"row-title\" href=\"https:\/\/geraldbaios.fr\/?p=14810\" aria-label=\"\u00ab\u00a0lame de type US M4\u00a0\u00bb (Modifier)\">US M4. <\/a>L&rsquo;usinage r\u00e9alis\u00e9 sur les deux tiers du contre-tranchant \u00e0 l&rsquo;extr\u00e9mit\u00e9 l&rsquo;amincit et cela a pour cons\u00e9quence de r\u00e9duire sa r\u00e9sistance m\u00e9canique \u00e0 la torsion.<\/p>\n<p style=\"text-align: center;\"><img loading=\"lazy\" decoding=\"async\" class=\"aligncenter wp-image-39105\" src=\"https:\/\/geraldbaios.fr\/wp-content\/uploads\/2016\/01\/Mod\u00e8le-49-56-\u00b0\u00b05-1024x271.jpg\" alt=\"\" width=\"601\" height=\"159\" srcset=\"https:\/\/geraldbaios.fr\/wp-content\/uploads\/2016\/01\/Mod\u00e8le-49-56-\u00b0\u00b05-1024x271.jpg 1024w, https:\/\/geraldbaios.fr\/wp-content\/uploads\/2016\/01\/Mod\u00e8le-49-56-\u00b0\u00b05-300x80.jpg 300w, https:\/\/geraldbaios.fr\/wp-content\/uploads\/2016\/01\/Mod\u00e8le-49-56-\u00b0\u00b05-768x204.jpg 768w, https:\/\/geraldbaios.fr\/wp-content\/uploads\/2016\/01\/Mod\u00e8le-49-56-\u00b0\u00b05-1536x407.jpg 1536w, https:\/\/geraldbaios.fr\/wp-content\/uploads\/2016\/01\/Mod\u00e8le-49-56-\u00b0\u00b05-2048x543.jpg 2048w\" sizes=\"auto, (max-width: 601px) 100vw, 601px\" \/><img loading=\"lazy\" decoding=\"async\" class=\"aligncenter wp-image-39146\" src=\"https:\/\/geraldbaios.fr\/wp-content\/uploads\/2016\/01\/Mod\u00e8le-49-56-\u00b0\u00b0\u00b0\u00b02-1024x546.jpg\" alt=\"\" width=\"300\" height=\"160\" srcset=\"https:\/\/geraldbaios.fr\/wp-content\/uploads\/2016\/01\/Mod\u00e8le-49-56-\u00b0\u00b0\u00b0\u00b02-1024x546.jpg 1024w, https:\/\/geraldbaios.fr\/wp-content\/uploads\/2016\/01\/Mod\u00e8le-49-56-\u00b0\u00b0\u00b0\u00b02-300x160.jpg 300w, https:\/\/geraldbaios.fr\/wp-content\/uploads\/2016\/01\/Mod\u00e8le-49-56-\u00b0\u00b0\u00b0\u00b02-768x409.jpg 768w, https:\/\/geraldbaios.fr\/wp-content\/uploads\/2016\/01\/Mod\u00e8le-49-56-\u00b0\u00b0\u00b0\u00b02-1536x819.jpg 1536w, https:\/\/geraldbaios.fr\/wp-content\/uploads\/2016\/01\/Mod\u00e8le-49-56-\u00b0\u00b0\u00b0\u00b02-2048x1092.jpg 2048w\" sizes=\"auto, (max-width: 300px) 100vw, 300px\" \/> <img loading=\"lazy\" decoding=\"async\" class=\"aligncenter wp-image-39147\" src=\"https:\/\/geraldbaios.fr\/wp-content\/uploads\/2016\/01\/Mod\u00e8le-49-56-\u00b0\u00b0\u00b0\u00b03-854x1024.jpg\" alt=\"\" width=\"300\" height=\"360\" srcset=\"https:\/\/geraldbaios.fr\/wp-content\/uploads\/2016\/01\/Mod\u00e8le-49-56-\u00b0\u00b0\u00b0\u00b03-854x1024.jpg 854w, https:\/\/geraldbaios.fr\/wp-content\/uploads\/2016\/01\/Mod\u00e8le-49-56-\u00b0\u00b0\u00b0\u00b03-250x300.jpg 250w, https:\/\/geraldbaios.fr\/wp-content\/uploads\/2016\/01\/Mod\u00e8le-49-56-\u00b0\u00b0\u00b0\u00b03-768x921.jpg 768w, https:\/\/geraldbaios.fr\/wp-content\/uploads\/2016\/01\/Mod\u00e8le-49-56-\u00b0\u00b0\u00b0\u00b03-1280x1536.jpg 1280w, https:\/\/geraldbaios.fr\/wp-content\/uploads\/2016\/01\/Mod\u00e8le-49-56-\u00b0\u00b0\u00b0\u00b03-1707x2048.jpg 1707w\" sizes=\"auto, (max-width: 300px) 100vw, 300px\" \/><strong>Encoche de maintien de la lame dans la cuvette<\/strong><\/p>\n<p><strong>Le fourreau<\/strong> m\u00e9tallique de finition phosphat\u00e9e \u00e9pouse la forme de la lame, de ce fait la cuvette est d\u00e9pourvue de ressort interne inutile,\u00a0seule la ba\u00efonnette MAS-49-56 peut s&rsquo;y loger. Un\u00a0trou \u00e0 l&rsquo;extr\u00e9mit\u00e9 permet \u00e0 l&rsquo;eau de s&rsquo;\u00e9vacuer.<\/p>\n<p>Les marquages du M-49\/56 du constructeur (RM ou HF) se situent \u00e0 l&rsquo;arri\u00e8re du corps.<\/p>\n<p><img loading=\"lazy\" decoding=\"async\" class=\"aligncenter wp-image-39063\" src=\"https:\/\/geraldbaios.fr\/wp-content\/uploads\/2016\/01\/Mod\u00e8le-58-\u00b0\u00b0\u00b08-1024x792.jpg\" alt=\"\" width=\"401\" height=\"310\" srcset=\"https:\/\/geraldbaios.fr\/wp-content\/uploads\/2016\/01\/Mod\u00e8le-58-\u00b0\u00b0\u00b08-1024x792.jpg 1024w, https:\/\/geraldbaios.fr\/wp-content\/uploads\/2016\/01\/Mod\u00e8le-58-\u00b0\u00b0\u00b08-300x232.jpg 300w, https:\/\/geraldbaios.fr\/wp-content\/uploads\/2016\/01\/Mod\u00e8le-58-\u00b0\u00b0\u00b08-768x594.jpg 768w, https:\/\/geraldbaios.fr\/wp-content\/uploads\/2016\/01\/Mod\u00e8le-58-\u00b0\u00b0\u00b08-1536x1187.jpg 1536w, https:\/\/geraldbaios.fr\/wp-content\/uploads\/2016\/01\/Mod\u00e8le-58-\u00b0\u00b0\u00b08-2048x1583.jpg 2048w\" sizes=\"auto, (max-width: 401px) 100vw, 401px\" \/><\/p>\n<p><strong>Le porte-fourreau<\/strong> attel\u00e9 interchangeable en cuir, fix\u00e9 sur la cuvette par quatre rivets en laiton ou en acier peut \u00eatre de couleur jaune-kaki, ou vert. Il est pourvu du double crochet de type US afin de s&rsquo;adapter au ceinturon en toile style US. Il est possible, si il n&rsquo;est pas effac\u00e9, d&rsquo;apercevoir le\u00a0code fabricant, et quelques fois l&rsquo;ann\u00e9e de fabrication sur la sangle de fermeture.<\/p>\n<p><strong><span style=\"color: #000000;\">Avis personnel sur\u00a0<span style=\"caret-color: #000000;\">l&rsquo;attrait de ce mod\u00e8le<\/span>\u00a0:<\/span><\/strong><span style=\"color: #000000;\"><br \/>\n<\/span>Pour un prix raisonnable, une cinquantaine d&rsquo;euros, cette version plus rare que le M-58, est indispensable dans une collection.<\/p>\n<p>Le 04\/03\/21.<\/p>\n","protected":false},"excerpt":{"rendered":"<p>Longueur :\u00a0344 mm \u00f8 interne des deux bagues :\u00a022 mm Poids : 305 g Armement\u00a0:\u00a0fusil MAS-49\/56 Fixation : sous le canon Valeur :\u00a0\u20ac\u20ac Raret\u00e9 :\u00a0 Cette premi\u00e8re version, la plus rare fut produite de 1956 \u00e0 1959 \u00e0\u00a040 000 exemplaires, critiqu\u00e9e suite \u00e0 la faiblesse de la lame \u00e0 la torsion, elle fut assez rapidement [&hellip;]<\/p>\n","protected":false},"author":1,"featured_media":0,"comment_status":"open","ping_status":"closed","sticky":false,"template":"","format":"standard","meta":{"footnotes":""},"categories":[151],"tags":[],"class_list":["post-39021","post","type-post","status-publish","format-standard","hentry","category-liens-n-du-nouvel-abc"],"_links":{"self":[{"href":"https:\/\/geraldbaios.fr\/index.php?rest_route=\/wp\/v2\/posts\/39021","targetHints":{"allow":["GET"]}}],"collection":[{"href":"https:\/\/geraldbaios.fr\/index.php?rest_route=\/wp\/v2\/posts"}],"about":[{"href":"https:\/\/geraldbaios.fr\/index.php?rest_route=\/wp\/v2\/types\/post"}],"author":[{"embeddable":true,"href":"https:\/\/geraldbaios.fr\/index.php?rest_route=\/wp\/v2\/users\/1"}],"replies":[{"embeddable":true,"href":"https:\/\/geraldbaios.fr\/index.php?rest_route=%2Fwp%2Fv2%2Fcomments&post=39021"}],"version-history":[{"count":45,"href":"https:\/\/geraldbaios.fr\/index.php?rest_route=\/wp\/v2\/posts\/39021\/revisions"}],"predecessor-version":[{"id":46109,"href":"https:\/\/geraldbaios.fr\/index.php?rest_route=\/wp\/v2\/posts\/39021\/revisions\/46109"}],"wp:attachment":[{"href":"https:\/\/geraldbaios.fr\/index.php?rest_route=%2Fwp%2Fv2%2Fmedia&parent=39021"}],"wp:term":[{"taxonomy":"category","embeddable":true,"href":"https:\/\/geraldbaios.fr\/index.php?rest_route=%2Fwp%2Fv2%2Fcategories&post=39021"},{"taxonomy":"post_tag","embeddable":true,"href":"https:\/\/geraldbaios.fr\/index.php?rest_route=%2Fwp%2Fv2%2Ftags&post=39021"}],"curies":[{"name":"wp","href":"https:\/\/api.w.org\/{rel}","templated":true}]}}