{"id":426,"date":"2022-01-17T16:43:21","date_gmt":"2022-01-17T14:43:21","guid":{"rendered":"http:\/\/geraldbaios.fr\/?p=426"},"modified":"2022-08-09T12:11:25","modified_gmt":"2022-08-09T10:11:25","slug":"baionnette-modele-1912","status":"publish","type":"post","link":"https:\/\/geraldbaios.fr\/?p=426","title":{"rendered":"Ba\u00efonnette mod\u00e8le 1912 \u00ab\u00a0N 439\u00a0\u00bb"},"content":{"rendered":"<p><img loading=\"lazy\" decoding=\"async\" class=\"aligncenter wp-image-37367\" src=\"https:\/\/geraldbaios.fr\/wp-content\/uploads\/2015\/02\/Mod\u00e8le-1912-\u00b0\u00b01-1024x462.jpg\" alt=\"\" width=\"751\" height=\"339\" srcset=\"https:\/\/geraldbaios.fr\/wp-content\/uploads\/2015\/02\/Mod\u00e8le-1912-\u00b0\u00b01-1024x462.jpg 1024w, https:\/\/geraldbaios.fr\/wp-content\/uploads\/2015\/02\/Mod\u00e8le-1912-\u00b0\u00b01-300x135.jpg 300w, https:\/\/geraldbaios.fr\/wp-content\/uploads\/2015\/02\/Mod\u00e8le-1912-\u00b0\u00b01-768x346.jpg 768w, https:\/\/geraldbaios.fr\/wp-content\/uploads\/2015\/02\/Mod\u00e8le-1912-\u00b0\u00b01-1536x693.jpg 1536w, https:\/\/geraldbaios.fr\/wp-content\/uploads\/2015\/02\/Mod\u00e8le-1912-\u00b0\u00b01-2048x924.jpg 2048w\" sizes=\"auto, (max-width: 751px) 100vw, 751px\" \/><\/p>\n<p style=\"text-align: left;\"><strong>Longueur :<\/strong>\u00a0384 mm<br \/>\n<strong>\u00f8<\/strong><strong>\u00a0interne\u00a0<\/strong><strong>de la douille<\/strong>\u00a0<strong>:<\/strong><strong>\u00a0<\/strong>15,5 mm<br \/>\n<strong>Poids :<\/strong> entre 350 et 375 g<\/p>\n<p><strong>Armement :<\/strong>\u00a0fusil Mauser M-1914<\/p>\n<p style=\"text-align: left;\"><strong>Valeur :\u00a0<\/strong>\u20ac\u20ac\u20ac<strong><br \/>\n<\/strong><strong>Raret\u00e9 :<\/strong>\u00a0<strong><a href=\"https:\/\/geraldbaios.fr\/wp-content\/uploads\/2015\/02\/che1valier.gif\"><img loading=\"lazy\" decoding=\"async\" class=\" size-full wp-image-294 alignnone\" src=\"https:\/\/geraldbaios.fr\/wp-content\/uploads\/2015\/02\/che1valier.gif\" alt=\"che1valier\" width=\"40\" height=\"30\" \/><\/a><\/strong><strong><a href=\"https:\/\/geraldbaios.fr\/wp-content\/uploads\/2015\/02\/che1valier.gif\"><img loading=\"lazy\" decoding=\"async\" class=\" size-full wp-image-294 alignnone\" src=\"https:\/\/geraldbaios.fr\/wp-content\/uploads\/2015\/02\/che1valier.gif\" alt=\"che1valier\" width=\"40\" height=\"30\" \/><\/a><\/strong><strong><a href=\"https:\/\/geraldbaios.fr\/wp-content\/uploads\/2015\/02\/che1valier.gif\"><img loading=\"lazy\" decoding=\"async\" class=\" size-full wp-image-294 alignnone\" src=\"https:\/\/geraldbaios.fr\/wp-content\/uploads\/2015\/02\/che1valier.gif\" alt=\"che1valier\" width=\"40\" height=\"30\" \/><\/a><\/strong><strong><a href=\"https:\/\/geraldbaios.fr\/wp-content\/uploads\/2015\/02\/che1valier.gif\"><img loading=\"lazy\" decoding=\"async\" class=\" size-full wp-image-294 alignnone\" src=\"https:\/\/geraldbaios.fr\/wp-content\/uploads\/2015\/02\/che1valier.gif\" alt=\"che1valier\" width=\"40\" height=\"30\" \/><\/a><\/strong><strong><a href=\"https:\/\/geraldbaios.fr\/wp-content\/uploads\/2015\/02\/che1valier.gif\"><img loading=\"lazy\" decoding=\"async\" class=\" size-full wp-image-294 alignnone\" src=\"https:\/\/geraldbaios.fr\/wp-content\/uploads\/2015\/02\/che1valier.gif\" alt=\"che1valier\" width=\"40\" height=\"30\" \/><br \/>\n<\/a><\/strong><strong><br \/>\n<\/strong><span class=\"notranslate\">Le Mexique avait sign\u00e9 un contrat avec la\u00a0<a title=\"Autrichienne soci\u00e9t\u00e9 de fabricants d'armement\" href=\"https:\/\/translate.googleusercontent.com\/translate_c?depth=1&amp;hl=fr&amp;prev=search&amp;rurl=translate.google.fr&amp;sl=de&amp;sp=nmt4&amp;u=https:\/\/de.wikipedia.org\/wiki\/%25C3%2596sterreichische_Waffenfabriksgesellschaft&amp;usg=ALkJrhjDCw533Ypr3vS86uJToERHfSBmdg\">Waffenfabriks Society<\/a>\u00a0de Steyr pour une commande de fusils\u00a0<strong>Mauser mod\u00e8le 1912<\/strong>. L&rsquo;usine travaillait encore \u00e0 la fin du mois de juillet 1914, pour remplir ce contrat. Une fois la Premi\u00e8re Guerre mondiale officiellement d\u00e9clar\u00e9e, quelques uns de ces fusils<\/span><span class=\"notranslate\">\u00a0(encore, non livr\u00e9s) ont \u00e9t\u00e9 utilis\u00e9s par les troupes austro-hongroises, c<\/span><span class=\"notranslate\">es fusils n&rsquo;\u00e9taient employ\u00e9s que comme armement secondaire,\u00a060 000 fusils rebaptis\u00e9s mod\u00e8le 1914 furent r\u00e9quisitionn\u00e9s par les troupes autrichiennes de volontaires sur le front alpin.\u00a0<\/span><\/p>\n<p style=\"text-align: left;\">Ces ba\u00efonnettes destin\u00e9es \u00e0 \u00e9quiper ces 60 000 fusils sont identiques aux mod\u00e8les mexicains.<\/p>\n<p style=\"text-align: center;\"><img loading=\"lazy\" decoding=\"async\" class=\"aligncenter wp-image-37368\" src=\"https:\/\/geraldbaios.fr\/wp-content\/uploads\/2015\/02\/Mod\u00e8le-1912-\u00b0\u00b02-1024x714.jpg\" alt=\"\" width=\"500\" height=\"349\" srcset=\"https:\/\/geraldbaios.fr\/wp-content\/uploads\/2015\/02\/Mod\u00e8le-1912-\u00b0\u00b02-1024x714.jpg 1024w, https:\/\/geraldbaios.fr\/wp-content\/uploads\/2015\/02\/Mod\u00e8le-1912-\u00b0\u00b02-300x209.jpg 300w, https:\/\/geraldbaios.fr\/wp-content\/uploads\/2015\/02\/Mod\u00e8le-1912-\u00b0\u00b02-768x536.jpg 768w, https:\/\/geraldbaios.fr\/wp-content\/uploads\/2015\/02\/Mod\u00e8le-1912-\u00b0\u00b02-1536x1072.jpg 1536w, https:\/\/geraldbaios.fr\/wp-content\/uploads\/2015\/02\/Mod\u00e8le-1912-\u00b0\u00b02-2048x1429.jpg 2048w\" sizes=\"auto, (max-width: 500px) 100vw, 500px\" \/><strong>Le bouton de verrouillage est rond (non fendu)<\/strong><img loading=\"lazy\" decoding=\"async\" class=\"aligncenter wp-image-37369\" src=\"https:\/\/geraldbaios.fr\/wp-content\/uploads\/2015\/02\/Mod\u00e8le-1912-\u00b0\u00b07-1024x263.jpg\" alt=\"\" width=\"500\" height=\"128\" srcset=\"https:\/\/geraldbaios.fr\/wp-content\/uploads\/2015\/02\/Mod\u00e8le-1912-\u00b0\u00b07-1024x263.jpg 1024w, https:\/\/geraldbaios.fr\/wp-content\/uploads\/2015\/02\/Mod\u00e8le-1912-\u00b0\u00b07-300x77.jpg 300w, https:\/\/geraldbaios.fr\/wp-content\/uploads\/2015\/02\/Mod\u00e8le-1912-\u00b0\u00b07-768x197.jpg 768w, https:\/\/geraldbaios.fr\/wp-content\/uploads\/2015\/02\/Mod\u00e8le-1912-\u00b0\u00b07-1536x394.jpg 1536w, https:\/\/geraldbaios.fr\/wp-content\/uploads\/2015\/02\/Mod\u00e8le-1912-\u00b0\u00b07-2048x525.jpg 2048w\" sizes=\"auto, (max-width: 500px) 100vw, 500px\" \/><img loading=\"lazy\" decoding=\"async\" class=\"aligncenter wp-image-37370\" src=\"https:\/\/geraldbaios.fr\/wp-content\/uploads\/2015\/02\/Mod\u00e8le-1912-\u00b0\u00b04-1024x815.jpg\" alt=\"\" width=\"302\" height=\"240\" srcset=\"https:\/\/geraldbaios.fr\/wp-content\/uploads\/2015\/02\/Mod\u00e8le-1912-\u00b0\u00b04-1024x815.jpg 1024w, https:\/\/geraldbaios.fr\/wp-content\/uploads\/2015\/02\/Mod\u00e8le-1912-\u00b0\u00b04-300x239.jpg 300w, https:\/\/geraldbaios.fr\/wp-content\/uploads\/2015\/02\/Mod\u00e8le-1912-\u00b0\u00b04-768x611.jpg 768w, https:\/\/geraldbaios.fr\/wp-content\/uploads\/2015\/02\/Mod\u00e8le-1912-\u00b0\u00b04-1536x1222.jpg 1536w, https:\/\/geraldbaios.fr\/wp-content\/uploads\/2015\/02\/Mod\u00e8le-1912-\u00b0\u00b04-2048x1630.jpg 2048w\" sizes=\"auto, (max-width: 302px) 100vw, 302px\" \/><strong>Un n\u00b0 de matricule est\u00a0syst\u00e9matiquement appos\u00e9 sur le talon\u00a0<\/strong><\/p>\n<p><strong>La poign\u00e9e<\/strong>\u00a0est munie d&rsquo;un pommeau oblique qui comporte une rainure en <a class=\"row-title\" href=\"https:\/\/geraldbaios.fr\/?p=14691\" aria-label=\"\u00ab\u00a0forme de tr\u00e8fle\u00a0\u00bb (Modifier)\">forme de tr\u00e8fle<\/a>, mais sa conception ne lui permet pas de s&rsquo;adapter aux\u00a0armes de type Mauser 98. Les plaquettes sont maintenues entre elles par vis \u00e0 grosse t\u00eate ronde dent\u00e9e et \u00e9crou fendu.<\/p>\n<p><img loading=\"lazy\" decoding=\"async\" class=\"aligncenter wp-image-37375\" src=\"https:\/\/geraldbaios.fr\/wp-content\/uploads\/2015\/02\/Mod\u00e8le-1912-\u00b0\u00b05-1024x245.jpg\" alt=\"\" width=\"603\" height=\"144\" srcset=\"https:\/\/geraldbaios.fr\/wp-content\/uploads\/2015\/02\/Mod\u00e8le-1912-\u00b0\u00b05-1024x245.jpg 1024w, https:\/\/geraldbaios.fr\/wp-content\/uploads\/2015\/02\/Mod\u00e8le-1912-\u00b0\u00b05-300x72.jpg 300w, https:\/\/geraldbaios.fr\/wp-content\/uploads\/2015\/02\/Mod\u00e8le-1912-\u00b0\u00b05-768x184.jpg 768w, https:\/\/geraldbaios.fr\/wp-content\/uploads\/2015\/02\/Mod\u00e8le-1912-\u00b0\u00b05-1536x368.jpg 1536w, https:\/\/geraldbaios.fr\/wp-content\/uploads\/2015\/02\/Mod\u00e8le-1912-\u00b0\u00b05-2048x490.jpg 2048w\" sizes=\"auto, (max-width: 603px) 100vw, 603px\" \/> <img loading=\"lazy\" decoding=\"async\" class=\"aligncenter wp-image-37376\" src=\"https:\/\/geraldbaios.fr\/wp-content\/uploads\/2015\/02\/Mod\u00e8le-1912-\u00b0\u00b03-1024x619.jpg\" alt=\"\" width=\"301\" height=\"182\" srcset=\"https:\/\/geraldbaios.fr\/wp-content\/uploads\/2015\/02\/Mod\u00e8le-1912-\u00b0\u00b03-1024x619.jpg 1024w, https:\/\/geraldbaios.fr\/wp-content\/uploads\/2015\/02\/Mod\u00e8le-1912-\u00b0\u00b03-300x181.jpg 300w, https:\/\/geraldbaios.fr\/wp-content\/uploads\/2015\/02\/Mod\u00e8le-1912-\u00b0\u00b03-768x465.jpg 768w, https:\/\/geraldbaios.fr\/wp-content\/uploads\/2015\/02\/Mod\u00e8le-1912-\u00b0\u00b03-1536x929.jpg 1536w, https:\/\/geraldbaios.fr\/wp-content\/uploads\/2015\/02\/Mod\u00e8le-1912-\u00b0\u00b03-2048x1239.jpg 2048w\" sizes=\"auto, (max-width: 301px) 100vw, 301px\" \/><\/p>\n<p><strong>La lame<\/strong> <span class=\"notranslate\">avec <a href=\"https:\/\/geraldbaios.fr\/?p=14681\">goutti\u00e8re<\/a>\u00a0bien proportionn\u00e9e, est de finition polie brillant<\/span>, elle porte la marque de la manufacture autrichienne de Steyr (<a href=\"https:\/\/translate.google.fr\/translate?hl=fr&amp;sl=en&amp;u=https:\/\/en.wikipedia.org\/wiki\/Steyr_Mannlicher&amp;prev=search\">OEWG<\/a>).<\/p>\n<p><img loading=\"lazy\" decoding=\"async\" class=\"aligncenter wp-image-37377\" src=\"https:\/\/geraldbaios.fr\/wp-content\/uploads\/2015\/02\/Mod\u00e8le-1912-\u00b0\u00b06-1024x322.jpg\" alt=\"\" width=\"600\" height=\"189\" srcset=\"https:\/\/geraldbaios.fr\/wp-content\/uploads\/2015\/02\/Mod\u00e8le-1912-\u00b0\u00b06-1024x322.jpg 1024w, https:\/\/geraldbaios.fr\/wp-content\/uploads\/2015\/02\/Mod\u00e8le-1912-\u00b0\u00b06-300x94.jpg 300w, https:\/\/geraldbaios.fr\/wp-content\/uploads\/2015\/02\/Mod\u00e8le-1912-\u00b0\u00b06-768x241.jpg 768w, https:\/\/geraldbaios.fr\/wp-content\/uploads\/2015\/02\/Mod\u00e8le-1912-\u00b0\u00b06-1536x483.jpg 1536w, https:\/\/geraldbaios.fr\/wp-content\/uploads\/2015\/02\/Mod\u00e8le-1912-\u00b0\u00b06-2048x643.jpg 2048w\" sizes=\"auto, (max-width: 600px) 100vw, 600px\" \/><\/p>\n<p><strong>Le fourreau<\/strong>\u00a0est muni d&rsquo;une cuvette avec ressort interne maintenue par une vis centrale, le bouton de suspension peut \u00eatre de forme arrondie typique des mod\u00e8les destin\u00e9s \u00e0 l&rsquo;Am\u00e9rique du Sud, d&rsquo;origine allemande de type 1884-98, ou divers.<\/p>\n<p><strong>Les porte-fourreaux<\/strong>\u00a0utilis\u00e9s pour ce mod\u00e8le sont, voir (<a class=\"row-title\" href=\"https:\/\/geraldbaios.fr\/?p=21623\" aria-label=\"\u00ab\u00a0Porte-fourreaux\u00a0\u00bb (Modifier)\">Porte-fourreaux<\/a>) Autriche\u00a0<strong>N\u00b0 : AUT 18 A <\/strong>ou<strong>\u00a019 A<\/strong>.<\/p>\n<p><strong>P\u00e9riode d&rsquo;utilisation :<br \/>\n<\/strong>Cette ba\u00efonnette a \u00e9t\u00e9 utilis\u00e9e en quantit\u00e9 limit\u00e9e durant la Premi\u00e8re Guerre mondiale.<\/p>\n<p style=\"text-align: center;\"><img loading=\"lazy\" decoding=\"async\" class=\"aligncenter wp-image-37387\" src=\"https:\/\/geraldbaios.fr\/wp-content\/uploads\/2015\/02\/me4h.gif\" alt=\"\" width=\"501\" height=\"334\" \/><img loading=\"lazy\" decoding=\"async\" class=\"aligncenter wp-image-37373\" src=\"https:\/\/geraldbaios.fr\/wp-content\/uploads\/2015\/02\/me4e.gif\" alt=\"\" width=\"401\" height=\"225\" \/><img loading=\"lazy\" decoding=\"async\" class=\"CtreTexte aligncenter\" src=\"http:\/\/img.over-blog.com\/300x86\/3\/23\/20\/14\/aaa\/mexique-autriche-1912.jpg\" alt=\"mexique-autriche-1912.jpg\" width=\"401\" height=\"115\" \/><strong>Ba\u00efonnette destin\u00e9e \u00e0 la R\u00e9publique mexicaine<\/strong><\/p>\n<p style=\"text-align: left;\">Pour information les rares ba\u00efonnettes livr\u00e9es au Mexique portent sur le talon du pommeau, sur la lame ou sur la croisi\u00e8re les lettres <strong>RM<\/strong>, et quelque fois l&rsquo;inscription \u00ab\u00a0<strong>Republica Mexicana<\/strong>\u00a0\u00bb sur la croisi\u00e8re. Leurs aspects sont identiques aux <a href=\"https:\/\/geraldbaios.fr\/?p=23865\">mod\u00e8les 1912<\/a> pour le Chili, les plaquettes sont fix\u00e9es entre elles par rivets sur rondelles.<\/p>\n<p>Pour les mod\u00e8les destin\u00e9s initialement au Mexique, la cuvette du fourreau est maintenue au corps par deux rivets, le bouton de suspension est de forme arrondie typique des mod\u00e8les destin\u00e9s \u00e0 l&rsquo;Am\u00e9rique du Sud.<\/p>\n<p><strong><span style=\"color: #000000;\">Avis personnel sur\u00a0<span style=\"caret-color: #000000;\">l&rsquo;attrait de ce mod\u00e8le<\/span>\u00a0:<\/span><\/strong><span style=\"color: #000000;\"><br \/>\n<\/span>Pour les fervents passionn\u00e9s d&rsquo;histoire de la Premi\u00e8re Guerre mondiale, ce mod\u00e8le m\u00e9connu est indispensable dans une collection.<\/p>\n<p>Le 18\/12\/20.<\/p>\n","protected":false},"excerpt":{"rendered":"<p>Longueur :\u00a0384 mm \u00f8\u00a0interne\u00a0de la douille\u00a0:\u00a015,5 mm Poids : entre 350 et 375 g Armement :\u00a0fusil Mauser M-1914 Valeur :\u00a0\u20ac\u20ac\u20ac Raret\u00e9 :\u00a0 Le Mexique avait sign\u00e9 un contrat avec la\u00a0Waffenfabriks Society\u00a0de Steyr pour une commande de fusils\u00a0Mauser mod\u00e8le 1912. L&rsquo;usine travaillait encore \u00e0 la fin du mois de juillet 1914, pour remplir ce contrat. Une [&hellip;]<\/p>\n","protected":false},"author":1,"featured_media":0,"comment_status":"open","ping_status":"open","sticky":false,"template":"","format":"standard","meta":{"footnotes":""},"categories":[151],"tags":[],"class_list":["post-426","post","type-post","status-publish","format-standard","hentry","category-liens-n-du-nouvel-abc"],"_links":{"self":[{"href":"https:\/\/geraldbaios.fr\/index.php?rest_route=\/wp\/v2\/posts\/426","targetHints":{"allow":["GET"]}}],"collection":[{"href":"https:\/\/geraldbaios.fr\/index.php?rest_route=\/wp\/v2\/posts"}],"about":[{"href":"https:\/\/geraldbaios.fr\/index.php?rest_route=\/wp\/v2\/types\/post"}],"author":[{"embeddable":true,"href":"https:\/\/geraldbaios.fr\/index.php?rest_route=\/wp\/v2\/users\/1"}],"replies":[{"embeddable":true,"href":"https:\/\/geraldbaios.fr\/index.php?rest_route=%2Fwp%2Fv2%2Fcomments&post=426"}],"version-history":[{"count":74,"href":"https:\/\/geraldbaios.fr\/index.php?rest_route=\/wp\/v2\/posts\/426\/revisions"}],"predecessor-version":[{"id":46170,"href":"https:\/\/geraldbaios.fr\/index.php?rest_route=\/wp\/v2\/posts\/426\/revisions\/46170"}],"wp:attachment":[{"href":"https:\/\/geraldbaios.fr\/index.php?rest_route=%2Fwp%2Fv2%2Fmedia&parent=426"}],"wp:term":[{"taxonomy":"category","embeddable":true,"href":"https:\/\/geraldbaios.fr\/index.php?rest_route=%2Fwp%2Fv2%2Fcategories&post=426"},{"taxonomy":"post_tag","embeddable":true,"href":"https:\/\/geraldbaios.fr\/index.php?rest_route=%2Fwp%2Fv2%2Ftags&post=426"}],"curies":[{"name":"wp","href":"https:\/\/api.w.org\/{rel}","templated":true}]}}