{"id":42946,"date":"2021-09-23T20:32:33","date_gmt":"2021-09-23T18:32:33","guid":{"rendered":"http:\/\/geraldbaios.fr\/?p=42946"},"modified":"2024-07-28T00:56:02","modified_gmt":"2024-07-27T22:56:02","slug":"42946","status":"publish","type":"post","link":"https:\/\/geraldbaios.fr\/?p=42946","title":{"rendered":"Ba\u00efonnette mod\u00e8le 1860 \u00e0 virole \u00ab\u00a0N 1560\u00a0\u00bb"},"content":{"rendered":"<p><img loading=\"lazy\" decoding=\"async\" class=\"aligncenter size-large wp-image-42936\" src=\"https:\/\/geraldbaios.fr\/wp-content\/uploads\/2015\/01\/douille-\u00b0\u00b01-1024x213.jpg\" alt=\"\" width=\"800\" height=\"166\" srcset=\"https:\/\/geraldbaios.fr\/wp-content\/uploads\/2015\/01\/douille-\u00b0\u00b01-1024x213.jpg 1024w, https:\/\/geraldbaios.fr\/wp-content\/uploads\/2015\/01\/douille-\u00b0\u00b01-300x62.jpg 300w, https:\/\/geraldbaios.fr\/wp-content\/uploads\/2015\/01\/douille-\u00b0\u00b01-768x160.jpg 768w, https:\/\/geraldbaios.fr\/wp-content\/uploads\/2015\/01\/douille-\u00b0\u00b01-1536x319.jpg 1536w, https:\/\/geraldbaios.fr\/wp-content\/uploads\/2015\/01\/douille-\u00b0\u00b01-2048x426.jpg 2048w\" sizes=\"auto, (max-width: 800px) 100vw, 800px\" \/><\/p>\n<p><strong>Longueur : <\/strong>655\u00a0mm<br \/>\n<strong>\u00f8<\/strong>\u00a0<strong>interne de la douille\u00a0: <\/strong>19\u00a0mm<br \/>\n<strong>Longueur de la douille : <\/strong>65\u00a0mm<br \/>\n<strong>Poids : <\/strong>460 g<\/p>\n<p><strong>Armement : <\/strong>fusil\u00a0<span class=\"\">\u00e0 percussion M-1860,\u00a0<\/span><span class=\"\">\u00e0 chambre M-1860-64, \u00e0 <\/span><span class=\"\">culasse M-1860-64-68 et M-<\/span><span class=\"\">1860-67<br \/>\n<\/span><strong>Fixation : <\/strong>lame sur le\u00a0c\u00f4t\u00e9 droit du canon<\/p>\n<p><strong>Valeur :\u00a0<\/strong> \u20ac\u20ac\u20ac \u20ac\u20ac\u00a0avec fourreau<strong><br \/>\nRaret\u00e9 :<\/strong>\u00a0<strong><a href=\"https:\/\/geraldbaios.fr\/wp-content\/uploads\/2015\/02\/che1valier.gif\"><img loading=\"lazy\" decoding=\"async\" class=\" size-full wp-image-294 alignnone\" src=\"https:\/\/geraldbaios.fr\/wp-content\/uploads\/2015\/02\/che1valier.gif\" alt=\"che1valier\" width=\"40\" height=\"30\" \/><\/a><\/strong><strong><a href=\"https:\/\/geraldbaios.fr\/wp-content\/uploads\/2015\/02\/che1valier.gif\"><img loading=\"lazy\" decoding=\"async\" class=\" size-full wp-image-294 alignnone\" src=\"https:\/\/geraldbaios.fr\/wp-content\/uploads\/2015\/02\/che1valier.gif\" alt=\"che1valier\" width=\"40\" height=\"30\" \/><\/a><\/strong><strong><a href=\"https:\/\/geraldbaios.fr\/wp-content\/uploads\/2015\/02\/che1valier.gif\"><img loading=\"lazy\" decoding=\"async\" class=\" size-full wp-image-294 alignnone\" src=\"https:\/\/geraldbaios.fr\/wp-content\/uploads\/2015\/02\/che1valier.gif\" alt=\"che1valier\" width=\"40\" height=\"30\" \/><\/a><\/strong><strong><a href=\"https:\/\/geraldbaios.fr\/wp-content\/uploads\/2015\/02\/che1valier.gif\"><img loading=\"lazy\" decoding=\"async\" class=\" size-full wp-image-294 alignnone\" src=\"https:\/\/geraldbaios.fr\/wp-content\/uploads\/2015\/02\/che1valier.gif\" alt=\"che1valier\" width=\"40\" height=\"30\" \/><\/a><a href=\"https:\/\/geraldbaios.fr\/wp-content\/uploads\/2015\/02\/che1valier.gif\"><img loading=\"lazy\" decoding=\"async\" class=\" size-full wp-image-294 alignnone\" src=\"https:\/\/geraldbaios.fr\/wp-content\/uploads\/2015\/02\/che1valier.gif\" alt=\"che1valier\" width=\"40\" height=\"30\" \/><\/a><a href=\"https:\/\/geraldbaios.fr\/wp-content\/uploads\/2015\/02\/che1valier.gif\"><img loading=\"lazy\" decoding=\"async\" class=\" size-full wp-image-294 alignnone\" src=\"https:\/\/geraldbaios.fr\/wp-content\/uploads\/2015\/02\/che1valier.gif\" alt=\"che1valier\" width=\"40\" height=\"30\" \/><\/a><br \/>\n<\/strong><\/p>\n<p>Cette ba\u00efonnette a \u00e9t\u00e9 fabriqu\u00e9e \u00e0 partir de 1860 par deux fabricants (<strong>Husqvarna<\/strong> et\u00a0<strong>Carl Gustaf Stad<\/strong>). Ce mod\u00e8le a pour particularit\u00e9 d&rsquo;\u00eatre le plus long des mod\u00e8les \u00e0 virole.<\/p>\n<p style=\"text-align: center;\"><img loading=\"lazy\" decoding=\"async\" class=\"aligncenter wp-image-42957\" src=\"https:\/\/geraldbaios.fr\/wp-content\/uploads\/2021\/10\/Modele-1860-\u00b01\u00b01-838x1024.jpg\" alt=\"\" width=\"300\" height=\"367\" srcset=\"https:\/\/geraldbaios.fr\/wp-content\/uploads\/2021\/10\/Modele-1860-\u00b01\u00b01-838x1024.jpg 838w, https:\/\/geraldbaios.fr\/wp-content\/uploads\/2021\/10\/Modele-1860-\u00b01\u00b01-246x300.jpg 246w, https:\/\/geraldbaios.fr\/wp-content\/uploads\/2021\/10\/Modele-1860-\u00b01\u00b01-768x938.jpg 768w, https:\/\/geraldbaios.fr\/wp-content\/uploads\/2021\/10\/Modele-1860-\u00b01\u00b01-1257x1536.jpg 1257w, https:\/\/geraldbaios.fr\/wp-content\/uploads\/2021\/10\/Modele-1860-\u00b01\u00b01-1677x2048.jpg 1677w, https:\/\/geraldbaios.fr\/wp-content\/uploads\/2021\/10\/Modele-1860-\u00b01\u00b01.jpg 1779w\" sizes=\"auto, (max-width: 300px) 100vw, 300px\" \/><strong>Les lettres (LRN CF) correspondent aux initiales d&rsquo;un des inspecteurs de contr\u00f4le et n\u00b0 d&rsquo;arme<\/strong><img loading=\"lazy\" decoding=\"async\" class=\"aligncenter wp-image-42958\" src=\"https:\/\/geraldbaios.fr\/wp-content\/uploads\/2021\/10\/Modele-1860-\u00b01\u00b02-719x1024.jpg\" alt=\"\" width=\"300\" height=\"427\" srcset=\"https:\/\/geraldbaios.fr\/wp-content\/uploads\/2021\/10\/Modele-1860-\u00b01\u00b02-719x1024.jpg 719w, https:\/\/geraldbaios.fr\/wp-content\/uploads\/2021\/10\/Modele-1860-\u00b01\u00b02-211x300.jpg 211w, https:\/\/geraldbaios.fr\/wp-content\/uploads\/2021\/10\/Modele-1860-\u00b01\u00b02-768x1093.jpg 768w, https:\/\/geraldbaios.fr\/wp-content\/uploads\/2021\/10\/Modele-1860-\u00b01\u00b02.jpg 1049w\" sizes=\"auto, (max-width: 300px) 100vw, 300px\" \/><img loading=\"lazy\" decoding=\"async\" class=\"aligncenter wp-image-47392\" src=\"https:\/\/geraldbaios.fr\/wp-content\/uploads\/2021\/09\/douille-01-1024x823.jpg\" alt=\"\" width=\"300\" height=\"241\" srcset=\"https:\/\/geraldbaios.fr\/wp-content\/uploads\/2021\/09\/douille-01-1024x823.jpg 1024w, https:\/\/geraldbaios.fr\/wp-content\/uploads\/2021\/09\/douille-01-300x241.jpg 300w, https:\/\/geraldbaios.fr\/wp-content\/uploads\/2021\/09\/douille-01-768x617.jpg 768w, https:\/\/geraldbaios.fr\/wp-content\/uploads\/2021\/09\/douille-01-1536x1234.jpg 1536w, https:\/\/geraldbaios.fr\/wp-content\/uploads\/2021\/09\/douille-01-2048x1645.jpg 2048w\" sizes=\"auto, (max-width: 300px) 100vw, 300px\" \/><strong>En haut fabricant<\/strong><span class=\"\">(<strong>Carl Gustafs), en bas (Husqvarna)<\/strong><\/span><\/p>\n<p style=\"text-align: left;\"><strong>La douille <\/strong>\u00e0 triple fente et virole m\u00e9diane est reli\u00e9e \u00e0 la lame par un court coude de section ovale. Lors de la fabrication de la ba\u00efonnette, la douille et la lame sont fabriqu\u00e9es ind\u00e9pendamment et ensuite soud\u00e9es ensemble.<\/p>\n<p>Voir <a href=\"https:\/\/geraldbaios.fr\/?p=48062\">fixation<\/a>\u00a0de la ba\u00efonnette au canon.<\/p>\n<p style=\"text-align: center;\"><img loading=\"lazy\" decoding=\"async\" class=\"aligncenter wp-image-42962\" src=\"https:\/\/geraldbaios.fr\/wp-content\/uploads\/2021\/10\/Modele-1860-\u00b01\u00b06-1024x102.jpg\" alt=\"\" width=\"605\" height=\"60\" srcset=\"https:\/\/geraldbaios.fr\/wp-content\/uploads\/2021\/10\/Modele-1860-\u00b01\u00b06-1024x102.jpg 1024w, https:\/\/geraldbaios.fr\/wp-content\/uploads\/2021\/10\/Modele-1860-\u00b01\u00b06-300x30.jpg 300w, https:\/\/geraldbaios.fr\/wp-content\/uploads\/2021\/10\/Modele-1860-\u00b01\u00b06-768x76.jpg 768w, https:\/\/geraldbaios.fr\/wp-content\/uploads\/2021\/10\/Modele-1860-\u00b01\u00b06-1536x153.jpg 1536w, https:\/\/geraldbaios.fr\/wp-content\/uploads\/2021\/10\/Modele-1860-\u00b01\u00b06-2048x204.jpg 2048w\" sizes=\"auto, (max-width: 605px) 100vw, 605px\" \/> <img loading=\"lazy\" decoding=\"async\" class=\"aligncenter wp-image-42964\" src=\"https:\/\/geraldbaios.fr\/wp-content\/uploads\/2021\/10\/Modele-1860-\u00b01\u00b08-1024x159.jpg\" alt=\"\" width=\"607\" height=\"94\" srcset=\"https:\/\/geraldbaios.fr\/wp-content\/uploads\/2021\/10\/Modele-1860-\u00b01\u00b08-1024x159.jpg 1024w, https:\/\/geraldbaios.fr\/wp-content\/uploads\/2021\/10\/Modele-1860-\u00b01\u00b08-300x47.jpg 300w, https:\/\/geraldbaios.fr\/wp-content\/uploads\/2021\/10\/Modele-1860-\u00b01\u00b08-768x119.jpg 768w, https:\/\/geraldbaios.fr\/wp-content\/uploads\/2021\/10\/Modele-1860-\u00b01\u00b08-1536x238.jpg 1536w, https:\/\/geraldbaios.fr\/wp-content\/uploads\/2021\/10\/Modele-1860-\u00b01\u00b08-2048x318.jpg 2048w\" sizes=\"auto, (max-width: 607px) 100vw, 607px\" \/><\/p>\n<p><strong>La lame<\/strong> tr\u00e8s longue, \u00e0 oreilles abattues, de section triangulaire \u00e0 pans ext\u00e9rieurs \u00e9vid\u00e9s sur toute leur longueur. La face interne est l\u00e9g\u00e8rement concave sur 547 mm \u00e0 partir de la pointe. Cette concavit\u00e9 se termine en une ligne l\u00e9g\u00e8rement arrondie d\u00e9gageant un assez long ricasso.<\/p>\n<p style=\"text-align: center;\"><img loading=\"lazy\" decoding=\"async\" class=\"aligncenter wp-image-47388\" src=\"https:\/\/geraldbaios.fr\/wp-content\/uploads\/2021\/09\/douille-02-1024x777.jpg\" alt=\"\" width=\"401\" height=\"304\" srcset=\"https:\/\/geraldbaios.fr\/wp-content\/uploads\/2021\/09\/douille-02-1024x777.jpg 1024w, https:\/\/geraldbaios.fr\/wp-content\/uploads\/2021\/09\/douille-02-300x228.jpg 300w, https:\/\/geraldbaios.fr\/wp-content\/uploads\/2021\/09\/douille-02-768x583.jpg 768w, https:\/\/geraldbaios.fr\/wp-content\/uploads\/2021\/09\/douille-02-1536x1166.jpg 1536w, https:\/\/geraldbaios.fr\/wp-content\/uploads\/2021\/09\/douille-02-2048x1554.jpg 2048w\" sizes=\"auto, (max-width: 401px) 100vw, 401px\" \/><strong>A gauche, marquage (AC) <\/strong><span class=\"\"><strong><em>Adam Carlsson<\/em>, \u00e0 droite<\/strong> <strong>(C\u00a0sous couronne)\u00a0<i>Carl Gustafs Stads Gev\u00e4rsfaktori, <\/i>n\u00b0 de s\u00e9rie et ann\u00e9e\u00a0<\/strong><\/span><\/p>\n<p><span class=\"\"><strong>Adam Carlsson<\/strong> \u00e9tait fabricant-ma\u00eetre de ba\u00efonnette chez Husqvarna dans les ann\u00e9es 1860. <\/span><\/p>\n<p><i><\/i><strong>Carl Gustafs Stads Gev\u00e4rsfaktori<\/strong> (Fabrique de carabine de Eskilstuna) fut fond\u00e9e en 1812 comme fabrique Nationale de la ville de Eskilstuna, avec Husqvarna, elle a fourni des armes \u00e0 l&rsquo;arm\u00e9e su\u00e9doise pendant pr\u00e8s de deux si\u00e8cles.<\/p>\n<p><strong>P\u00e9riode d&rsquo;utilisation :<br \/>\n<\/strong>Tr\u00e8s courte, jamais utilis\u00e9e lors d&rsquo;un conflit.<\/p>\n<p><strong><span style=\"color: #000000;\">Avis personnel sur\u00a0<span style=\"caret-color: #000000;\">l&rsquo;attrait de ce mod\u00e8le<\/span>\u00a0:<br \/>\n<\/span><\/strong>Ce mod\u00e8le assez facilement identifiable (longueur), peu courant, est indispensable dans une collection.<\/p>\n<p>Le 05\/10\/21.<\/p>\n","protected":false},"excerpt":{"rendered":"<p>Longueur : 655\u00a0mm \u00f8\u00a0interne de la douille\u00a0: 19\u00a0mm Longueur de la douille : 65\u00a0mm Poids : 460 g Armement : fusil\u00a0\u00e0 percussion M-1860,\u00a0\u00e0 chambre M-1860-64, \u00e0 culasse M-1860-64-68 et M-1860-67 Fixation : lame sur le\u00a0c\u00f4t\u00e9 droit du canon Valeur :\u00a0 \u20ac\u20ac\u20ac \u20ac\u20ac\u00a0avec fourreau Raret\u00e9 :\u00a0 Cette ba\u00efonnette a \u00e9t\u00e9 fabriqu\u00e9e \u00e0 partir de 1860 par [&hellip;]<\/p>\n","protected":false},"author":1,"featured_media":0,"comment_status":"open","ping_status":"closed","sticky":false,"template":"","format":"standard","meta":{"footnotes":""},"categories":[151],"tags":[],"class_list":["post-42946","post","type-post","status-publish","format-standard","hentry","category-liens-n-du-nouvel-abc"],"_links":{"self":[{"href":"https:\/\/geraldbaios.fr\/index.php?rest_route=\/wp\/v2\/posts\/42946","targetHints":{"allow":["GET"]}}],"collection":[{"href":"https:\/\/geraldbaios.fr\/index.php?rest_route=\/wp\/v2\/posts"}],"about":[{"href":"https:\/\/geraldbaios.fr\/index.php?rest_route=\/wp\/v2\/types\/post"}],"author":[{"embeddable":true,"href":"https:\/\/geraldbaios.fr\/index.php?rest_route=\/wp\/v2\/users\/1"}],"replies":[{"embeddable":true,"href":"https:\/\/geraldbaios.fr\/index.php?rest_route=%2Fwp%2Fv2%2Fcomments&post=42946"}],"version-history":[{"count":42,"href":"https:\/\/geraldbaios.fr\/index.php?rest_route=\/wp\/v2\/posts\/42946\/revisions"}],"predecessor-version":[{"id":48073,"href":"https:\/\/geraldbaios.fr\/index.php?rest_route=\/wp\/v2\/posts\/42946\/revisions\/48073"}],"wp:attachment":[{"href":"https:\/\/geraldbaios.fr\/index.php?rest_route=%2Fwp%2Fv2%2Fmedia&parent=42946"}],"wp:term":[{"taxonomy":"category","embeddable":true,"href":"https:\/\/geraldbaios.fr\/index.php?rest_route=%2Fwp%2Fv2%2Fcategories&post=42946"},{"taxonomy":"post_tag","embeddable":true,"href":"https:\/\/geraldbaios.fr\/index.php?rest_route=%2Fwp%2Fv2%2Ftags&post=42946"}],"curies":[{"name":"wp","href":"https:\/\/api.w.org\/{rel}","templated":true}]}}