{"id":4696,"date":"2021-12-11T03:34:11","date_gmt":"2021-12-11T01:34:11","guid":{"rendered":"http:\/\/geraldbaios.fr\/?p=4696"},"modified":"2024-11-02T01:21:36","modified_gmt":"2024-11-01T23:21:36","slug":"baionnette-modele-vz-24","status":"publish","type":"post","link":"https:\/\/geraldbaios.fr\/?p=4696","title":{"rendered":"Ba\u00efonnette VZ 24 \u00ab\u00a0N 599\u00a0\u00bb"},"content":{"rendered":"<p><img loading=\"lazy\" decoding=\"async\" class=\"aligncenter wp-image-48513\" src=\"https:\/\/geraldbaios.fr\/wp-content\/uploads\/2021\/12\/vz24-010101-1-1024x288.jpg\" alt=\"\" width=\"750\" height=\"211\" srcset=\"https:\/\/geraldbaios.fr\/wp-content\/uploads\/2021\/12\/vz24-010101-1-1024x288.jpg 1024w, https:\/\/geraldbaios.fr\/wp-content\/uploads\/2021\/12\/vz24-010101-1-300x84.jpg 300w, https:\/\/geraldbaios.fr\/wp-content\/uploads\/2021\/12\/vz24-010101-1-768x216.jpg 768w, https:\/\/geraldbaios.fr\/wp-content\/uploads\/2021\/12\/vz24-010101-1-1536x432.jpg 1536w, https:\/\/geraldbaios.fr\/wp-content\/uploads\/2021\/12\/vz24-010101-1-2048x576.jpg 2048w\" sizes=\"auto, (max-width: 750px) 100vw, 750px\" \/><\/p>\n<p style=\"text-align: left;\"><strong>Longueur :<\/strong>\u00a0433 mm<br \/>\n<strong>\u00f8 interne de la douille :<\/strong>\u00a015,5 mm<\/p>\n<p><img loading=\"lazy\" decoding=\"async\" class=\"aligncenter wp-image-48412\" src=\"https:\/\/geraldbaios.fr\/wp-content\/uploads\/2021\/12\/463298409_1058471116289492_2194243432628822235_n.jpg\" alt=\"\" width=\"401\" height=\"551\" srcset=\"https:\/\/geraldbaios.fr\/wp-content\/uploads\/2021\/12\/463298409_1058471116289492_2194243432628822235_n.jpg 564w, https:\/\/geraldbaios.fr\/wp-content\/uploads\/2021\/12\/463298409_1058471116289492_2194243432628822235_n-218x300.jpg 218w\" sizes=\"auto, (max-width: 401px) 100vw, 401px\" \/><\/p>\n<p><strong>Armement :<\/strong>\u00a0fusil Mauser VZ 24<\/p>\n<p style=\"text-align: left;\"><strong>Valeur :<\/strong>\u00a0\u20ac\u20ac\u20ac<strong><br \/>\n<\/strong><strong>Raret\u00e9 :<\/strong>\u00a0<strong><a href=\"https:\/\/geraldbaios.fr\/wp-content\/uploads\/2015\/02\/che1valier.gif\"><img loading=\"lazy\" decoding=\"async\" class=\" size-full wp-image-294 alignnone\" src=\"https:\/\/geraldbaios.fr\/wp-content\/uploads\/2015\/02\/che1valier.gif\" alt=\"che1valier\" width=\"40\" height=\"30\" \/><\/a><\/strong><strong><a href=\"https:\/\/geraldbaios.fr\/wp-content\/uploads\/2015\/02\/che1valier.gif\"><img loading=\"lazy\" decoding=\"async\" class=\" size-full wp-image-294 alignnone\" src=\"https:\/\/geraldbaios.fr\/wp-content\/uploads\/2015\/02\/che1valier.gif\" alt=\"che1valier\" width=\"40\" height=\"30\" \/><\/a><\/strong><strong><a href=\"https:\/\/geraldbaios.fr\/wp-content\/uploads\/2015\/02\/che1valier.gif\"><img loading=\"lazy\" decoding=\"async\" class=\" size-full wp-image-294 alignnone\" src=\"https:\/\/geraldbaios.fr\/wp-content\/uploads\/2015\/02\/che1valier.gif\" alt=\"che1valier\" width=\"40\" height=\"30\" \/><\/a><\/strong><strong><a href=\"https:\/\/geraldbaios.fr\/wp-content\/uploads\/2015\/02\/che1valier.gif\"><img loading=\"lazy\" decoding=\"async\" class=\" size-full wp-image-294 alignnone\" src=\"https:\/\/geraldbaios.fr\/wp-content\/uploads\/2015\/02\/che1valier.gif\" alt=\"che1valier\" width=\"40\" height=\"30\" \/><\/a><br \/>\n<\/strong><\/p>\n<p style=\"text-align: left;\">Les premi\u00e8res commandes de fusil VZ-24 ont \u00e9t\u00e9 pass\u00e9es en 1938 apr\u00e8s l\u2019invasion allemande des Sud\u00e8tes (tch\u00e8que : sudeton\u011bmeck\u00e9 povst\u00e1n\u00ed). En 1943, la Roumanie avait re\u00e7u environ 445 640 VZ-24, bien que ces chiffres soient contest\u00e9s. La production du VZ-24 a cess\u00e9 en 1942 car les Allemands ont donn\u00e9 la priorit\u00e9 \u00e0 la production du K98 dans les usines tch\u00e8ques. Des sources affirment que la Roumanie a re\u00e7u entre 450 000 et 750 000 VZ-24 \u00e0 la fin de sa production.<\/p>\n<p><span class=\"notranslate\">Les fusil VZ-24 pour la Roumanie ont un pr\u00e9fixe de deux lettres au d\u00e9but du num\u00e9ro de s\u00e9rie, la premi\u00e8re lettre \u00e9tant variable et le deuxi\u00e8me \u00ab\u00a0R\u00a0\u00bb pour d\u00e9signer la Roumanie.<\/span> <span class=\"notranslate\">Chaque lettre initiale d\u00e9signe des blocs de fabrication de 25 000 fusils<\/span>\u00a0<span class=\"notranslate\">Roumains. Les lettres <\/span><span class=\"notranslate\">\u00ab\u00a0AR\u00a0\u00bb \u00e0 \u00ab\u00a0YR\u00a0\u00bb repr\u00e9sentent diff\u00e9rentes p\u00e9riodes de fabrication.<\/span> <span class=\"notranslate\">Au cours du contrat, les Tch\u00e8ques ont fabriqu\u00e9 entre 400 000 et 750 000 fusils VZ-24, a<\/span><span class=\"notranslate\">u milieu de 1943, 445 640 fusils avaient \u00e9t\u00e9 re\u00e7us par l&rsquo;arm\u00e9e roumaine. La Roumanie\u00a0<b><\/b>a particip\u00e9 \u00e0 la Seconde Guerre mondiale \u00e0 partir <b><\/b>du 22 juin 1941.<\/span><\/p>\n<p>Pr\u00e9fixes de lettres utilis\u00e9s\u00a0: A B C D E F G H L O P R S T U W X Y<\/p>\n<p>Pr\u00e9fixes de lettres non signal\u00e9s\u00a0: I J K M N Q Z<\/p>\n<p>Presque tous les \u00e9cussons roumains et tch\u00e9coslovaques ont \u00e9t\u00e9 effac\u00e9s apr\u00e8s la Seconde Guerre mondiale par la Roumanie, mais il existe davantage d&rsquo;\u00e9cussons tch\u00e9coslovaques non effac\u00e9s. Les r\u00e9cepteurs \u00e0 \u00e9cusson de l&rsquo;ann\u00e9e NOS n&rsquo;ont pas \u00e9t\u00e9 effac\u00e9s. Certains fusils et ba\u00efonnettes ont \u00e9t\u00e9 remis \u00e0 neuf par la Roumanie.<\/p>\n<p>Les Allemands ont essentiellement r\u00e9cup\u00e9r\u00e9s les fusils VZ-24 tch\u00e9coslovaques usag\u00e9s pour leur propre usage et ont vendu les fusils neufs inutilis\u00e9s \u00e0 la Roumanie.<\/p>\n<p><span class=\"notranslate\">Les ba\u00efonnettes <span style=\"text-align: justify; line-height: 1.5;\"><a href=\"https:\/\/geraldbaios.fr\/?p=47\">VZ 24 <\/a><\/span>utilis\u00e9es par l&rsquo;arm\u00e9e roumaine provenaient g\u00e9n\u00e9ralement des stocks r\u00e9cup\u00e9r\u00e9s de <strong>Brno<\/strong>\u00a0apr\u00e8s l\u2019annexion allemande de la <a title=\"Boh\u00eame\" href=\"https:\/\/fr.wikipedia.org\/wiki\/Boh%C3%AAme\">Boh\u00eame<\/a> et de la <a title=\"Moravie\" href=\"https:\/\/fr.wikipedia.org\/wiki\/Moravie\">Moravie<\/a> en mars 1939. Une autre partie des ba\u00efonnettes provenait de l&rsquo;usine Zbrojovka Brno nouvellement construite en 1937 \u00e0 <strong>Pova\u017esk\u00e1 Bystrica. <\/strong><\/span>La <b>R\u00e9publique slovaque <\/b>o\u00f9 se situe <strong>Pova\u017esk\u00e1 Bystrica<\/strong>\u00a0\u00e9tait un \u00e9tat satellite de l&rsquo;Allemagne nazie cr\u00e9\u00e9 le <time class=\"nowrap\" datetime=\"1939-03-14\">14 mars 1939<\/time> \u00e0 la suite du d\u00e9mant\u00e8lement de la Tch\u00e9coslovaquie. Dans l&rsquo;historiographie, ce r\u00e9gime formellement ind\u00e9pendant est d\u00e9sign\u00e9 sous le nom d&rsquo;<strong>E<\/strong><b>tat slovaque<\/b>.<\/p>\n<p>Toutes les ba\u00efonnettes et fourreaux utilis\u00e9s par la Roumanie portent g\u00e9n\u00e9ralement les lettres CM (<strong>Comisia Militar\u0103<\/strong>), la commission roumaine d&rsquo;acceptation des armes. De fausses rumeurs affirment que ces ba\u00efonnettes avaient \u00e9t\u00e9 r\u00e9ceptionn\u00e9es \u00e0 \u00a0l&rsquo;arsenal Copsa Mica de Cugir.<\/p>\n<p>La ville de <strong>Copsa Mica<\/strong> est connue comme l&rsquo;une des plus pollu\u00e9e d&rsquo;Europe jusque dans les ann\u00e9es 1990, en raison des \u00e9missions de deux usines. L&rsquo;une, ouverte de 1936 \u00e0 1993, produisait du <a title=\"Noir de carbone\" href=\"https:\/\/fr.wikipedia.org\/wiki\/Noir_de_carbone\">noir de carbone<\/a> pour les teintures, donc pas d&rsquo;arsenal militaire. Pendant la p\u00e9riode communiste, la ville de <strong>Cugir<\/strong> abritait des arsenaux qui produisaient des AK-47 de fabrication roumaine<\/p>\n<p>L&rsquo;autre source de pollution, moins visible mais dont les effets sont encore plus graves sur la sant\u00e9 des r\u00e9sidents, \u00e9tait l&rsquo;usine Sometra, un haut fourneau dont les \u00e9missions ont contribu\u00e9 \u00e0 augmenter de fa\u00e7on importante les maladies respiratoires \u00a0et l&rsquo;impuissance sexuelle, abaissant ainsi l&rsquo;esp\u00e9rance de vie de neuf ans en dessous la moyenne nationale.<\/p>\n<p><strong>Les marquages sp\u00e9cifiques \u00e0 la Roumanie<\/strong><\/p>\n<p><img loading=\"lazy\" decoding=\"async\" class=\"aligncenter wp-image-48574\" src=\"https:\/\/geraldbaios.fr\/wp-content\/uploads\/2021\/12\/vz200003-1024x498.jpg\" alt=\"\" width=\"300\" height=\"146\" srcset=\"https:\/\/geraldbaios.fr\/wp-content\/uploads\/2021\/12\/vz200003-1024x498.jpg 1024w, https:\/\/geraldbaios.fr\/wp-content\/uploads\/2021\/12\/vz200003-300x146.jpg 300w, https:\/\/geraldbaios.fr\/wp-content\/uploads\/2021\/12\/vz200003-768x374.jpg 768w, https:\/\/geraldbaios.fr\/wp-content\/uploads\/2021\/12\/vz200003-1536x747.jpg 1536w, https:\/\/geraldbaios.fr\/wp-content\/uploads\/2021\/12\/vz200003-2048x996.jpg 2048w\" sizes=\"auto, (max-width: 300px) 100vw, 300px\" \/> <img loading=\"lazy\" decoding=\"async\" class=\"aligncenter wp-image-48575\" src=\"https:\/\/geraldbaios.fr\/wp-content\/uploads\/2021\/12\/vz200001-735x1024.jpg\" alt=\"\" width=\"300\" height=\"418\" srcset=\"https:\/\/geraldbaios.fr\/wp-content\/uploads\/2021\/12\/vz200001-735x1024.jpg 735w, https:\/\/geraldbaios.fr\/wp-content\/uploads\/2021\/12\/vz200001-215x300.jpg 215w, https:\/\/geraldbaios.fr\/wp-content\/uploads\/2021\/12\/vz200001-768x1070.jpg 768w, https:\/\/geraldbaios.fr\/wp-content\/uploads\/2021\/12\/vz200001-1102x1536.jpg 1102w, https:\/\/geraldbaios.fr\/wp-content\/uploads\/2021\/12\/vz200001.jpg 1129w\" sizes=\"auto, (max-width: 300px) 100vw, 300px\" \/><img loading=\"lazy\" decoding=\"async\" class=\"aligncenter wp-image-48553\" src=\"https:\/\/geraldbaios.fr\/wp-content\/uploads\/2021\/12\/s-l1600-1024x1024.jpg\" alt=\"\" width=\"300\" height=\"300\" srcset=\"https:\/\/geraldbaios.fr\/wp-content\/uploads\/2021\/12\/s-l1600-1024x1024.jpg 1024w, https:\/\/geraldbaios.fr\/wp-content\/uploads\/2021\/12\/s-l1600-300x300.jpg 300w, https:\/\/geraldbaios.fr\/wp-content\/uploads\/2021\/12\/s-l1600-150x150.jpg 150w, https:\/\/geraldbaios.fr\/wp-content\/uploads\/2021\/12\/s-l1600-768x768.jpg 768w, https:\/\/geraldbaios.fr\/wp-content\/uploads\/2021\/12\/s-l1600-1536x1536.jpg 1536w, https:\/\/geraldbaios.fr\/wp-content\/uploads\/2021\/12\/s-l1600.jpg 1600w\" sizes=\"auto, (max-width: 300px) 100vw, 300px\" \/><img loading=\"lazy\" decoding=\"async\" class=\"aligncenter wp-image-27244\" src=\"https:\/\/geraldbaios.fr\/wp-content\/uploads\/2015\/01\/p38806_68699_1474051352.jpg\" alt=\"\" width=\"300\" height=\"274\" srcset=\"https:\/\/geraldbaios.fr\/wp-content\/uploads\/2015\/01\/p38806_68699_1474051352.jpg 400w, https:\/\/geraldbaios.fr\/wp-content\/uploads\/2015\/01\/p38806_68699_1474051352-300x273.jpg 300w\" sizes=\"auto, (max-width: 300px) 100vw, 300px\" \/><\/p>\n<p>Dans certains cas, le matricule de l&rsquo;arme (jusqu&rsquo;\u00e0 25 000) est r\u00e9p\u00e9t\u00e9 sur le pommeau ou sur le talon associ\u00e9 \u00e0<span class=\"notranslate\">\u00a0deux lettres,<\/span><span class=\"notranslate\">\u00a0le <strong>R<\/strong> signifiant Roumanie.<\/span><\/p>\n<p><img loading=\"lazy\" decoding=\"async\" class=\"aligncenter wp-image-48467\" src=\"https:\/\/geraldbaios.fr\/wp-content\/uploads\/2021\/12\/vz24-bayonets-and-scabbards-markings-v0-pdc63qzfn39a1.jpg-1024x480.webp\" alt=\"\" width=\"301\" height=\"141\" srcset=\"https:\/\/geraldbaios.fr\/wp-content\/uploads\/2021\/12\/vz24-bayonets-and-scabbards-markings-v0-pdc63qzfn39a1.jpg-1024x480.webp 1024w, https:\/\/geraldbaios.fr\/wp-content\/uploads\/2021\/12\/vz24-bayonets-and-scabbards-markings-v0-pdc63qzfn39a1.jpg-300x141.webp 300w, https:\/\/geraldbaios.fr\/wp-content\/uploads\/2021\/12\/vz24-bayonets-and-scabbards-markings-v0-pdc63qzfn39a1.jpg-768x360.webp 768w, https:\/\/geraldbaios.fr\/wp-content\/uploads\/2021\/12\/vz24-bayonets-and-scabbards-markings-v0-pdc63qzfn39a1.jpg.webp 1386w\" sizes=\"auto, (max-width: 301px) 100vw, 301px\" \/><\/p>\n<p>Cette ba\u00efonnette a \u00e9t\u00e9 fabriqu\u00e9e \u00e0 <span class=\"notranslate\">l&rsquo;usine Zbrojovka Brno (code E 4) nouvellement construite en 1937 \u00e0 <strong>Pova\u017esk\u00e1 Bystrica.<\/strong><\/span><\/p>\n<p><img loading=\"lazy\" decoding=\"async\" class=\"aligncenter wp-image-42245\" src=\"https:\/\/geraldbaios.fr\/wp-content\/uploads\/2015\/01\/B1264-6.jpg\" alt=\"\" width=\"301\" height=\"201\" srcset=\"https:\/\/geraldbaios.fr\/wp-content\/uploads\/2015\/01\/B1264-6.jpg 400w, https:\/\/geraldbaios.fr\/wp-content\/uploads\/2015\/01\/B1264-6-300x200.jpg 300w\" sizes=\"auto, (max-width: 301px) 100vw, 301px\" \/><\/p>\n<p>Cette ba\u00efonnette a \u00e9t\u00e9 fabriqu\u00e9e apr\u00e8s l&rsquo;ind\u00e9pendance de la Slovaquie \u00e0 <span class=\"notranslate\">l&rsquo;usine Zbrojovka \u00e0 <strong>Pova\u017esk\u00e1 Bystrica.<\/strong><\/span><\/p>\n<p style=\"text-align: center;\"><img loading=\"lazy\" decoding=\"async\" class=\"aligncenter wp-image-48530\" src=\"https:\/\/geraldbaios.fr\/wp-content\/uploads\/2021\/12\/vz24-010102-1-1024x585.jpg\" alt=\"\" width=\"301\" height=\"172\" srcset=\"https:\/\/geraldbaios.fr\/wp-content\/uploads\/2021\/12\/vz24-010102-1-1024x585.jpg 1024w, https:\/\/geraldbaios.fr\/wp-content\/uploads\/2021\/12\/vz24-010102-1-300x171.jpg 300w, https:\/\/geraldbaios.fr\/wp-content\/uploads\/2021\/12\/vz24-010102-1-768x438.jpg 768w, https:\/\/geraldbaios.fr\/wp-content\/uploads\/2021\/12\/vz24-010102-1-1536x877.jpg 1536w, https:\/\/geraldbaios.fr\/wp-content\/uploads\/2021\/12\/vz24-010102-1-2048x1169.jpg 2048w\" sizes=\"auto, (max-width: 301px) 100vw, 301px\" \/><strong>Double cercle Z \u00e0 droite<\/strong><\/p>\n<p>Cette ba\u00efonnette a \u00e9t\u00e9 fabriqu\u00e9e apr\u00e8s l&rsquo;ind\u00e9pendance de la Slovaquie \u00e0 <span class=\"notranslate\">l&rsquo;usine<\/span> de Povazska Bystrica. Certains mod\u00e8les fabriqu\u00e9s en Tch\u00e9coslovaquie d&rsquo;avant mars 1939 destin\u00e9s \u00e0 l&rsquo;exportation portent un <strong>Z<\/strong> dans un cercle \u00e0 la place de la marque <strong>CSZ<\/strong>, \u00e0 gauche.<\/p>\n<p><img loading=\"lazy\" decoding=\"async\" class=\"aligncenter wp-image-23146\" src=\"https:\/\/geraldbaios.fr\/wp-content\/uploads\/2015\/01\/vz-24-009-1024x768.jpg\" alt=\"\" width=\"300\" height=\"225\" srcset=\"https:\/\/geraldbaios.fr\/wp-content\/uploads\/2015\/01\/vz-24-009-1024x768.jpg 1024w, https:\/\/geraldbaios.fr\/wp-content\/uploads\/2015\/01\/vz-24-009-300x225.jpg 300w, https:\/\/geraldbaios.fr\/wp-content\/uploads\/2015\/01\/vz-24-009-768x576.jpg 768w\" sizes=\"auto, (max-width: 300px) 100vw, 300px\" \/><\/p>\n<div class=\"content\">\n<div id=\"post_message_9548417\"><strong>La lame <\/strong>de cet exemplaire avec le marquage\u00a0<span class=\"notranslate\">\u00abdouble t\u00eate de cheval\u00bb, indique clairement que la ba\u00efonnette a \u00e9t\u00e9 produite en Roumanie par la soci\u00e9t\u00e9 REDTENBACHER de la ville de Sibiu (fond\u00e9e en tant que filiale de Simon Redtenbacher seel. Wwe. &amp; S\u00f6hne fond\u00e9e en 1923).<\/span> <span class=\"notranslate\">Cette soci\u00e9t\u00e9 a \u00e9galement produit des poignards d&rsquo;officier roumain M-1930.<\/span><\/div>\n<\/div>\n<p style=\"text-align: center;\"><img loading=\"lazy\" decoding=\"async\" class=\"aligncenter wp-image-48552\" src=\"https:\/\/geraldbaios.fr\/wp-content\/uploads\/2021\/12\/VZ24-Roum-02-1024x183.jpg\" alt=\"\" width=\"599\" height=\"107\" srcset=\"https:\/\/geraldbaios.fr\/wp-content\/uploads\/2021\/12\/VZ24-Roum-02-1024x183.jpg 1024w, https:\/\/geraldbaios.fr\/wp-content\/uploads\/2021\/12\/VZ24-Roum-02-300x54.jpg 300w, https:\/\/geraldbaios.fr\/wp-content\/uploads\/2021\/12\/VZ24-Roum-02-768x138.jpg 768w, https:\/\/geraldbaios.fr\/wp-content\/uploads\/2021\/12\/VZ24-Roum-02-1536x275.jpg 1536w, https:\/\/geraldbaios.fr\/wp-content\/uploads\/2021\/12\/VZ24-Roum-02-2048x367.jpg 2048w\" sizes=\"auto, (max-width: 599px) 100vw, 599px\" \/><img loading=\"lazy\" decoding=\"async\" class=\"aligncenter wp-image-48551\" src=\"https:\/\/geraldbaios.fr\/wp-content\/uploads\/2021\/12\/VZ24-Roum-01-1024x568.jpg\" alt=\"\" width=\"400\" height=\"222\" srcset=\"https:\/\/geraldbaios.fr\/wp-content\/uploads\/2021\/12\/VZ24-Roum-01-1024x568.jpg 1024w, https:\/\/geraldbaios.fr\/wp-content\/uploads\/2021\/12\/VZ24-Roum-01-300x166.jpg 300w, https:\/\/geraldbaios.fr\/wp-content\/uploads\/2021\/12\/VZ24-Roum-01-768x426.jpg 768w, https:\/\/geraldbaios.fr\/wp-content\/uploads\/2021\/12\/VZ24-Roum-01.jpg 1441w\" sizes=\"auto, (max-width: 400px) 100vw, 400px\" \/><strong>Marque CM quelque fois accompagn\u00e9e d&rsquo;un Z dans un cercle<\/strong><img loading=\"lazy\" decoding=\"async\" class=\"aligncenter wp-image-48549\" src=\"https:\/\/geraldbaios.fr\/wp-content\/uploads\/2021\/12\/VZ24-Roum-03-1024x436.jpg\" alt=\"\" width=\"401\" height=\"171\" srcset=\"https:\/\/geraldbaios.fr\/wp-content\/uploads\/2021\/12\/VZ24-Roum-03-1024x436.jpg 1024w, https:\/\/geraldbaios.fr\/wp-content\/uploads\/2021\/12\/VZ24-Roum-03-300x128.jpg 300w, https:\/\/geraldbaios.fr\/wp-content\/uploads\/2021\/12\/VZ24-Roum-03-768x327.jpg 768w, https:\/\/geraldbaios.fr\/wp-content\/uploads\/2021\/12\/VZ24-Roum-03-1536x654.jpg 1536w, https:\/\/geraldbaios.fr\/wp-content\/uploads\/2021\/12\/VZ24-Roum-03.jpg 1812w\" sizes=\"auto, (max-width: 401px) 100vw, 401px\" \/><\/p>\n<p><strong>Le fourreau<\/strong> roumain porte le n\u00b0 de l&rsquo;arme (fusil) sur la tranche du bouton de suspension.<\/p>\n<p><img loading=\"lazy\" decoding=\"async\" class=\"aligncenter wp-image-48528\" src=\"https:\/\/geraldbaios.fr\/wp-content\/uploads\/2021\/12\/gousset-02001-1024x372.jpg\" alt=\"\" width=\"399\" height=\"145\" srcset=\"https:\/\/geraldbaios.fr\/wp-content\/uploads\/2021\/12\/gousset-02001-1024x372.jpg 1024w, https:\/\/geraldbaios.fr\/wp-content\/uploads\/2021\/12\/gousset-02001-300x109.jpg 300w, https:\/\/geraldbaios.fr\/wp-content\/uploads\/2021\/12\/gousset-02001-768x279.jpg 768w, https:\/\/geraldbaios.fr\/wp-content\/uploads\/2021\/12\/gousset-02001-1536x559.jpg 1536w, https:\/\/geraldbaios.fr\/wp-content\/uploads\/2021\/12\/gousset-02001-2048x745.jpg 2048w\" sizes=\"auto, (max-width: 399px) 100vw, 399px\" \/> <img loading=\"lazy\" decoding=\"async\" class=\"aligncenter wp-image-48529\" src=\"https:\/\/geraldbaios.fr\/wp-content\/uploads\/2021\/12\/gousset-02002-1024x366.jpg\" alt=\"\" width=\"400\" height=\"143\" srcset=\"https:\/\/geraldbaios.fr\/wp-content\/uploads\/2021\/12\/gousset-02002-1024x366.jpg 1024w, https:\/\/geraldbaios.fr\/wp-content\/uploads\/2021\/12\/gousset-02002-300x107.jpg 300w, https:\/\/geraldbaios.fr\/wp-content\/uploads\/2021\/12\/gousset-02002-768x275.jpg 768w, https:\/\/geraldbaios.fr\/wp-content\/uploads\/2021\/12\/gousset-02002-1536x549.jpg 1536w, https:\/\/geraldbaios.fr\/wp-content\/uploads\/2021\/12\/gousset-02002-2048x732.jpg 2048w\" sizes=\"auto, (max-width: 400px) 100vw, 400px\" \/><\/p>\n<p><strong>Le porte-fourreau<\/strong> en cuir de fabrication roumaine, renforc\u00e9 par deux rivets plats m\u00e9talliques a \u00e9t\u00e9 con\u00e7u pour \u00e9quiper les ba\u00efonnettes VZ 24.<\/p>\n<p>Le 01\/11\/24.<\/p>\n","protected":false},"excerpt":{"rendered":"<p>Longueur :\u00a0433 mm \u00f8 interne de la douille :\u00a015,5 mm Armement :\u00a0fusil Mauser VZ 24 Valeur :\u00a0\u20ac\u20ac\u20ac Raret\u00e9 :\u00a0 Les premi\u00e8res commandes de fusil VZ-24 ont \u00e9t\u00e9 pass\u00e9es en 1938 apr\u00e8s l\u2019invasion allemande des Sud\u00e8tes (tch\u00e8que : sudeton\u011bmeck\u00e9 povst\u00e1n\u00ed). En 1943, la Roumanie avait re\u00e7u environ 445 640 VZ-24, bien que ces chiffres soient contest\u00e9s. [&hellip;]<\/p>\n","protected":false},"author":1,"featured_media":0,"comment_status":"open","ping_status":"open","sticky":false,"template":"","format":"standard","meta":{"footnotes":""},"categories":[151],"tags":[],"class_list":["post-4696","post","type-post","status-publish","format-standard","hentry","category-liens-n-du-nouvel-abc"],"_links":{"self":[{"href":"https:\/\/geraldbaios.fr\/index.php?rest_route=\/wp\/v2\/posts\/4696","targetHints":{"allow":["GET"]}}],"collection":[{"href":"https:\/\/geraldbaios.fr\/index.php?rest_route=\/wp\/v2\/posts"}],"about":[{"href":"https:\/\/geraldbaios.fr\/index.php?rest_route=\/wp\/v2\/types\/post"}],"author":[{"embeddable":true,"href":"https:\/\/geraldbaios.fr\/index.php?rest_route=\/wp\/v2\/users\/1"}],"replies":[{"embeddable":true,"href":"https:\/\/geraldbaios.fr\/index.php?rest_route=%2Fwp%2Fv2%2Fcomments&post=4696"}],"version-history":[{"count":138,"href":"https:\/\/geraldbaios.fr\/index.php?rest_route=\/wp\/v2\/posts\/4696\/revisions"}],"predecessor-version":[{"id":48578,"href":"https:\/\/geraldbaios.fr\/index.php?rest_route=\/wp\/v2\/posts\/4696\/revisions\/48578"}],"wp:attachment":[{"href":"https:\/\/geraldbaios.fr\/index.php?rest_route=%2Fwp%2Fv2%2Fmedia&parent=4696"}],"wp:term":[{"taxonomy":"category","embeddable":true,"href":"https:\/\/geraldbaios.fr\/index.php?rest_route=%2Fwp%2Fv2%2Fcategories&post=4696"},{"taxonomy":"post_tag","embeddable":true,"href":"https:\/\/geraldbaios.fr\/index.php?rest_route=%2Fwp%2Fv2%2Ftags&post=4696"}],"curies":[{"name":"wp","href":"https:\/\/api.w.org\/{rel}","templated":true}]}}