{"id":47118,"date":"2021-12-14T00:20:31","date_gmt":"2021-12-13T22:20:31","guid":{"rendered":"http:\/\/geraldbaios.fr\/?p=47118"},"modified":"2023-10-25T23:54:40","modified_gmt":"2023-10-25T21:54:40","slug":"47118","status":"publish","type":"post","link":"https:\/\/geraldbaios.fr\/?p=47118","title":{"rendered":"Ba\u00efonnette M-1914, type I (variante Bayard) \u00ab\u00a0N 594\u00a0\u00bb"},"content":{"rendered":"<p><img loading=\"lazy\" decoding=\"async\" class=\"aligncenter size-large wp-image-47124\" src=\"https:\/\/geraldbaios.fr\/wp-content\/uploads\/2023\/08\/S14-001-1-1024x321.jpg\" alt=\"\" width=\"800\" height=\"251\" srcset=\"https:\/\/geraldbaios.fr\/wp-content\/uploads\/2023\/08\/S14-001-1-1024x321.jpg 1024w, https:\/\/geraldbaios.fr\/wp-content\/uploads\/2023\/08\/S14-001-1-300x94.jpg 300w, https:\/\/geraldbaios.fr\/wp-content\/uploads\/2023\/08\/S14-001-1-768x241.jpg 768w, https:\/\/geraldbaios.fr\/wp-content\/uploads\/2023\/08\/S14-001-1-1536x482.jpg 1536w, https:\/\/geraldbaios.fr\/wp-content\/uploads\/2023\/08\/S14-001-1-2048x642.jpg 2048w\" sizes=\"auto, (max-width: 800px) 100vw, 800px\" \/><\/p>\n<p><strong>Longueur :<\/strong> 432 mm<br \/>\n<strong>Poids :<\/strong> 385 g<\/p>\n<p><strong>Armement :<\/strong> fusil Mauser G 98 et\u00a0<a href=\"https:\/\/geraldbaios.fr\/?p=24181\">Karabine 98A.Z<\/a><\/p>\n<p><strong>Valeur :\u00a0<\/strong>\u20ac\u20ac\u20ac \u20ac\u20ac\u20ac<strong><br \/>\n<\/strong><strong>Raret\u00e9 :\u00a0<a href=\"https:\/\/geraldbaios.fr\/wp-content\/uploads\/2015\/02\/che1valier.gif\"><img loading=\"lazy\" decoding=\"async\" class=\" size-full wp-image-294 alignnone\" src=\"https:\/\/geraldbaios.fr\/wp-content\/uploads\/2015\/02\/che1valier.gif\" alt=\"che1valier\" width=\"40\" height=\"30\" \/><\/a><a href=\"https:\/\/geraldbaios.fr\/wp-content\/uploads\/2015\/02\/che1valier.gif\"><img loading=\"lazy\" decoding=\"async\" class=\" size-full wp-image-294 alignnone\" src=\"https:\/\/geraldbaios.fr\/wp-content\/uploads\/2015\/02\/che1valier.gif\" alt=\"che1valier\" width=\"40\" height=\"30\" \/><\/a><a href=\"https:\/\/geraldbaios.fr\/wp-content\/uploads\/2015\/02\/che1valier.gif\"><img loading=\"lazy\" decoding=\"async\" class=\" size-full wp-image-294 alignnone\" src=\"https:\/\/geraldbaios.fr\/wp-content\/uploads\/2015\/02\/che1valier.gif\" alt=\"che1valier\" width=\"40\" height=\"30\" \/><\/a><a href=\"https:\/\/geraldbaios.fr\/wp-content\/uploads\/2015\/02\/che1valier.gif\"><img loading=\"lazy\" decoding=\"async\" class=\" size-full wp-image-294 alignnone\" src=\"https:\/\/geraldbaios.fr\/wp-content\/uploads\/2015\/02\/che1valier.gif\" alt=\"che1valier\" width=\"40\" height=\"30\" \/><\/a><a href=\"https:\/\/geraldbaios.fr\/wp-content\/uploads\/2015\/02\/che1valier.gif\"><img loading=\"lazy\" decoding=\"async\" class=\" size-full wp-image-294 alignnone\" src=\"https:\/\/geraldbaios.fr\/wp-content\/uploads\/2015\/02\/che1valier.gif\" alt=\"che1valier\" width=\"40\" height=\"30\" \/><\/a><a href=\"https:\/\/geraldbaios.fr\/wp-content\/uploads\/2015\/02\/che1valier.gif\"><img loading=\"lazy\" decoding=\"async\" class=\" size-full wp-image-294 alignnone\" src=\"https:\/\/geraldbaios.fr\/wp-content\/uploads\/2015\/02\/che1valier.gif\" alt=\"che1valier\" width=\"40\" height=\"30\" \/><\/a><a href=\"https:\/\/geraldbaios.fr\/wp-content\/uploads\/2015\/02\/che1valier.gif\"><img loading=\"lazy\" decoding=\"async\" class=\" size-full wp-image-294 alignnone\" src=\"https:\/\/geraldbaios.fr\/wp-content\/uploads\/2015\/02\/che1valier.gif\" alt=\"che1valier\" width=\"40\" height=\"30\" \/><br \/>\n<\/a><\/strong><strong><br \/>\n<\/strong>Le mod\u00e8le S.14 est, \u00e0 bien des \u00e9gards, le premier des \u00abErsatz\u00bb. Les autres \u00abErsatz\u00bb et lui ont \u00e9t\u00e9 fabriqu\u00e9s parce que, tout simplement, apr\u00e8s avoir appel\u00e9 les r\u00e9servistes, fin 1914, l\u2019Allemagne se trouvait encore \u00e0 court de presque un million de fusils et de leurs ba\u00efonnettes pour ces hommes &#8230;<\/p>\n<p>Cet tr\u00e8s rare exemplaire a la particularit\u00e9 d&rsquo;avoir \u00e9t\u00e9 fabriqu\u00e9 par Bayard (anciens \u00e9tablissements Pieper) en Belgique sous occupation allemande.<\/p>\n<p style=\"font-weight: 400;\"><strong><u>La soci\u00e9t\u00e9 anonyme des Anciens Etablissements Pieper<\/u><\/strong><\/p>\n<p style=\"font-weight: 400;\"><strong><u>Biographie<\/u><\/strong><\/p>\n<p style=\"font-weight: 400;\">Cette soci\u00e9t\u00e9 est cr\u00e9\u00e9e le 4 ao\u00fbt 1905, elle reprend les actifs des Ets Pieper mis en liquidation.<\/p>\n<p style=\"font-weight: 400;\">Toutefois, contrairement \u00e0 cette derni\u00e8re, ses activit\u00e9s se limitent \u00e0 la fabrication d\u2019armes\u00a0: fusils de chasse et carabines. D\u00e8s 1907 elle c\u00e8de les usines de la rue des Bayards et de Nessonvaux et fait b\u00e2tir une nouvelle usine \u00e0 Herstal, au 73 de la rue Petite Foxhalle.<\/p>\n<p style=\"font-weight: 400;\">En ao\u00fbt 1914, les AEP sont contraints de travailler pour l\u2019occupant allemand \u00e0 qui ils fourniront de grandes quantit\u00e9s de pistolets Bayard, des ba\u00efonnettes pour Mauser et des pi\u00e8ces d\u00e9tach\u00e9es pour pistolets Parabellum P08.<\/p>\n<p><img loading=\"lazy\" decoding=\"async\" class=\"aligncenter wp-image-47136\" src=\"https:\/\/geraldbaios.fr\/wp-content\/uploads\/2023\/08\/S14-002-2-1024x361.jpg\" alt=\"\" width=\"499\" height=\"176\" srcset=\"https:\/\/geraldbaios.fr\/wp-content\/uploads\/2023\/08\/S14-002-2-1024x361.jpg 1024w, https:\/\/geraldbaios.fr\/wp-content\/uploads\/2023\/08\/S14-002-2-300x106.jpg 300w, https:\/\/geraldbaios.fr\/wp-content\/uploads\/2023\/08\/S14-002-2-768x271.jpg 768w, https:\/\/geraldbaios.fr\/wp-content\/uploads\/2023\/08\/S14-002-2-1536x542.jpg 1536w, https:\/\/geraldbaios.fr\/wp-content\/uploads\/2023\/08\/S14-002-2-2048x723.jpg 2048w\" sizes=\"auto, (max-width: 499px) 100vw, 499px\" \/> <img loading=\"lazy\" decoding=\"async\" class=\"aligncenter wp-image-47137\" src=\"https:\/\/geraldbaios.fr\/wp-content\/uploads\/2023\/08\/S14-004-1-1024x361.jpg\" alt=\"\" width=\"499\" height=\"176\" srcset=\"https:\/\/geraldbaios.fr\/wp-content\/uploads\/2023\/08\/S14-004-1-1024x361.jpg 1024w, https:\/\/geraldbaios.fr\/wp-content\/uploads\/2023\/08\/S14-004-1-300x106.jpg 300w, https:\/\/geraldbaios.fr\/wp-content\/uploads\/2023\/08\/S14-004-1-768x271.jpg 768w, https:\/\/geraldbaios.fr\/wp-content\/uploads\/2023\/08\/S14-004-1-1536x541.jpg 1536w, https:\/\/geraldbaios.fr\/wp-content\/uploads\/2023\/08\/S14-004-1-2048x722.jpg 2048w\" sizes=\"auto, (max-width: 499px) 100vw, 499px\" \/> <img loading=\"lazy\" decoding=\"async\" class=\"aligncenter wp-image-47138\" src=\"https:\/\/geraldbaios.fr\/wp-content\/uploads\/2023\/08\/S14-003-1-1024x241.jpg\" alt=\"\" width=\"502\" height=\"118\" srcset=\"https:\/\/geraldbaios.fr\/wp-content\/uploads\/2023\/08\/S14-003-1-1024x241.jpg 1024w, https:\/\/geraldbaios.fr\/wp-content\/uploads\/2023\/08\/S14-003-1-300x71.jpg 300w, https:\/\/geraldbaios.fr\/wp-content\/uploads\/2023\/08\/S14-003-1-768x181.jpg 768w, https:\/\/geraldbaios.fr\/wp-content\/uploads\/2023\/08\/S14-003-1-1536x362.jpg 1536w, https:\/\/geraldbaios.fr\/wp-content\/uploads\/2023\/08\/S14-003-1-2048x483.jpg 2048w\" sizes=\"auto, (max-width: 502px) 100vw, 502px\" \/><\/p>\n<p style=\"text-align: left;\"><strong>La poign\u00e9e<\/strong> est de constitution identique au <a href=\"https:\/\/geraldbaios.fr\/?p=9485\">mod\u00e8le 1914<\/a>, les plaquettes sont maintenues \u00e0 la soie par boulons \u00e0 t\u00eate ronde et \u00e9crous fendus.<\/p>\n<p style=\"text-align: center;\"><img loading=\"lazy\" decoding=\"async\" class=\"aligncenter wp-image-47123\" src=\"https:\/\/geraldbaios.fr\/wp-content\/uploads\/2023\/08\/S14-006-1024x257.jpg\" alt=\"\" width=\"601\" height=\"151\" srcset=\"https:\/\/geraldbaios.fr\/wp-content\/uploads\/2023\/08\/S14-006-1024x257.jpg 1024w, https:\/\/geraldbaios.fr\/wp-content\/uploads\/2023\/08\/S14-006-300x75.jpg 300w, https:\/\/geraldbaios.fr\/wp-content\/uploads\/2023\/08\/S14-006-768x193.jpg 768w, https:\/\/geraldbaios.fr\/wp-content\/uploads\/2023\/08\/S14-006-1536x386.jpg 1536w, https:\/\/geraldbaios.fr\/wp-content\/uploads\/2023\/08\/S14-006-2048x514.jpg 2048w\" sizes=\"auto, (max-width: 601px) 100vw, 601px\" \/><img loading=\"lazy\" decoding=\"async\" class=\"aligncenter wp-image-47125\" src=\"https:\/\/geraldbaios.fr\/wp-content\/uploads\/2023\/08\/S14-005-1-1024x616.jpg\" alt=\"\" width=\"402\" height=\"242\" srcset=\"https:\/\/geraldbaios.fr\/wp-content\/uploads\/2023\/08\/S14-005-1-1024x616.jpg 1024w, https:\/\/geraldbaios.fr\/wp-content\/uploads\/2023\/08\/S14-005-1-300x180.jpg 300w, https:\/\/geraldbaios.fr\/wp-content\/uploads\/2023\/08\/S14-005-1-768x462.jpg 768w, https:\/\/geraldbaios.fr\/wp-content\/uploads\/2023\/08\/S14-005-1.jpg 1221w\" sizes=\"auto, (max-width: 402px) 100vw, 402px\" \/><strong>Chevalier mont\u00e9<\/strong><img loading=\"lazy\" decoding=\"async\" class=\"aligncenter wp-image-41460\" src=\"https:\/\/geraldbaios.fr\/wp-content\/uploads\/2015\/04\/Modele-S14-\u00b0\u00b07-1024x979.jpg\" alt=\"\" width=\"250\" height=\"239\" srcset=\"https:\/\/geraldbaios.fr\/wp-content\/uploads\/2015\/04\/Modele-S14-\u00b0\u00b07-1024x979.jpg 1024w, https:\/\/geraldbaios.fr\/wp-content\/uploads\/2015\/04\/Modele-S14-\u00b0\u00b07-300x287.jpg 300w, https:\/\/geraldbaios.fr\/wp-content\/uploads\/2015\/04\/Modele-S14-\u00b0\u00b07-768x734.jpg 768w, https:\/\/geraldbaios.fr\/wp-content\/uploads\/2015\/04\/Modele-S14-\u00b0\u00b07.jpg 1391w\" sizes=\"auto, (max-width: 250px) 100vw, 250px\" \/><strong>Poin\u00e7on de contr\u00f4le<\/strong><\/p>\n<p style=\"text-align: left;\"><strong>La lame<\/strong> est polie brillant, avec une large <a class=\"row-title\" href=\"https:\/\/geraldbaios.fr\/wp-admin\/post.php?post=14681&amp;action=edit\" aria-label=\"\u00ab\u00a0goutti\u00e8re\u00a0\u00bb (Modifier)\">goutti\u00e8re<\/a> sur chaque face aux extr\u00e9mit\u00e9s carr\u00e9es.<\/p>\n<p style=\"text-align: center;\"><img loading=\"lazy\" decoding=\"async\" class=\"aligncenter wp-image-45184\" src=\"https:\/\/geraldbaios.fr\/wp-content\/uploads\/2018\/10\/fourreau-ersazt-01-1024x177.jpg\" alt=\"\" width=\"603\" height=\"104\" srcset=\"https:\/\/geraldbaios.fr\/wp-content\/uploads\/2018\/10\/fourreau-ersazt-01-1024x177.jpg 1024w, https:\/\/geraldbaios.fr\/wp-content\/uploads\/2018\/10\/fourreau-ersazt-01-300x52.jpg 300w, https:\/\/geraldbaios.fr\/wp-content\/uploads\/2018\/10\/fourreau-ersazt-01-768x133.jpg 768w, https:\/\/geraldbaios.fr\/wp-content\/uploads\/2018\/10\/fourreau-ersazt-01-1536x265.jpg 1536w, https:\/\/geraldbaios.fr\/wp-content\/uploads\/2018\/10\/fourreau-ersazt-01-2048x353.jpg 2048w\" sizes=\"auto, (max-width: 603px) 100vw, 603px\" \/> <img loading=\"lazy\" decoding=\"async\" class=\"aligncenter wp-image-45185\" src=\"https:\/\/geraldbaios.fr\/wp-content\/uploads\/2018\/10\/fourreau-ersatz-02-1024x175.jpg\" alt=\"\" width=\"601\" height=\"103\" srcset=\"https:\/\/geraldbaios.fr\/wp-content\/uploads\/2018\/10\/fourreau-ersatz-02-1024x175.jpg 1024w, https:\/\/geraldbaios.fr\/wp-content\/uploads\/2018\/10\/fourreau-ersatz-02-300x51.jpg 300w, https:\/\/geraldbaios.fr\/wp-content\/uploads\/2018\/10\/fourreau-ersatz-02-768x131.jpg 768w, https:\/\/geraldbaios.fr\/wp-content\/uploads\/2018\/10\/fourreau-ersatz-02-1536x262.jpg 1536w, https:\/\/geraldbaios.fr\/wp-content\/uploads\/2018\/10\/fourreau-ersatz-02-2048x350.jpg 2048w\" sizes=\"auto, (max-width: 601px) 100vw, 601px\" \/><strong>L&rsquo;extr\u00e9mit\u00e9 du corps non perc\u00e9e comporte une bouterolle<\/strong><\/p>\n<p><strong>Ce fourreau<\/strong> de type Ersatz est souvent rencontr\u00e9 avec ce mod\u00e8le, le corps en t\u00f4le d&rsquo;acier de pi\u00e8tre qualit\u00e9 comporte deux rainure sur le devant et une de liaison sur l&rsquo;arri\u00e8re, il peut \u00eatre recouvert de peinture verte olive ou plus rarement noire.<\/p>\n<p><img loading=\"lazy\" decoding=\"async\" class=\"aligncenter wp-image-41470\" src=\"https:\/\/geraldbaios.fr\/wp-content\/uploads\/2015\/04\/Modele-S14-\u00b0\u00b012-1024x308.jpg\" alt=\"\" width=\"400\" height=\"120\" srcset=\"https:\/\/geraldbaios.fr\/wp-content\/uploads\/2015\/04\/Modele-S14-\u00b0\u00b012-1024x308.jpg 1024w, https:\/\/geraldbaios.fr\/wp-content\/uploads\/2015\/04\/Modele-S14-\u00b0\u00b012-300x90.jpg 300w, https:\/\/geraldbaios.fr\/wp-content\/uploads\/2015\/04\/Modele-S14-\u00b0\u00b012-768x231.jpg 768w, https:\/\/geraldbaios.fr\/wp-content\/uploads\/2015\/04\/Modele-S14-\u00b0\u00b012-1536x461.jpg 1536w, https:\/\/geraldbaios.fr\/wp-content\/uploads\/2015\/04\/Modele-S14-\u00b0\u00b012-2048x615.jpg 2048w\" sizes=\"auto, (max-width: 400px) 100vw, 400px\" \/> <img loading=\"lazy\" decoding=\"async\" class=\"aligncenter wp-image-41471\" src=\"https:\/\/geraldbaios.fr\/wp-content\/uploads\/2015\/04\/Modele-S14-\u00b0\u00b013-1024x555.jpg\" alt=\"\" width=\"400\" height=\"217\" srcset=\"https:\/\/geraldbaios.fr\/wp-content\/uploads\/2015\/04\/Modele-S14-\u00b0\u00b013-1024x555.jpg 1024w, https:\/\/geraldbaios.fr\/wp-content\/uploads\/2015\/04\/Modele-S14-\u00b0\u00b013-300x163.jpg 300w, https:\/\/geraldbaios.fr\/wp-content\/uploads\/2015\/04\/Modele-S14-\u00b0\u00b013-768x416.jpg 768w, https:\/\/geraldbaios.fr\/wp-content\/uploads\/2015\/04\/Modele-S14-\u00b0\u00b013-1536x832.jpg 1536w, https:\/\/geraldbaios.fr\/wp-content\/uploads\/2015\/04\/Modele-S14-\u00b0\u00b013.jpg 2028w\" sizes=\"auto, (max-width: 400px) 100vw, 400px\" \/><\/p>\n<p><strong>Le porte-fourreau<\/strong>\u00a0en cuir, dont il existe plusieurs variantes peut \u00eatre de couleur brune ou noir, quatre rivets en laiton avec rondelles renforcent l\u2019ensemble.<\/p>\n<p><strong>Remarques perso :\u00a0<\/strong><br \/>\nPour plus d&rsquo;informations, ouvrage conseill\u00e9 : Les ba\u00efonnettes allemandes (1898-1945) de <strong>Christian M\u00e9ry<\/strong>.<\/p>\n<p>Le 05\/09\/23.<\/p>\n","protected":false},"excerpt":{"rendered":"<p>Longueur : 432 mm Poids : 385 g Armement : fusil Mauser G 98 et\u00a0Karabine 98A.Z Valeur :\u00a0\u20ac\u20ac\u20ac \u20ac\u20ac\u20ac Raret\u00e9 :\u00a0 Le mod\u00e8le S.14 est, \u00e0 bien des \u00e9gards, le premier des \u00abErsatz\u00bb. Les autres \u00abErsatz\u00bb et lui ont \u00e9t\u00e9 fabriqu\u00e9s parce que, tout simplement, apr\u00e8s avoir appel\u00e9 les r\u00e9servistes, fin 1914, l\u2019Allemagne se trouvait [&hellip;]<\/p>\n","protected":false},"author":1,"featured_media":0,"comment_status":"open","ping_status":"closed","sticky":false,"template":"","format":"standard","meta":{"footnotes":""},"categories":[151],"tags":[],"class_list":["post-47118","post","type-post","status-publish","format-standard","hentry","category-liens-n-du-nouvel-abc"],"_links":{"self":[{"href":"https:\/\/geraldbaios.fr\/index.php?rest_route=\/wp\/v2\/posts\/47118","targetHints":{"allow":["GET"]}}],"collection":[{"href":"https:\/\/geraldbaios.fr\/index.php?rest_route=\/wp\/v2\/posts"}],"about":[{"href":"https:\/\/geraldbaios.fr\/index.php?rest_route=\/wp\/v2\/types\/post"}],"author":[{"embeddable":true,"href":"https:\/\/geraldbaios.fr\/index.php?rest_route=\/wp\/v2\/users\/1"}],"replies":[{"embeddable":true,"href":"https:\/\/geraldbaios.fr\/index.php?rest_route=%2Fwp%2Fv2%2Fcomments&post=47118"}],"version-history":[{"count":28,"href":"https:\/\/geraldbaios.fr\/index.php?rest_route=\/wp\/v2\/posts\/47118\/revisions"}],"predecessor-version":[{"id":47163,"href":"https:\/\/geraldbaios.fr\/index.php?rest_route=\/wp\/v2\/posts\/47118\/revisions\/47163"}],"wp:attachment":[{"href":"https:\/\/geraldbaios.fr\/index.php?rest_route=%2Fwp%2Fv2%2Fmedia&parent=47118"}],"wp:term":[{"taxonomy":"category","embeddable":true,"href":"https:\/\/geraldbaios.fr\/index.php?rest_route=%2Fwp%2Fv2%2Fcategories&post=47118"},{"taxonomy":"post_tag","embeddable":true,"href":"https:\/\/geraldbaios.fr\/index.php?rest_route=%2Fwp%2Fv2%2Ftags&post=47118"}],"curies":[{"name":"wp","href":"https:\/\/api.w.org\/{rel}","templated":true}]}}