{"id":49483,"date":"2021-10-08T00:25:23","date_gmt":"2021-10-07T22:25:23","guid":{"rendered":"https:\/\/geraldbaios.fr\/?p=49483"},"modified":"2026-04-16T20:35:03","modified_gmt":"2026-04-16T18:35:03","slug":"baionnette-modele-1860-de-fusilier","status":"publish","type":"post","link":"https:\/\/geraldbaios.fr\/?p=49483","title":{"rendered":"Ba\u00efonnette mod\u00e8le 1860 de fusilier \u00ab\u00a0N 1419\u00a0\u00bb"},"content":{"rendered":"<p><img loading=\"lazy\" decoding=\"async\" class=\"aligncenter wp-image-34782\" src=\"https:\/\/geraldbaios.fr\/wp-content\/uploads\/2020\/08\/1860-1024x356.jpg\" alt=\"\" width=\"748\" height=\"260\" srcset=\"https:\/\/geraldbaios.fr\/wp-content\/uploads\/2020\/08\/1860-1024x356.jpg 1024w, https:\/\/geraldbaios.fr\/wp-content\/uploads\/2020\/08\/1860-300x104.jpg 300w, https:\/\/geraldbaios.fr\/wp-content\/uploads\/2020\/08\/1860-768x267.jpg 768w, https:\/\/geraldbaios.fr\/wp-content\/uploads\/2020\/08\/1860-1536x534.jpg 1536w, https:\/\/geraldbaios.fr\/wp-content\/uploads\/2020\/08\/1860-2048x712.jpg 2048w\" sizes=\"auto, (max-width: 748px) 100vw, 748px\" \/><img loading=\"lazy\" decoding=\"async\" class=\"aligncenter wp-image-49487\" src=\"https:\/\/geraldbaios.fr\/wp-content\/uploads\/2025\/05\/IMG_6566.jpg\" alt=\"\" width=\"750\" height=\"150\" srcset=\"https:\/\/geraldbaios.fr\/wp-content\/uploads\/2025\/05\/IMG_6566.jpg 640w, https:\/\/geraldbaios.fr\/wp-content\/uploads\/2025\/05\/IMG_6566-300x60.jpg 300w\" sizes=\"auto, (max-width: 750px) 100vw, 750px\" \/><\/p>\n<p><strong>Longueur <\/strong>637\u00a0mm<br \/>\n<strong>\u00f8<\/strong>\u00a0<strong>interne de la douille : <\/strong>21,3 mm<\/p>\n<p><img loading=\"lazy\" decoding=\"async\" class=\"aligncenter wp-image-49490\" src=\"https:\/\/geraldbaios.fr\/wp-content\/uploads\/2025\/05\/lot.jpeg\" alt=\"\" width=\"502\" height=\"142\" srcset=\"https:\/\/geraldbaios.fr\/wp-content\/uploads\/2025\/05\/lot.jpeg 410w, https:\/\/geraldbaios.fr\/wp-content\/uploads\/2025\/05\/lot-300x85.jpeg 300w\" sizes=\"auto, (max-width: 502px) 100vw, 502px\" \/><\/p>\n<p><strong>Armement :<\/strong> fusil Dreyse M-1860<a title=\"Gewehr 1888\" href=\"https:\/\/translate.googleusercontent.com\/translate_c?depth=1&amp;hl=fr&amp;prev=search&amp;rurl=translate.google.fr&amp;sl=en&amp;sp=nmt4&amp;u=https:\/\/en.wikipedia.org\/wiki\/Gewehr_1888&amp;usg=ALkJrhhohwMAK7weQt_lQ0sEIBNsunB9Sg\"><br \/>\n<\/a><\/p>\n<p>Le <b>fusil Dreyse<\/b> est l&rsquo;un des premiers fusils de guerre \u00e0 chargement par la culasse. Dot\u00e9 d&rsquo;un canon ray\u00e9 augmentant port\u00e9e et pr\u00e9cision, il \u00e9quipa les re\u0301giments de fusiliers prussiens n\u00b0 33 a\u0300 n\u00b0 40, 73, 80, 86 et 108 \u00e0 partir de 1861 et subit la modification BECK en 1871. La fabrication totale s\u2019e\u0301le\u0300ve a\u0300 environ 103 000 exemplaires.<\/p>\n<p><img loading=\"lazy\" decoding=\"async\" class=\"aligncenter wp-image-49516\" src=\"https:\/\/geraldbaios.fr\/wp-content\/uploads\/2025\/05\/m60-6-1599x562-1-1024x360.jpg\" alt=\"\" width=\"399\" height=\"140\" srcset=\"https:\/\/geraldbaios.fr\/wp-content\/uploads\/2025\/05\/m60-6-1599x562-1-1024x360.jpg 1024w, https:\/\/geraldbaios.fr\/wp-content\/uploads\/2025\/05\/m60-6-1599x562-1-300x105.jpg 300w, https:\/\/geraldbaios.fr\/wp-content\/uploads\/2025\/05\/m60-6-1599x562-1-768x270.jpg 768w, https:\/\/geraldbaios.fr\/wp-content\/uploads\/2025\/05\/m60-6-1599x562-1-1536x540.jpg 1536w, https:\/\/geraldbaios.fr\/wp-content\/uploads\/2025\/05\/m60-6-1599x562-1.jpg 1599w\" sizes=\"auto, (max-width: 399px) 100vw, 399px\" \/><\/p>\n<p><strong>Fixation : <\/strong>sur le\u00a0c\u00f4t\u00e9 droit du canon<\/p>\n<p><strong>Valeur<\/strong> : \u20ac\u20ac\u20ac \u20ac\u20ac\u20ac \u20ac avec fourreau<strong><br \/>\n<\/strong><strong>Raret\u00e9<\/strong>\u00a0: \u00a0<strong><a href=\"https:\/\/geraldbaios.fr\/wp-content\/uploads\/2015\/02\/che1valier.gif\"><img loading=\"lazy\" decoding=\"async\" class=\" size-full wp-image-294 alignnone\" src=\"https:\/\/geraldbaios.fr\/wp-content\/uploads\/2015\/02\/che1valier.gif\" alt=\"che1valier\" width=\"40\" height=\"30\" \/><\/a><\/strong><strong><a href=\"https:\/\/geraldbaios.fr\/wp-content\/uploads\/2015\/02\/che1valier.gif\"><img loading=\"lazy\" decoding=\"async\" class=\" size-full wp-image-294 alignnone\" src=\"https:\/\/geraldbaios.fr\/wp-content\/uploads\/2015\/02\/che1valier.gif\" alt=\"che1valier\" width=\"40\" height=\"30\" \/><\/a><\/strong><strong><a href=\"https:\/\/geraldbaios.fr\/wp-content\/uploads\/2015\/02\/che1valier.gif\"><img loading=\"lazy\" decoding=\"async\" class=\" size-full wp-image-294 alignnone\" src=\"https:\/\/geraldbaios.fr\/wp-content\/uploads\/2015\/02\/che1valier.gif\" alt=\"che1valier\" width=\"40\" height=\"30\" \/><\/a><a href=\"https:\/\/geraldbaios.fr\/wp-content\/uploads\/2015\/02\/che1valier.gif\"><img loading=\"lazy\" decoding=\"async\" class=\" size-full wp-image-294 alignnone\" src=\"https:\/\/geraldbaios.fr\/wp-content\/uploads\/2015\/02\/che1valier.gif\" alt=\"che1valier\" width=\"40\" height=\"30\" \/><\/a><a href=\"https:\/\/geraldbaios.fr\/wp-content\/uploads\/2015\/02\/che1valier.gif\"><img loading=\"lazy\" decoding=\"async\" class=\" size-full wp-image-294 alignnone\" src=\"https:\/\/geraldbaios.fr\/wp-content\/uploads\/2015\/02\/che1valier.gif\" alt=\"che1valier\" width=\"40\" height=\"30\" \/><\/a><\/strong><strong><a href=\"https:\/\/geraldbaios.fr\/wp-content\/uploads\/2015\/02\/che1valier.gif\"><img loading=\"lazy\" decoding=\"async\" class=\" size-full wp-image-294 alignnone\" src=\"https:\/\/geraldbaios.fr\/wp-content\/uploads\/2015\/02\/che1valier.gif\" alt=\"che1valier\" width=\"40\" height=\"30\" \/><\/a><\/strong><strong><a href=\"https:\/\/geraldbaios.fr\/wp-content\/uploads\/2015\/02\/che1valier.gif\"><img loading=\"lazy\" decoding=\"async\" class=\" size-full wp-image-294 alignnone\" src=\"https:\/\/geraldbaios.fr\/wp-content\/uploads\/2015\/02\/che1valier.gif\" alt=\"che1valier\" width=\"40\" height=\"30\" \/><br \/>\n<\/a><\/strong><\/p>\n<p style=\"text-align: center;\"><img loading=\"lazy\" decoding=\"async\" class=\"aligncenter wp-image-49501\" src=\"https:\/\/geraldbaios.fr\/wp-content\/uploads\/2025\/05\/IMG_6567.jpg\" alt=\"\" width=\"500\" height=\"383\" srcset=\"https:\/\/geraldbaios.fr\/wp-content\/uploads\/2025\/05\/IMG_6567.jpg 640w, https:\/\/geraldbaios.fr\/wp-content\/uploads\/2025\/05\/IMG_6567-300x230.jpg 300w\" sizes=\"auto, (max-width: 500px) 100vw, 500px\" \/><strong>Comparativement au M-1871, la lame ressort se situe \u00e0 gauche<\/strong><img loading=\"lazy\" decoding=\"async\" class=\"aligncenter wp-image-49502\" src=\"https:\/\/geraldbaios.fr\/wp-content\/uploads\/2025\/05\/IMG_6568.jpg\" alt=\"\" width=\"500\" height=\"392\" srcset=\"https:\/\/geraldbaios.fr\/wp-content\/uploads\/2025\/05\/IMG_6568.jpg 640w, https:\/\/geraldbaios.fr\/wp-content\/uploads\/2025\/05\/IMG_6568-300x235.jpg 300w\" sizes=\"auto, (max-width: 500px) 100vw, 500px\" \/><img loading=\"lazy\" decoding=\"async\" class=\"aligncenter wp-image-49508\" src=\"https:\/\/geraldbaios.fr\/wp-content\/uploads\/2025\/05\/IMG_6573.jpg\" alt=\"\" width=\"502\" height=\"157\" srcset=\"https:\/\/geraldbaios.fr\/wp-content\/uploads\/2025\/05\/IMG_6573.jpg 640w, https:\/\/geraldbaios.fr\/wp-content\/uploads\/2025\/05\/IMG_6573-300x94.jpg 300w\" sizes=\"auto, (max-width: 502px) 100vw, 502px\" \/><img loading=\"lazy\" decoding=\"async\" class=\"aligncenter wp-image-49525\" src=\"https:\/\/geraldbaios.fr\/wp-content\/uploads\/2025\/05\/IMG_6590.jpg\" alt=\"\" width=\"301\" height=\"379\" srcset=\"https:\/\/geraldbaios.fr\/wp-content\/uploads\/2025\/05\/IMG_6590.jpg 508w, https:\/\/geraldbaios.fr\/wp-content\/uploads\/2025\/05\/IMG_6590-238x300.jpg 238w\" sizes=\"auto, (max-width: 301px) 100vw, 301px\" \/><strong>FW 61 sous\u00a0<\/strong><b>couronne<\/b><\/p>\n<div class=\"page\" title=\"Page 1\">\n<div class=\"layoutArea\">\n<div class=\"column\">\n<p><span class=\"notranslate\"><strong>La poign\u00e9e\u00a0<\/strong><\/span><span class=\"notranslate\">atypique en laiton moul\u00e9 poss\u00e8de sur le c\u00f4t\u00e9 droit dix neuf stries en diagonales, tandis que le c\u00f4t\u00e9 gauche est lisse, elle int\u00e8gre un m\u00e9canisme de verrouillage avec bouton-poussoir et lame ressort en acier fix\u00e9e par une vis qui traverse la soie. Celle-ci, solidement maintenue \u00e0 la soie par un gros rivet en acier situ\u00e9 pr\u00e9s de la croisi\u00e8re, comporte une rainure en forme de T qui n&rsquo;int\u00e8gre pas la baguette de nettoyage de l&rsquo;arme.<\/span><\/p>\n<p><img loading=\"lazy\" decoding=\"async\" class=\"aligncenter wp-image-49498\" src=\"https:\/\/geraldbaios.fr\/wp-content\/uploads\/2025\/05\/IMG_6572.jpg\" alt=\"\" width=\"500\" height=\"222\" srcset=\"https:\/\/geraldbaios.fr\/wp-content\/uploads\/2025\/05\/IMG_6572.jpg 640w, https:\/\/geraldbaios.fr\/wp-content\/uploads\/2025\/05\/IMG_6572-300x133.jpg 300w\" sizes=\"auto, (max-width: 500px) 100vw, 500px\" \/><\/p>\n<p><strong>La croisi\u00e8re <\/strong>en forme de S, avec garde poss\u00e8de g\u00e9n\u00e9ralement des marquages r\u00e9gimentaires, pour exemple les marquages<strong> F.H.33.3.109<\/strong>. Ces marquages sont th\u00e9oriquement r\u00e9p\u00e9t\u00e9s sur l\u2019arri\u00e8re de la garniture du fourreau.<\/p>\n<p><img loading=\"lazy\" decoding=\"async\" class=\"aligncenter wp-image-49511\" src=\"https:\/\/geraldbaios.fr\/wp-content\/uploads\/2025\/05\/IMG_6569.jpg\" alt=\"\" width=\"601\" height=\"156\" srcset=\"https:\/\/geraldbaios.fr\/wp-content\/uploads\/2025\/05\/IMG_6569.jpg 640w, https:\/\/geraldbaios.fr\/wp-content\/uploads\/2025\/05\/IMG_6569-300x78.jpg 300w\" sizes=\"auto, (max-width: 601px) 100vw, 601px\" \/><\/p>\n<p><strong>La lame <\/strong>est munie d\u2019un contre-tranchant de profil arrondi qui se prolonge en une nervure qui aboutit \u00e0 la pointe d\u00e9terminant une langue de carpe.<\/p>\n<p style=\"text-align: center;\"><img loading=\"lazy\" decoding=\"async\" class=\"aligncenter wp-image-49496\" src=\"https:\/\/geraldbaios.fr\/wp-content\/uploads\/2025\/05\/IMG_6570.jpg\" alt=\"\" width=\"300\" height=\"270\" srcset=\"https:\/\/geraldbaios.fr\/wp-content\/uploads\/2025\/05\/IMG_6570.jpg 640w, https:\/\/geraldbaios.fr\/wp-content\/uploads\/2025\/05\/IMG_6570-300x270.jpg 300w\" sizes=\"auto, (max-width: 300px) 100vw, 300px\" \/><strong>Schnitzler &amp; Kirschbaum<\/strong><\/p>\n<p>Divers constructeurs ont fabriqu\u00e9 ce mod\u00e8le : W. Clauberg, A &amp; E H\u00f6ller, F. Horster, V. Jung, P.D. Luneschloss, Schnitzler &amp; Kirschbaum.<\/p>\n<p><img loading=\"lazy\" decoding=\"async\" class=\"aligncenter wp-image-49518\" src=\"https:\/\/geraldbaios.fr\/wp-content\/uploads\/2025\/05\/m60-2-1599x1199-1-1024x768.jpg\" alt=\"\" width=\"500\" height=\"375\" srcset=\"https:\/\/geraldbaios.fr\/wp-content\/uploads\/2025\/05\/m60-2-1599x1199-1-1024x768.jpg 1024w, https:\/\/geraldbaios.fr\/wp-content\/uploads\/2025\/05\/m60-2-1599x1199-1-300x225.jpg 300w, https:\/\/geraldbaios.fr\/wp-content\/uploads\/2025\/05\/m60-2-1599x1199-1-768x576.jpg 768w, https:\/\/geraldbaios.fr\/wp-content\/uploads\/2025\/05\/m60-2-1599x1199-1-1536x1152.jpg 1536w, https:\/\/geraldbaios.fr\/wp-content\/uploads\/2025\/05\/m60-2-1599x1199-1.jpg 1599w\" sizes=\"auto, (max-width: 500px) 100vw, 500px\" \/><\/p>\n<p>Les lames sont marqu\u00e9es du c\u00f4t\u00e9 droit du nom du constructeur, et du c\u00f4t\u00e9 gauche des initiales <strong>FW<\/strong> ou <strong>W <\/strong>sous couronne suivies de l\u2019ann\u00e9e de 61 \u00e0 68. Fr\u00e9d\u00e9ric-Guillaume IV roi de Prusse est mort le 02 janvier 1861, seules les lame dat\u00e9es 61 sont marqu\u00e9es de son monogramme\u00a0<strong>FW<\/strong>, probablement \u00e0 titre posthume. Le souverain prussien Guillaume 1er lui ayant succ\u00e9d\u00e9, les lames \u00e0 partir de 62 sont marqu\u00e9es <strong>W<\/strong>.<\/p>\n<p><strong>Le fourreau<\/strong>\u00a0poss\u00e8de un corps en cuir noir avec garnitures en laiton et bouton de suspension ovale.<\/p>\n<p><strong>Remarques perso :<br \/>\n<\/strong>Le fourreau est tr\u00e8s difficile \u00e0 trouver, s\u2019il n\u2019a pas r\u00e9tr\u00e9ci avec le temps, sa valeur est pratiquement \u00e9gale au prix de la ba\u00efonnette.<\/p>\n<p>Le 22\/05\/25<\/p>\n<\/div>\n<\/div>\n<\/div>\n","protected":false},"excerpt":{"rendered":"<p>Longueur 637\u00a0mm \u00f8\u00a0interne de la douille : 21,3 mm Armement : fusil Dreyse M-1860 Le fusil Dreyse est l&rsquo;un des premiers fusils de guerre \u00e0 chargement par la culasse. Dot\u00e9 d&rsquo;un canon ray\u00e9 augmentant port\u00e9e et pr\u00e9cision, il \u00e9quipa les re\u0301giments de fusiliers prussiens n\u00b0 33 a\u0300 n\u00b0 40, 73, 80, 86 et 108 \u00e0 [&hellip;]<\/p>\n","protected":false},"author":1,"featured_media":0,"comment_status":"open","ping_status":"closed","sticky":false,"template":"","format":"standard","meta":{"footnotes":""},"categories":[151],"tags":[],"class_list":["post-49483","post","type-post","status-publish","format-standard","hentry","category-liens-n-du-nouvel-abc"],"_links":{"self":[{"href":"https:\/\/geraldbaios.fr\/index.php?rest_route=\/wp\/v2\/posts\/49483","targetHints":{"allow":["GET"]}}],"collection":[{"href":"https:\/\/geraldbaios.fr\/index.php?rest_route=\/wp\/v2\/posts"}],"about":[{"href":"https:\/\/geraldbaios.fr\/index.php?rest_route=\/wp\/v2\/types\/post"}],"author":[{"embeddable":true,"href":"https:\/\/geraldbaios.fr\/index.php?rest_route=\/wp\/v2\/users\/1"}],"replies":[{"embeddable":true,"href":"https:\/\/geraldbaios.fr\/index.php?rest_route=%2Fwp%2Fv2%2Fcomments&post=49483"}],"version-history":[{"count":39,"href":"https:\/\/geraldbaios.fr\/index.php?rest_route=\/wp\/v2\/posts\/49483\/revisions"}],"predecessor-version":[{"id":51691,"href":"https:\/\/geraldbaios.fr\/index.php?rest_route=\/wp\/v2\/posts\/49483\/revisions\/51691"}],"wp:attachment":[{"href":"https:\/\/geraldbaios.fr\/index.php?rest_route=%2Fwp%2Fv2%2Fmedia&parent=49483"}],"wp:term":[{"taxonomy":"category","embeddable":true,"href":"https:\/\/geraldbaios.fr\/index.php?rest_route=%2Fwp%2Fv2%2Fcategories&post=49483"},{"taxonomy":"post_tag","embeddable":true,"href":"https:\/\/geraldbaios.fr\/index.php?rest_route=%2Fwp%2Fv2%2Ftags&post=49483"}],"curies":[{"name":"wp","href":"https:\/\/api.w.org\/{rel}","templated":true}]}}