{"id":50379,"date":"2025-10-26T17:40:26","date_gmt":"2025-10-26T15:40:26","guid":{"rendered":"https:\/\/geraldbaios.fr\/?p=50379"},"modified":"2026-03-18T19:26:11","modified_gmt":"2026-03-18T17:26:11","slug":"b-4","status":"publish","type":"post","link":"https:\/\/geraldbaios.fr\/?p=50379","title":{"rendered":"Ba\u00efonnette mod\u00e8le 1903"},"content":{"rendered":"<p><strong><img loading=\"lazy\" decoding=\"async\" class=\"aligncenter wp-image-50381 \" src=\"https:\/\/geraldbaios.fr\/wp-content\/uploads\/2025\/10\/2-1-e1761493352199.jpg\" alt=\"\" width=\"749\" height=\"318\" srcset=\"https:\/\/geraldbaios.fr\/wp-content\/uploads\/2025\/10\/2-1-e1761493352199.jpg 596w, https:\/\/geraldbaios.fr\/wp-content\/uploads\/2025\/10\/2-1-e1761493352199-300x127.jpg 300w\" sizes=\"auto, (max-width: 749px) 100vw, 749px\" \/><\/strong><\/p>\n<p><strong>Longueur :<\/strong>\u00a0360 mm<br \/>\n<strong>\u00f8<\/strong>\u00a0<strong>interne de la douille :<\/strong> 14 mm<\/p>\n<p><img loading=\"lazy\" decoding=\"async\" class=\"aligncenter wp-image-50441\" src=\"https:\/\/geraldbaios.fr\/wp-content\/uploads\/2025\/10\/1903-14.webp\" alt=\"\" width=\"501\" height=\"175\" srcset=\"https:\/\/geraldbaios.fr\/wp-content\/uploads\/2025\/10\/1903-14.webp 864w, https:\/\/geraldbaios.fr\/wp-content\/uploads\/2025\/10\/1903-14-300x105.webp 300w, https:\/\/geraldbaios.fr\/wp-content\/uploads\/2025\/10\/1903-14-768x268.webp 768w\" sizes=\"auto, (max-width: 501px) 100vw, 501px\" \/><\/p>\n<p><strong>Armement : <\/strong>Le fusil Mannlicher-Sch\u00f6nauer fut l&rsquo;arme l\u00e9g\u00e8re principale de l&rsquo;arm\u00e9e grecque pendant certaines des ann\u00e9es les plus actives de son histoire moderne. La Gr\u00e8ce fut presque continuellement en \u00e9tat de guerre entre 1904-1922 et 1940-1948. Il semble que les Grecs aient pass\u00e9 quatre contrats principaux. Le Y1903 original, fabriqu\u00e9 par Steyr (\u00ab Y \u00bb signifie \u00ab mod\u00e8le \u00bb en grec), commen\u00e7a \u00e0 \u00eatre livr\u00e9 en 1906-1907, pour un total d&rsquo;environ 130 000 fusils longs et carabines. Ce fut l&rsquo;arme principale pendant les guerres balkaniques victorieuses de 1912-1913. Un deuxi\u00e8me lot de 50 000 fusils fut command\u00e9 \u00e0 Steyr en 1914, le mod\u00e8le Y1903\/14, pr\u00e9sentant des am\u00e9liorations mineures, notamment l&rsquo;ajout d&rsquo;un garde-main complet. Ces fusils furent utilis\u00e9s pour la premi\u00e8re fois pendant la Premi\u00e8re Guerre mondiale. Lorsque la guerre \u00e9clata, les Autrichiens cess\u00e8rent leurs livraisons, la Gr\u00e8ce choisissant de rester neutre pendant les trois premi\u00e8res ann\u00e9es. A cette \u00e9poque, la Gr\u00e8ce poss\u00e9dait entre 166 000 et 190 069 fusils et carabines Mannlicher-Sch\u00f6nauer.<\/p>\n<p><strong>Valeur :<\/strong> \u20ac\u20ac\u20ac \u00a0\u20ac\u20ac\u20ac<strong><br \/>\n<\/strong><strong>Raret\u00e9 :\u00a0<a href=\"https:\/\/geraldbaios.fr\/wp-content\/uploads\/2015\/02\/che1valier.gif\"><img loading=\"lazy\" decoding=\"async\" class=\" size-full wp-image-294 alignnone\" src=\"https:\/\/geraldbaios.fr\/wp-content\/uploads\/2015\/02\/che1valier.gif\" alt=\"che1valier\" width=\"40\" height=\"30\" \/><\/a><a href=\"https:\/\/geraldbaios.fr\/wp-content\/uploads\/2015\/02\/che1valier.gif\"><img loading=\"lazy\" decoding=\"async\" class=\" size-full wp-image-294 alignnone\" src=\"https:\/\/geraldbaios.fr\/wp-content\/uploads\/2015\/02\/che1valier.gif\" alt=\"che1valier\" width=\"40\" height=\"30\" \/><\/a><a href=\"https:\/\/geraldbaios.fr\/wp-content\/uploads\/2015\/02\/che1valier.gif\"><img loading=\"lazy\" decoding=\"async\" class=\" size-full wp-image-294 alignnone\" src=\"https:\/\/geraldbaios.fr\/wp-content\/uploads\/2015\/02\/che1valier.gif\" alt=\"che1valier\" width=\"40\" height=\"30\" \/><\/a><a href=\"https:\/\/geraldbaios.fr\/wp-content\/uploads\/2015\/02\/che1valier.gif\"><img loading=\"lazy\" decoding=\"async\" class=\" size-full wp-image-294 alignnone\" src=\"https:\/\/geraldbaios.fr\/wp-content\/uploads\/2015\/02\/che1valier.gif\" alt=\"che1valier\" width=\"40\" height=\"30\" \/><\/a><a href=\"https:\/\/geraldbaios.fr\/wp-content\/uploads\/2015\/02\/che1valier.gif\"><img loading=\"lazy\" decoding=\"async\" class=\" size-full wp-image-294 alignnone\" src=\"https:\/\/geraldbaios.fr\/wp-content\/uploads\/2015\/02\/che1valier.gif\" alt=\"che1valier\" width=\"40\" height=\"30\" \/><\/a><a href=\"https:\/\/geraldbaios.fr\/wp-content\/uploads\/2015\/02\/che1valier.gif\"><img loading=\"lazy\" decoding=\"async\" class=\" size-full wp-image-294 alignnone\" src=\"https:\/\/geraldbaios.fr\/wp-content\/uploads\/2015\/02\/che1valier.gif\" alt=\"che1valier\" width=\"40\" height=\"30\" \/><br \/>\n<\/a><\/strong><strong><br \/>\n<\/strong>A partir de 1906 jusqu\u2019en 1914 le Royaume de Gr\u00e8ce a import\u00e9 des fusils mod\u00e8le Mannlicher M-1895 rebaptis\u00e9s (<strong>Mannlicher Sch\u00f6nauer Y mod\u00e8le 1903<\/strong>). Les rares ba\u00efonnettes de ces carabines, toutes de fabrication autrichienne\u00a0<strong>OEWG<\/strong>, (150 000 exemplaires), portent le poin\u00e7on grec de Saint Georges sur le pommeau, et la lettre G sur la lame. En dehors de la <strong>croisi\u00e8re sp\u00e9cifique<\/strong> et de ces marquages distinctifs, elles sont en tous points identiques au M-1895 austro-hongrois.<\/p>\n<p>Beaucoup de ba\u00efonnettes grecques ont \u00e9t\u00e9 retravaill\u00e9es en Bulgarie apr\u00e8s avril 1941.<\/p>\n<p style=\"text-align: center;\"><img loading=\"lazy\" decoding=\"async\" class=\"aligncenter wp-image-50486\" src=\"https:\/\/geraldbaios.fr\/wp-content\/uploads\/2025\/10\/IMG_7574.jpeg\" alt=\"\" width=\"599\" height=\"236\" srcset=\"https:\/\/geraldbaios.fr\/wp-content\/uploads\/2025\/10\/IMG_7574.jpeg 640w, https:\/\/geraldbaios.fr\/wp-content\/uploads\/2025\/10\/IMG_7574-300x118.jpeg 300w\" sizes=\"auto, (max-width: 599px) 100vw, 599px\" \/> <img loading=\"lazy\" decoding=\"async\" class=\"aligncenter wp-image-50487\" src=\"https:\/\/geraldbaios.fr\/wp-content\/uploads\/2025\/10\/IMG_7575.jpeg\" alt=\"\" width=\"402\" height=\"172\" srcset=\"https:\/\/geraldbaios.fr\/wp-content\/uploads\/2025\/10\/IMG_7575.jpeg 640w, https:\/\/geraldbaios.fr\/wp-content\/uploads\/2025\/10\/IMG_7575-300x128.jpeg 300w\" sizes=\"auto, (max-width: 402px) 100vw, 402px\" \/><strong>Croisi\u00e8re remplac\u00e9e<\/strong><\/p>\n<p style=\"text-align: center;\"><img loading=\"lazy\" decoding=\"async\" class=\"aligncenter wp-image-47476\" src=\"https:\/\/geraldbaios.fr\/wp-content\/uploads\/2022\/03\/post-69449-0-81117200-1430054348_thumb.jpg\" sizes=\"auto, (max-width: 399px) 100vw, 399px\" srcset=\"https:\/\/geraldbaios.fr\/wp-content\/uploads\/2022\/03\/post-69449-0-81117200-1430054348_thumb.jpg 708w, https:\/\/geraldbaios.fr\/wp-content\/uploads\/2022\/03\/post-69449-0-81117200-1430054348_thumb-300x99.jpg 300w\" alt=\"\" width=\"399\" height=\"132\" \/><strong>Croisi\u00e8re d\u2019origine grecque<\/strong><\/p>\n<p>Cette ba\u00efonnette (\u00e0 ne surtout pas confondre) a la particularit\u00e9 d\u2019avoir \u00e9t\u00e9 utilis\u00e9e par le <strong>Royaume de Gr\u00e8ce <\/strong>avec un fusil Mannlicher Sch\u00f6nauer Y M-1903. Apr\u00e8s l\u2019invasion de la Gr\u00e8ce par les troupes de l\u2019axe, elle fut r\u00e9cup\u00e9r\u00e9e et la croisi\u00e8re remplac\u00e9e afin de s\u2019adapter \u00e0 la carabine Mannlicher M-1895\/30.<\/p>\n<p style=\"text-align: center;\"><strong><img loading=\"lazy\" decoding=\"async\" class=\"aligncenter wp-image-50435\" src=\"https:\/\/geraldbaios.fr\/wp-content\/uploads\/2025\/10\/10-1-e1761679785386.jpg\" alt=\"\" width=\"400\" height=\"257\" srcset=\"https:\/\/geraldbaios.fr\/wp-content\/uploads\/2025\/10\/10-1-e1761679785386.jpg 547w, https:\/\/geraldbaios.fr\/wp-content\/uploads\/2025\/10\/10-1-e1761679785386-300x193.jpg 300w\" sizes=\"auto, (max-width: 400px) 100vw, 400px\" \/><\/strong><strong><img loading=\"lazy\" decoding=\"async\" class=\"aligncenter wp-image-50431\" src=\"https:\/\/geraldbaios.fr\/wp-content\/uploads\/2025\/10\/13-e1761679194295.jpg\" alt=\"\" width=\"399\" height=\"143\" srcset=\"https:\/\/geraldbaios.fr\/wp-content\/uploads\/2025\/10\/13-e1761679194295.jpg 562w, https:\/\/geraldbaios.fr\/wp-content\/uploads\/2025\/10\/13-e1761679194295-300x107.jpg 300w\" sizes=\"auto, (max-width: 399px) 100vw, 399px\" \/><\/strong><strong><img loading=\"lazy\" decoding=\"async\" class=\"aligncenter wp-image-50437\" src=\"https:\/\/geraldbaios.fr\/wp-content\/uploads\/2025\/10\/12-2-e1761679989155.jpg\" alt=\"\" width=\"401\" height=\"305\" srcset=\"https:\/\/geraldbaios.fr\/wp-content\/uploads\/2025\/10\/12-2-e1761679989155.jpg 531w, https:\/\/geraldbaios.fr\/wp-content\/uploads\/2025\/10\/12-2-e1761679989155-300x228.jpg 300w\" sizes=\"auto, (max-width: 401px) 100vw, 401px\" \/><\/strong><strong><img loading=\"lazy\" decoding=\"async\" class=\"aligncenter wp-image-50432\" src=\"https:\/\/geraldbaios.fr\/wp-content\/uploads\/2025\/10\/14-e1761679334729.jpg\" alt=\"\" width=\"253\" height=\"374\" srcset=\"https:\/\/geraldbaios.fr\/wp-content\/uploads\/2025\/10\/14-e1761679334729.jpg 259w, https:\/\/geraldbaios.fr\/wp-content\/uploads\/2025\/10\/14-e1761679334729-203x300.jpg 203w\" sizes=\"auto, (max-width: 253px) 100vw, 253px\" \/><\/strong><strong>La croisi\u00e8re du fait de la hauteur de la bague est sp\u00e9cifique \u00e0 cette variante<\/strong><img loading=\"lazy\" decoding=\"async\" class=\"aligncenter wp-image-50426\" src=\"https:\/\/geraldbaios.fr\/wp-content\/uploads\/2025\/10\/8.jpg\" alt=\"\" width=\"301\" height=\"226\" srcset=\"https:\/\/geraldbaios.fr\/wp-content\/uploads\/2025\/10\/8.jpg 640w, https:\/\/geraldbaios.fr\/wp-content\/uploads\/2025\/10\/8-300x225.jpg 300w\" sizes=\"auto, (max-width: 301px) 100vw, 301px\" \/><strong>N\u00b0 \u00e0 quatre chiffres suivi d&rsquo;une lettre grecque (Beta)<\/strong><strong><img loading=\"lazy\" decoding=\"async\" class=\"aligncenter wp-image-50427\" src=\"https:\/\/geraldbaios.fr\/wp-content\/uploads\/2025\/10\/9-e1761679581816.jpg\" alt=\"\" width=\"304\" height=\"206\" srcset=\"https:\/\/geraldbaios.fr\/wp-content\/uploads\/2025\/10\/9-e1761679581816.jpg 551w, https:\/\/geraldbaios.fr\/wp-content\/uploads\/2025\/10\/9-e1761679581816-300x203.jpg 300w\" sizes=\"auto, (max-width: 304px) 100vw, 304px\" \/><\/strong><\/p>\n<p><strong>La poign\u00e9e <\/strong>est identique \u00e0 la <a href=\"https:\/\/geraldbaios.fr\/?p=4721\">ba\u00efonnette M-1895 (standard)<\/a> sauf la croisi\u00e8re qui est sp\u00e9cifique \u00e0 cette variante. S<span dir=\"auto\">ur le pommeau, on distingue la figure de saint Georges terrassant un dragon. Saint Georges est l&rsquo;un des saints les plus v\u00e9n\u00e9r\u00e9s des \u00e9glises grecque orthodoxe et orthodoxe orientale, et le saint patron de la Gr\u00e8ce.<\/span><\/p>\n<p style=\"text-align: center;\"><img loading=\"lazy\" decoding=\"async\" class=\"aligncenter wp-image-50425\" src=\"https:\/\/geraldbaios.fr\/wp-content\/uploads\/2025\/10\/7.jpg\" alt=\"\" width=\"300\" height=\"225\" srcset=\"https:\/\/geraldbaios.fr\/wp-content\/uploads\/2025\/10\/7.jpg 640w, https:\/\/geraldbaios.fr\/wp-content\/uploads\/2025\/10\/7-300x225.jpg 300w\" sizes=\"auto, (max-width: 300px) 100vw, 300px\" \/><strong>Lettre G<\/strong><\/p>\n<p><span class=\"notranslate\"><strong>La lame<\/strong>\u00a0comporte une <a class=\"row-title\" href=\"https:\/\/geraldbaios.fr\/?p=14681\" aria-label=\"\u00ab\u00a0goutti\u00e8re\u00a0\u00bb (Modifier)\">goutti\u00e8re<\/a> sur chaque face dont les extr\u00e9mit\u00e9s sont de forme carr\u00e9e (de type M-1888),\u00a0<\/span><\/p>\n<p style=\"text-align: center;\"><strong><img loading=\"lazy\" decoding=\"async\" class=\"aligncenter wp-image-50433\" src=\"https:\/\/geraldbaios.fr\/wp-content\/uploads\/2025\/10\/15-1-e1761679646110.jpg\" alt=\"\" width=\"250\" height=\"424\" srcset=\"https:\/\/geraldbaios.fr\/wp-content\/uploads\/2025\/10\/15-1-e1761679646110.jpg 283w, https:\/\/geraldbaios.fr\/wp-content\/uploads\/2025\/10\/15-1-e1761679646110-177x300.jpg 177w\" sizes=\"auto, (max-width: 250px) 100vw, 250px\" \/><\/strong><\/p>\n<p style=\"text-align: left;\"><strong>Le fourreau<\/strong> utilis\u00e9 pour cette variante a \u00e9t\u00e9 fabriqu\u00e9 \u00e0 Manufacture d\u2019armes autrichienne de la ville de\u00a0<a href=\"https:\/\/fr.wikipedia.org\/wiki\/Steyr_(entreprise)\">Steyr<\/a>\u00a0(<a href=\"https:\/\/translate.google.fr\/translate?hl=fr&amp;sl=en&amp;u=https:\/\/en.wikipedia.org\/wiki\/Steyr_Mannlicher&amp;prev=search\">OEWG<\/a>).<\/p>\n<p style=\"text-align: left;\"><strong>Remarques perso :<br \/>\n<\/strong>Merci \u00e0 Ludovic pour les photos car je ne poss\u00e8de pas ce tr\u00e8s rare mod\u00e8le. H\u00e9las \u2026<\/p>\n<p><strong><span style=\"color: #000000;\">Avis personnel sur\u00a0<span style=\"caret-color: #000000;\">l&rsquo;attrait de ce mod\u00e8le<\/span>\u00a0:<\/span><\/strong><span style=\"color: #000000;\"><br \/>\n<\/span>Tr\u00e8s rare mod\u00e8le indispensable dans une collection.<\/p>\n<p>Le 31\/10\/25<\/p>\n","protected":false},"excerpt":{"rendered":"<p>Longueur :\u00a0360 mm \u00f8\u00a0interne de la douille : 14 mm Armement : Le fusil Mannlicher-Sch\u00f6nauer fut l&rsquo;arme l\u00e9g\u00e8re principale de l&rsquo;arm\u00e9e grecque pendant certaines des ann\u00e9es les plus actives de son histoire moderne. La Gr\u00e8ce fut presque continuellement en \u00e9tat de guerre entre 1904-1922 et 1940-1948. Il semble que les Grecs aient pass\u00e9 quatre contrats [&hellip;]<\/p>\n","protected":false},"author":1,"featured_media":0,"comment_status":"open","ping_status":"closed","sticky":false,"template":"","format":"standard","meta":{"footnotes":""},"categories":[152],"tags":[],"class_list":["post-50379","post","type-post","status-publish","format-standard","hentry","category-zzz-sans-n-du-nouvel-abc"],"_links":{"self":[{"href":"https:\/\/geraldbaios.fr\/index.php?rest_route=\/wp\/v2\/posts\/50379","targetHints":{"allow":["GET"]}}],"collection":[{"href":"https:\/\/geraldbaios.fr\/index.php?rest_route=\/wp\/v2\/posts"}],"about":[{"href":"https:\/\/geraldbaios.fr\/index.php?rest_route=\/wp\/v2\/types\/post"}],"author":[{"embeddable":true,"href":"https:\/\/geraldbaios.fr\/index.php?rest_route=\/wp\/v2\/users\/1"}],"replies":[{"embeddable":true,"href":"https:\/\/geraldbaios.fr\/index.php?rest_route=%2Fwp%2Fv2%2Fcomments&post=50379"}],"version-history":[{"count":44,"href":"https:\/\/geraldbaios.fr\/index.php?rest_route=\/wp\/v2\/posts\/50379\/revisions"}],"predecessor-version":[{"id":50513,"href":"https:\/\/geraldbaios.fr\/index.php?rest_route=\/wp\/v2\/posts\/50379\/revisions\/50513"}],"wp:attachment":[{"href":"https:\/\/geraldbaios.fr\/index.php?rest_route=%2Fwp%2Fv2%2Fmedia&parent=50379"}],"wp:term":[{"taxonomy":"category","embeddable":true,"href":"https:\/\/geraldbaios.fr\/index.php?rest_route=%2Fwp%2Fv2%2Fcategories&post=50379"},{"taxonomy":"post_tag","embeddable":true,"href":"https:\/\/geraldbaios.fr\/index.php?rest_route=%2Fwp%2Fv2%2Ftags&post=50379"}],"curies":[{"name":"wp","href":"https:\/\/api.w.org\/{rel}","templated":true}]}}