{"id":5211,"date":"2022-07-29T00:11:15","date_gmt":"2022-07-28T22:11:15","guid":{"rendered":"http:\/\/geraldbaios.fr\/?p=5211"},"modified":"2024-05-14T14:44:16","modified_gmt":"2024-05-14T12:44:16","slug":"suisse-france","status":"publish","type":"post","link":"https:\/\/geraldbaios.fr\/?p=5211","title":{"rendered":"Ba\u00efonnette-poignard SIG 530-540 \u00ab\u00a0N 74\u00a0\u00bb"},"content":{"rendered":"<h6 style=\"text-align: center;\"><img loading=\"lazy\" decoding=\"async\" class=\"aligncenter wp-image-47883\" src=\"https:\/\/geraldbaios.fr\/wp-content\/uploads\/2022\/07\/SIG530-002-1024x813.jpg\" alt=\"\" width=\"751\" height=\"596\" srcset=\"https:\/\/geraldbaios.fr\/wp-content\/uploads\/2022\/07\/SIG530-002-1024x813.jpg 1024w, https:\/\/geraldbaios.fr\/wp-content\/uploads\/2022\/07\/SIG530-002-300x238.jpg 300w, https:\/\/geraldbaios.fr\/wp-content\/uploads\/2022\/07\/SIG530-002-768x610.jpg 768w, https:\/\/geraldbaios.fr\/wp-content\/uploads\/2022\/07\/SIG530-002-1536x1220.jpg 1536w, https:\/\/geraldbaios.fr\/wp-content\/uploads\/2022\/07\/SIG530-002-2048x1626.jpg 2048w\" sizes=\"auto, (max-width: 751px) 100vw, 751px\" \/><\/h6>\n<p style=\"text-align: left;\"><strong>Longueur :<\/strong>\u00a0277 mm<br \/>\n<strong>\u00f8<\/strong>\u00a0<strong>interne de la douille\u00a0:<\/strong>\u00a0<a href=\"https:\/\/geraldbaios.fr\/?p=15450\">22 mm<\/a><br \/>\n<strong>Poids :<\/strong> 210 g<\/p>\n<p><span style=\"line-height: 1.5;\"><strong>Armement :<\/strong>\u00a0fusil\u00a0<a href=\"https:\/\/fr.wikipedia.org\/wiki\/SIG-Manurhin_SG-540\/542\/543\">SIG SG-540<\/a><a title=\"SIG SG 540\" href=\"https:\/\/translate.googleusercontent.com\/translate_c?depth=1&amp;hl=fr&amp;prev=search&amp;rurl=translate.google.fr&amp;sl=en&amp;sp=nmt4&amp;u=https:\/\/en.wikipedia.org\/wiki\/SIG_SG_540&amp;usg=ALkJrhjz1M-sZTFQqbPrKoZPM0vNn_t3Tg\"><br \/>\n<\/a><\/span><strong>Fixation : <\/strong>la\u00a0poign\u00e9e entoure le cache-flamme du canon<\/p>\n<p style=\"text-align: left;\"><strong>Valeur :\u00a0<\/strong>\u20ac\u20ac<strong><br \/>\nRaret\u00e9 :<\/strong>\u00a0<strong><a href=\"https:\/\/geraldbaios.fr\/wp-content\/uploads\/2015\/02\/che1valier.gif\"><img loading=\"lazy\" decoding=\"async\" class=\" size-full wp-image-294 alignnone\" src=\"https:\/\/geraldbaios.fr\/wp-content\/uploads\/2015\/02\/che1valier.gif\" alt=\"che1valier\" width=\"40\" height=\"30\" \/><\/a><\/strong><strong><a href=\"https:\/\/geraldbaios.fr\/wp-content\/uploads\/2015\/02\/che1valier.gif\"><img loading=\"lazy\" decoding=\"async\" class=\" size-full wp-image-294 alignnone\" src=\"https:\/\/geraldbaios.fr\/wp-content\/uploads\/2015\/02\/che1valier.gif\" alt=\"che1valier\" width=\"40\" height=\"30\" \/><\/a><\/strong><strong><a href=\"https:\/\/geraldbaios.fr\/wp-content\/uploads\/2015\/02\/che1valier.gif\"><img loading=\"lazy\" decoding=\"async\" class=\" size-full wp-image-294 alignnone\" src=\"https:\/\/geraldbaios.fr\/wp-content\/uploads\/2015\/02\/che1valier.gif\" alt=\"che1valier\" width=\"40\" height=\"30\" \/><\/a><\/strong><strong><a href=\"https:\/\/geraldbaios.fr\/wp-content\/uploads\/2015\/02\/che1valier.gif\"><img loading=\"lazy\" decoding=\"async\" class=\" size-full wp-image-294 alignnone\" src=\"https:\/\/geraldbaios.fr\/wp-content\/uploads\/2015\/02\/che1valier.gif\" alt=\"che1valier\" width=\"40\" height=\"30\" \/><br \/>\n<\/a><\/strong><strong><br \/>\n<\/strong><span class=\"notranslate\">Ce poignard-ba\u00efonnette tubulaire a \u00e9t\u00e9 con\u00e7u<\/span>\u00a0et fabriqu\u00e9 en Suisse, mais aussi produit de 1978 \u00e0 1988 sous licence, par la <em>Manufacture de machines du Haut-Rhin<\/em> <a href=\"https:\/\/fr.wikipedia.org\/wiki\/Manurhin\">(MANURHIN),<\/a> en France. Il \u00e9tait destin\u00e9 \u00e0 \u00eatre utilis\u00e9 avec les fusils d&rsquo;assaut <em>Schweizerische Industrie-Gesellschaft<\/em> (SIG) 530, 540 et 542.<\/p>\n<div id=\"text\">\n<p><span class=\"notranslate\">Il fut bri\u00e8vement utilis\u00e9 par certaines troupes fran\u00e7aises de la FINUL\u00a0dans les ann\u00e9es 1980, avec les s\u00e9ries de fusils d&rsquo;assaut SIG M-530 \u00e0 M-542, par manque de fusils d\u2019assaut fran\u00e7ais avant l\u2019adoption du <a title=\"FAMAS\" href=\"https:\/\/fr.wikipedia.org\/wiki\/FAMAS\">FAMAS<\/a><\/span>. Compar\u00e9 \u00e0 un poignard-ba\u00efonnette con\u00e7u ou produit \u00e0 la m\u00eame \u00e9poque, son\u00a0co\u00fbt de fabrication est peu on\u00e9reux, il est tr\u00e8s l\u00e9ger, et tr\u00e8s r\u00e9sistant aux intemp\u00e9ries.<\/p>\n<p style=\"text-align: center;\"><img loading=\"lazy\" decoding=\"async\" class=\"aligncenter wp-image-39170\" src=\"https:\/\/geraldbaios.fr\/wp-content\/uploads\/2016\/01\/SIG-\u00b0\u00b0\u00b0\u00b0\u00b0.1jpg-1024x907.jpg\" alt=\"\" width=\"500\" height=\"443\" srcset=\"https:\/\/geraldbaios.fr\/wp-content\/uploads\/2016\/01\/SIG-\u00b0\u00b0\u00b0\u00b0\u00b0.1jpg-1024x907.jpg 1024w, https:\/\/geraldbaios.fr\/wp-content\/uploads\/2016\/01\/SIG-\u00b0\u00b0\u00b0\u00b0\u00b0.1jpg-300x266.jpg 300w, https:\/\/geraldbaios.fr\/wp-content\/uploads\/2016\/01\/SIG-\u00b0\u00b0\u00b0\u00b0\u00b0.1jpg-768x680.jpg 768w, https:\/\/geraldbaios.fr\/wp-content\/uploads\/2016\/01\/SIG-\u00b0\u00b0\u00b0\u00b0\u00b0.1jpg-1536x1361.jpg 1536w, https:\/\/geraldbaios.fr\/wp-content\/uploads\/2016\/01\/SIG-\u00b0\u00b0\u00b0\u00b0\u00b0.1jpg-2048x1814.jpg 2048w\" sizes=\"auto, (max-width: 500px) 100vw, 500px\" \/><strong>En haut mod\u00e8le de fabrication suisse, en bas fran\u00e7aise<\/strong><img loading=\"lazy\" decoding=\"async\" class=\"aligncenter  wp-image-47885\" src=\"https:\/\/geraldbaios.fr\/wp-content\/uploads\/2022\/07\/SIG530-005-1024x671.jpg\" alt=\"\" width=\"501\" height=\"328\" srcset=\"https:\/\/geraldbaios.fr\/wp-content\/uploads\/2022\/07\/SIG530-005-1024x671.jpg 1024w, https:\/\/geraldbaios.fr\/wp-content\/uploads\/2022\/07\/SIG530-005-300x197.jpg 300w, https:\/\/geraldbaios.fr\/wp-content\/uploads\/2022\/07\/SIG530-005-768x503.jpg 768w, https:\/\/geraldbaios.fr\/wp-content\/uploads\/2022\/07\/SIG530-005-1536x1006.jpg 1536w, https:\/\/geraldbaios.fr\/wp-content\/uploads\/2022\/07\/SIG530-005-2048x1342.jpg 2048w\" sizes=\"auto, (max-width: 501px) 100vw, 501px\" \/><strong>Sur la variante fran\u00e7aise, le pommeau peut \u00eatre peint ou phosphat\u00e9<\/strong><img loading=\"lazy\" decoding=\"async\" class=\"aligncenter  wp-image-47887\" src=\"https:\/\/geraldbaios.fr\/wp-content\/uploads\/2022\/07\/SIG530-003-716x1024.jpg\" alt=\"\" width=\"300\" height=\"429\" srcset=\"https:\/\/geraldbaios.fr\/wp-content\/uploads\/2022\/07\/SIG530-003-716x1024.jpg 716w, https:\/\/geraldbaios.fr\/wp-content\/uploads\/2022\/07\/SIG530-003-210x300.jpg 210w, https:\/\/geraldbaios.fr\/wp-content\/uploads\/2022\/07\/SIG530-003-768x1099.jpg 768w, https:\/\/geraldbaios.fr\/wp-content\/uploads\/2022\/07\/SIG530-003-1074x1536.jpg 1074w, https:\/\/geraldbaios.fr\/wp-content\/uploads\/2022\/07\/SIG530-003-1432x2048.jpg 1432w, https:\/\/geraldbaios.fr\/wp-content\/uploads\/2022\/07\/SIG530-003.jpg 1647w\" sizes=\"auto, (max-width: 300px) 100vw, 300px\" \/><strong>Garde<\/strong><img loading=\"lazy\" decoding=\"async\" class=\"aligncenter  wp-image-47886\" src=\"https:\/\/geraldbaios.fr\/wp-content\/uploads\/2022\/07\/SIG530-004-1002x1024.jpg\" alt=\"\" width=\"300\" height=\"307\" srcset=\"https:\/\/geraldbaios.fr\/wp-content\/uploads\/2022\/07\/SIG530-004-1002x1024.jpg 1002w, https:\/\/geraldbaios.fr\/wp-content\/uploads\/2022\/07\/SIG530-004-294x300.jpg 294w, https:\/\/geraldbaios.fr\/wp-content\/uploads\/2022\/07\/SIG530-004-768x785.jpg 768w, https:\/\/geraldbaios.fr\/wp-content\/uploads\/2022\/07\/SIG530-004-1503x1536.jpg 1503w, https:\/\/geraldbaios.fr\/wp-content\/uploads\/2022\/07\/SIG530-004.jpg 1914w\" sizes=\"auto, (max-width: 300px) 100vw, 300px\" \/><strong>Goupille<\/strong><\/p>\n<p><strong>La poign\u00e9e<\/strong>\u00a0tubulaire lors de la mise en place de la ba\u00efonnette int\u00e8gre l&rsquo;extr\u00e9mit\u00e9 du canon de l&rsquo;arme. Contrairement au mod\u00e8le belge\u00a0<a class=\"row-title\" href=\"https:\/\/geraldbaios.fr\/?p=23\" aria-label=\"\u00ab\u00a0Ba\u00efonnette FAL tubulaire (type C)\u00a0\u00bb (Modifier)\">FAL (type C)<\/a>, elle est recouverte d&rsquo;un manchon en plastique de couleur verte. Afin d&rsquo;en am\u00e9liorer sa pr\u00e9hension,\u00a0lors d&rsquo;une \u00e9ventuelle utilisation comme poignard de combat, neuf rainures et une garde sont r\u00e9alis\u00e9es lors de la mise en place par moulage du manchon sur la poign\u00e9e. L&rsquo;ensemble poign\u00e9e et lame sont forg\u00e9es d&rsquo;une seule pi\u00e8ce. Le syst\u00e8me de verrouillage qui ne comporte qu&rsquo;une oreille rainur\u00e9e, est maintenu \u00e0 la poign\u00e9e par une tr\u00e8s petite goupille, son rappel s&rsquo;effectue gr\u00e2ce \u00e0 un ressort \u00e0 lame.<\/p>\n<p><img loading=\"lazy\" decoding=\"async\" class=\"aligncenter  wp-image-47888\" src=\"https:\/\/geraldbaios.fr\/wp-content\/uploads\/2022\/07\/SIG530-006-1024x421.jpg\" alt=\"\" width=\"600\" height=\"247\" srcset=\"https:\/\/geraldbaios.fr\/wp-content\/uploads\/2022\/07\/SIG530-006-1024x421.jpg 1024w, https:\/\/geraldbaios.fr\/wp-content\/uploads\/2022\/07\/SIG530-006-300x123.jpg 300w, https:\/\/geraldbaios.fr\/wp-content\/uploads\/2022\/07\/SIG530-006-768x316.jpg 768w, https:\/\/geraldbaios.fr\/wp-content\/uploads\/2022\/07\/SIG530-006-1536x631.jpg 1536w, https:\/\/geraldbaios.fr\/wp-content\/uploads\/2022\/07\/SIG530-006-2048x841.jpg 2048w\" sizes=\"auto, (max-width: 600px) 100vw, 600px\" \/><\/p>\n<p><strong>La lame<\/strong> au profil semi-circulaire, plate sur le dessus et arrondie au-dessous ne lui permet pas d&rsquo;\u00eatre utilis\u00e9e efficacement comme poignard-outil (pas de tranchant).<\/p>\n<p style=\"text-align: center;\"><img loading=\"lazy\" decoding=\"async\" class=\"aligncenter wp-image-39171\" src=\"https:\/\/geraldbaios.fr\/wp-content\/uploads\/2016\/01\/SIG-\u00b0\u00b0\u00b0\u00b0\u00b0.2-1024x467.jpg\" alt=\"\" width=\"600\" height=\"274\" srcset=\"https:\/\/geraldbaios.fr\/wp-content\/uploads\/2016\/01\/SIG-\u00b0\u00b0\u00b0\u00b0\u00b0.2-1024x467.jpg 1024w, https:\/\/geraldbaios.fr\/wp-content\/uploads\/2016\/01\/SIG-\u00b0\u00b0\u00b0\u00b0\u00b0.2-300x137.jpg 300w, https:\/\/geraldbaios.fr\/wp-content\/uploads\/2016\/01\/SIG-\u00b0\u00b0\u00b0\u00b0\u00b0.2-768x350.jpg 768w, https:\/\/geraldbaios.fr\/wp-content\/uploads\/2016\/01\/SIG-\u00b0\u00b0\u00b0\u00b0\u00b0.2-1536x700.jpg 1536w, https:\/\/geraldbaios.fr\/wp-content\/uploads\/2016\/01\/SIG-\u00b0\u00b0\u00b0\u00b0\u00b0.2-2048x933.jpg 2048w\" sizes=\"auto, (max-width: 600px) 100vw, 600px\" \/> <img loading=\"lazy\" decoding=\"async\" class=\"aligncenter wp-image-39172\" src=\"https:\/\/geraldbaios.fr\/wp-content\/uploads\/2016\/01\/SIG-\u00b0\u00b0\u00b0\u00b0\u00b0.3-1024x874.jpg\" alt=\"\" width=\"301\" height=\"257\" srcset=\"https:\/\/geraldbaios.fr\/wp-content\/uploads\/2016\/01\/SIG-\u00b0\u00b0\u00b0\u00b0\u00b0.3-1024x874.jpg 1024w, https:\/\/geraldbaios.fr\/wp-content\/uploads\/2016\/01\/SIG-\u00b0\u00b0\u00b0\u00b0\u00b0.3-300x256.jpg 300w, https:\/\/geraldbaios.fr\/wp-content\/uploads\/2016\/01\/SIG-\u00b0\u00b0\u00b0\u00b0\u00b0.3-768x656.jpg 768w, https:\/\/geraldbaios.fr\/wp-content\/uploads\/2016\/01\/SIG-\u00b0\u00b0\u00b0\u00b0\u00b0.3-1536x1311.jpg 1536w, https:\/\/geraldbaios.fr\/wp-content\/uploads\/2016\/01\/SIG-\u00b0\u00b0\u00b0\u00b0\u00b0.3-2048x1748.jpg 2048w\" sizes=\"auto, (max-width: 301px) 100vw, 301px\" \/><strong>En haut, fourreau de fabrication suisse, en bas fran\u00e7aise<\/strong><img loading=\"lazy\" decoding=\"async\" class=\"aligncenter wp-image-26410\" src=\"https:\/\/geraldbaios.fr\/wp-content\/uploads\/2016\/01\/SIG-510-03-1024x941.jpg\" alt=\"\" width=\"301\" height=\"277\" srcset=\"https:\/\/geraldbaios.fr\/wp-content\/uploads\/2016\/01\/SIG-510-03-1024x941.jpg 1024w, https:\/\/geraldbaios.fr\/wp-content\/uploads\/2016\/01\/SIG-510-03-300x276.jpg 300w, https:\/\/geraldbaios.fr\/wp-content\/uploads\/2016\/01\/SIG-510-03-768x706.jpg 768w, https:\/\/geraldbaios.fr\/wp-content\/uploads\/2016\/01\/SIG-510-03.jpg 1743w\" sizes=\"auto, (max-width: 301px) 100vw, 301px\" \/><strong>Orifice destin\u00e9 \u00e0 permettre la mise en place du rivet de maintien du ressort<\/strong><\/p>\n<p><strong>Le fourreau <\/strong>qu&rsquo;il soit de fabrication suisse ou fran\u00e7aise est muni d&rsquo;un corps en plastique moul\u00e9 vert, avec un trou \u00e0 l&rsquo;extr\u00e9mit\u00e9 permettant \u00e0 l&rsquo;eau de s&rsquo;\u00e9vacuer. Le ressort \u00e0 lame de maintien de la ba\u00efonnette est fix\u00e9 au corps par un rivet creux. La toile attel\u00e9e d\u00e9munie de double crochet de type US est maintenue \u00e0 l&rsquo;arri\u00e8re du corps par deux gros rivets plats.<\/p>\n<p>Pour le fourreau de fabrication <strong>fran\u00e7aise<\/strong>, les deux rivets plats qui maintiennent correctement la boucle sont identiques aux deux autres. Pour celui de fabrication <strong>suisse<\/strong>, ils sont plus petits, impossible de savoir pour quelle raison.<\/p>\n<p>La sangle utilis\u00e9e pour le maintien de la ba\u00efonnette qui\u00a0se verrouille gr\u00e2ce \u00e0 un bouton pression est\u00a0fix\u00e9e \u00e0 l&rsquo;aide d&rsquo;un gros rivet plat sur la suspension.<\/p>\n<\/div>\n<p><strong><span style=\"color: #000000;\">Avis personnel sur\u00a0<span style=\"caret-color: #000000;\">l&rsquo;attrait de ce mod\u00e8le<\/span>\u00a0:<br \/>\n<\/span><\/strong>Ce mod\u00e8le de conception moderne, pas tr\u00e8s courant, de fabrication Nationale ou non, est indispensable dans une collection.<\/p>\n<p>Le 14\/05\/24.<\/p>\n","protected":false},"excerpt":{"rendered":"<p>Longueur :\u00a0277 mm \u00f8\u00a0interne de la douille\u00a0:\u00a022 mm Poids : 210 g Armement :\u00a0fusil\u00a0SIG SG-540 Fixation : la\u00a0poign\u00e9e entoure le cache-flamme du canon Valeur :\u00a0\u20ac\u20ac Raret\u00e9 :\u00a0 Ce poignard-ba\u00efonnette tubulaire a \u00e9t\u00e9 con\u00e7u\u00a0et fabriqu\u00e9 en Suisse, mais aussi produit de 1978 \u00e0 1988 sous licence, par la Manufacture de machines du Haut-Rhin (MANURHIN), en France. [&hellip;]<\/p>\n","protected":false},"author":1,"featured_media":0,"comment_status":"open","ping_status":"open","sticky":false,"template":"","format":"standard","meta":{"footnotes":""},"categories":[151],"tags":[],"class_list":["post-5211","post","type-post","status-publish","format-standard","hentry","category-liens-n-du-nouvel-abc"],"_links":{"self":[{"href":"https:\/\/geraldbaios.fr\/index.php?rest_route=\/wp\/v2\/posts\/5211","targetHints":{"allow":["GET"]}}],"collection":[{"href":"https:\/\/geraldbaios.fr\/index.php?rest_route=\/wp\/v2\/posts"}],"about":[{"href":"https:\/\/geraldbaios.fr\/index.php?rest_route=\/wp\/v2\/types\/post"}],"author":[{"embeddable":true,"href":"https:\/\/geraldbaios.fr\/index.php?rest_route=\/wp\/v2\/users\/1"}],"replies":[{"embeddable":true,"href":"https:\/\/geraldbaios.fr\/index.php?rest_route=%2Fwp%2Fv2%2Fcomments&post=5211"}],"version-history":[{"count":86,"href":"https:\/\/geraldbaios.fr\/index.php?rest_route=\/wp\/v2\/posts\/5211\/revisions"}],"predecessor-version":[{"id":47889,"href":"https:\/\/geraldbaios.fr\/index.php?rest_route=\/wp\/v2\/posts\/5211\/revisions\/47889"}],"wp:attachment":[{"href":"https:\/\/geraldbaios.fr\/index.php?rest_route=%2Fwp%2Fv2%2Fmedia&parent=5211"}],"wp:term":[{"taxonomy":"category","embeddable":true,"href":"https:\/\/geraldbaios.fr\/index.php?rest_route=%2Fwp%2Fv2%2Fcategories&post=5211"},{"taxonomy":"post_tag","embeddable":true,"href":"https:\/\/geraldbaios.fr\/index.php?rest_route=%2Fwp%2Fv2%2Ftags&post=5211"}],"curies":[{"name":"wp","href":"https:\/\/api.w.org\/{rel}","templated":true}]}}