{"id":5965,"date":"2022-04-02T17:48:08","date_gmt":"2022-04-02T15:48:08","guid":{"rendered":"http:\/\/geraldbaios.fr\/?p=5965"},"modified":"2022-08-07T15:31:06","modified_gmt":"2022-08-07T13:31:06","slug":"4956","status":"publish","type":"post","link":"https:\/\/geraldbaios.fr\/?p=5965","title":{"rendered":"Ba\u00efonnette mod\u00e8le 58 \u00ab\u00a0N 275\u00a0\u00bb"},"content":{"rendered":"<p style=\"text-align: center;\"><img loading=\"lazy\" decoding=\"async\" class=\"aligncenter size-large wp-image-39045\" src=\"https:\/\/geraldbaios.fr\/wp-content\/uploads\/2016\/01\/Mod\u00e8le-58-\u00b0\u00b0\u00b01-1019x1024.jpg\" alt=\"\" width=\"800\" height=\"804\" srcset=\"https:\/\/geraldbaios.fr\/wp-content\/uploads\/2016\/01\/Mod\u00e8le-58-\u00b0\u00b0\u00b01-1019x1024.jpg 1019w, https:\/\/geraldbaios.fr\/wp-content\/uploads\/2016\/01\/Mod\u00e8le-58-\u00b0\u00b0\u00b01-298x300.jpg 298w, https:\/\/geraldbaios.fr\/wp-content\/uploads\/2016\/01\/Mod\u00e8le-58-\u00b0\u00b0\u00b01-150x150.jpg 150w, https:\/\/geraldbaios.fr\/wp-content\/uploads\/2016\/01\/Mod\u00e8le-58-\u00b0\u00b0\u00b01-768x772.jpg 768w, https:\/\/geraldbaios.fr\/wp-content\/uploads\/2016\/01\/Mod\u00e8le-58-\u00b0\u00b0\u00b01-1528x1536.jpg 1528w, https:\/\/geraldbaios.fr\/wp-content\/uploads\/2016\/01\/Mod\u00e8le-58-\u00b0\u00b0\u00b01-2037x2048.jpg 2037w\" sizes=\"auto, (max-width: 800px) 100vw, 800px\" \/><strong>Ba\u00efonnette accompagn\u00e9e d&rsquo;un casque M-51<\/strong><\/p>\n<p><strong>Longueur :<\/strong>\u00a0325 mm<br \/>\n<strong>\u00f8 interne des deux bagues :\u00a0<\/strong><a href=\"https:\/\/geraldbaios.fr\/?p=15450\">22 mm<\/a><br \/>\n<strong>Poids : <\/strong>315 g<\/p>\n<p style=\"text-align: center;\"><img loading=\"lazy\" decoding=\"async\" class=\"aligncenter size-full wp-image-39036\" src=\"https:\/\/geraldbaios.fr\/wp-content\/uploads\/2016\/01\/IMG_0511-Custom.jpg\" alt=\"\" width=\"640\" height=\"480\" srcset=\"https:\/\/geraldbaios.fr\/wp-content\/uploads\/2016\/01\/IMG_0511-Custom.jpg 640w, https:\/\/geraldbaios.fr\/wp-content\/uploads\/2016\/01\/IMG_0511-Custom-300x225.jpg 300w\" sizes=\"auto, (max-width: 640px) 100vw, 640px\" \/><strong>MAS 49\/56<\/strong><\/p>\n<p><strong>Armement :<\/strong> <a title=\"Fusil MAS-49\" href=\"https:\/\/fr.wikipedia.org\/wiki\/MAS_49\">fusil MAS-49\/56 ou <\/a><a title=\"FAMAS\" href=\"https:\/\/fr.wikipedia.org\/wiki\/FAMAS\">FAMAS<\/a><br \/>\n<strong>Fixation : <\/strong>sous le canon<\/p>\n<p><strong>Valeur :<\/strong>\u00a0\u20ac\u20ac<strong><br \/>\nRaret\u00e9 :<\/strong>\u00a0<strong><a href=\"https:\/\/geraldbaios.fr\/wp-content\/uploads\/2015\/02\/che1valier.gif\"><img loading=\"lazy\" decoding=\"async\" class=\" size-full wp-image-294 alignnone\" src=\"https:\/\/geraldbaios.fr\/wp-content\/uploads\/2015\/02\/che1valier.gif\" alt=\"che1valier\" width=\"40\" height=\"30\" \/><\/a><\/strong><strong><a href=\"https:\/\/geraldbaios.fr\/wp-content\/uploads\/2015\/02\/che1valier.gif\"><img loading=\"lazy\" decoding=\"async\" class=\" size-full wp-image-294 alignnone\" src=\"https:\/\/geraldbaios.fr\/wp-content\/uploads\/2015\/02\/che1valier.gif\" alt=\"che1valier\" width=\"40\" height=\"30\" \/><\/a><\/strong><strong><a href=\"https:\/\/geraldbaios.fr\/wp-content\/uploads\/2015\/02\/che1valier.gif\"><img loading=\"lazy\" decoding=\"async\" class=\" size-full wp-image-294 alignnone\" src=\"https:\/\/geraldbaios.fr\/wp-content\/uploads\/2015\/02\/che1valier.gif\" alt=\"che1valier\" width=\"40\" height=\"30\" \/><br \/>\n<\/a><\/strong><strong><br \/>\n<\/strong>Ce mod\u00e8le produit apr\u00e8s 1958, le plus courant mesure environ 20 mm de moins que la premi\u00e8re version. Critiqu\u00e9e suite \u00e0 la faiblesse de la lame \u00e0 la torsion, la premi\u00e8re version fut assez rapidement, remplac\u00e9e par la seconde \u00e0 lame plus courte donc plus rigide.<\/p>\n<p>La mise en fabrication du M-58 a \u00e9t\u00e9 d\u00e9cid\u00e9e en <strong>septembre<\/strong> 1958 avec un d\u00e9lai de plusieurs mois pour la mise en fabrication en manufacture Nationales (MAS et MAT) le M-49\/56 ayant continu\u00e9 \u00e0 \u00eatre fabriqu\u00e9 avec des pi\u00e8ces de stock pendant les premiers mois de l&rsquo;ann\u00e9e 1959 notamment pour les fourreaux qui sont interchangeables pour les deux mod\u00e8les de ba\u00efonnettes.<\/p>\n<p style=\"text-align: center;\"><img loading=\"lazy\" decoding=\"async\" class=\"aligncenter wp-image-39046\" src=\"https:\/\/geraldbaios.fr\/wp-content\/uploads\/2016\/01\/Mod\u00e8le-58-\u00b0\u00b0\u00b02-1024x608.jpg\" alt=\"\" width=\"500\" height=\"297\" srcset=\"https:\/\/geraldbaios.fr\/wp-content\/uploads\/2016\/01\/Mod\u00e8le-58-\u00b0\u00b0\u00b02-1024x608.jpg 1024w, https:\/\/geraldbaios.fr\/wp-content\/uploads\/2016\/01\/Mod\u00e8le-58-\u00b0\u00b0\u00b02-300x178.jpg 300w, https:\/\/geraldbaios.fr\/wp-content\/uploads\/2016\/01\/Mod\u00e8le-58-\u00b0\u00b0\u00b02-768x456.jpg 768w, https:\/\/geraldbaios.fr\/wp-content\/uploads\/2016\/01\/Mod\u00e8le-58-\u00b0\u00b0\u00b02-1536x912.jpg 1536w, https:\/\/geraldbaios.fr\/wp-content\/uploads\/2016\/01\/Mod\u00e8le-58-\u00b0\u00b0\u00b02-2048x1215.jpg 2048w\" sizes=\"auto, (max-width: 500px) 100vw, 500px\" \/><img loading=\"lazy\" decoding=\"async\" class=\"aligncenter wp-image-39047\" src=\"https:\/\/geraldbaios.fr\/wp-content\/uploads\/2016\/01\/Mod\u00e8le-58-\u00b0\u00b0\u00b04-903x1024.jpg\" alt=\"\" width=\"200\" height=\"227\" srcset=\"https:\/\/geraldbaios.fr\/wp-content\/uploads\/2016\/01\/Mod\u00e8le-58-\u00b0\u00b0\u00b04-903x1024.jpg 903w, https:\/\/geraldbaios.fr\/wp-content\/uploads\/2016\/01\/Mod\u00e8le-58-\u00b0\u00b0\u00b04-265x300.jpg 265w, https:\/\/geraldbaios.fr\/wp-content\/uploads\/2016\/01\/Mod\u00e8le-58-\u00b0\u00b0\u00b04-768x870.jpg 768w, https:\/\/geraldbaios.fr\/wp-content\/uploads\/2016\/01\/Mod\u00e8le-58-\u00b0\u00b0\u00b04-1355x1536.jpg 1355w, https:\/\/geraldbaios.fr\/wp-content\/uploads\/2016\/01\/Mod\u00e8le-58-\u00b0\u00b0\u00b04.jpg 1664w\" sizes=\"auto, (max-width: 200px) 100vw, 200px\" \/><strong>Le marquage MAT (Manufacture d&rsquo;arme de Tulle), et F (1960)<\/strong><\/p>\n<p><strong>La poign\u00e9e <\/strong>du M-58 est d&rsquo;aspect identique \u00e0 la premi\u00e8re version M-49\/56 et celle qui l&rsquo;a pr\u00e9c\u00e9d\u00e9e mod\u00e8le pour FAMAS.<\/p>\n<p>Les croisi\u00e8res de fabrication priv\u00e9e d&rsquo;avant 1959 peuvent \u00eatre marqu\u00e9es <strong>D<\/strong>-RM, <strong>E<\/strong>-RM ou <strong>D<\/strong>-HF.\u00a0Selon le r\u00e8glement de juillet 1955 (Note BF N\u00b0 67\/55) l&rsquo;ann\u00e9e \u00e9tant indiqu\u00e9e par une lettre, le A correspondant \u00e0 1955, donc E \u00e0 1959, les\u00a0lettres RM ou HF sont des codifications de l&rsquo;atelier de construction. A partir de 1958, les ba\u00efonnettes\u00a0ont \u00e9t\u00e9 assembl\u00e9es dans deux manufactures d&rsquo;armes nationales, \u00e0 la <strong>MAS<\/strong> (MAS au dessus des deux derniers chiffres de l&rsquo;ann\u00e9e) ou \u00e0 la <strong>MAT<\/strong> (MAT au dessus de la lettre code de l&rsquo;ann\u00e9e).<\/p>\n<p><img loading=\"lazy\" decoding=\"async\" class=\"aligncenter wp-image-22843\" src=\"https:\/\/geraldbaios.fr\/wp-content\/uploads\/2016\/01\/MAS49-56-0001-1024x441.jpg\" alt=\"\" width=\"601\" height=\"259\" srcset=\"https:\/\/geraldbaios.fr\/wp-content\/uploads\/2016\/01\/MAS49-56-0001-1024x441.jpg 1024w, https:\/\/geraldbaios.fr\/wp-content\/uploads\/2016\/01\/MAS49-56-0001-300x129.jpg 300w, https:\/\/geraldbaios.fr\/wp-content\/uploads\/2016\/01\/MAS49-56-0001-768x331.jpg 768w\" sizes=\"auto, (max-width: 601px) 100vw, 601px\" \/><\/p>\n<p><strong>La lame <\/strong>sans marquage de finition phosphat\u00e9e\u00a0(de longueur 200 mm, \u00e9paisseur 4,5 mm)\u00a0<span style=\"line-height: 1.5;\">est de type <a class=\"row-title\" href=\"https:\/\/geraldbaios.fr\/?p=14810\" aria-label=\"\u00ab\u00a0lame de type US M4\u00a0\u00bb (Modifier)\">US M4.<\/a><\/span><\/p>\n<p style=\"text-align: center;\"><img loading=\"lazy\" decoding=\"async\" class=\"aligncenter wp-image-39061\" src=\"https:\/\/geraldbaios.fr\/wp-content\/uploads\/2016\/01\/Mod\u00e8le-58-\u00b0\u00b0\u00b06-1024x387.jpg\" alt=\"\" width=\"600\" height=\"227\" srcset=\"https:\/\/geraldbaios.fr\/wp-content\/uploads\/2016\/01\/Mod\u00e8le-58-\u00b0\u00b0\u00b06-1024x387.jpg 1024w, https:\/\/geraldbaios.fr\/wp-content\/uploads\/2016\/01\/Mod\u00e8le-58-\u00b0\u00b0\u00b06-300x113.jpg 300w, https:\/\/geraldbaios.fr\/wp-content\/uploads\/2016\/01\/Mod\u00e8le-58-\u00b0\u00b0\u00b06-768x291.jpg 768w, https:\/\/geraldbaios.fr\/wp-content\/uploads\/2016\/01\/Mod\u00e8le-58-\u00b0\u00b0\u00b06-1536x581.jpg 1536w, https:\/\/geraldbaios.fr\/wp-content\/uploads\/2016\/01\/Mod\u00e8le-58-\u00b0\u00b0\u00b06-2048x775.jpg 2048w\" sizes=\"auto, (max-width: 600px) 100vw, 600px\" \/><strong>Comparatif, en haut M-58, en bas M-49\/56<\/strong><img loading=\"lazy\" decoding=\"async\" class=\"aligncenter wp-image-39062\" src=\"https:\/\/geraldbaios.fr\/wp-content\/uploads\/2016\/01\/Mod\u00e8le-58-\u00b0\u00b0\u00b07-1024x253.jpg\" alt=\"\" width=\"400\" height=\"99\" srcset=\"https:\/\/geraldbaios.fr\/wp-content\/uploads\/2016\/01\/Mod\u00e8le-58-\u00b0\u00b0\u00b07-1024x253.jpg 1024w, https:\/\/geraldbaios.fr\/wp-content\/uploads\/2016\/01\/Mod\u00e8le-58-\u00b0\u00b0\u00b07-300x74.jpg 300w, https:\/\/geraldbaios.fr\/wp-content\/uploads\/2016\/01\/Mod\u00e8le-58-\u00b0\u00b0\u00b07-768x190.jpg 768w, https:\/\/geraldbaios.fr\/wp-content\/uploads\/2016\/01\/Mod\u00e8le-58-\u00b0\u00b0\u00b07-1536x379.jpg 1536w, https:\/\/geraldbaios.fr\/wp-content\/uploads\/2016\/01\/Mod\u00e8le-58-\u00b0\u00b0\u00b07-2048x506.jpg 2048w\" sizes=\"auto, (max-width: 400px) 100vw, 400px\" \/><strong>Exemples de marquages cod\u00e9s (MAT F=1960) et (E=1959, RM)<\/strong><img loading=\"lazy\" decoding=\"async\" class=\"aligncenter wp-image-39053\" src=\"https:\/\/geraldbaios.fr\/wp-content\/uploads\/2016\/01\/B1002-4.jpg\" alt=\"\" width=\"600\" height=\"131\" srcset=\"https:\/\/geraldbaios.fr\/wp-content\/uploads\/2016\/01\/B1002-4.jpg 850w, https:\/\/geraldbaios.fr\/wp-content\/uploads\/2016\/01\/B1002-4-300x66.jpg 300w, https:\/\/geraldbaios.fr\/wp-content\/uploads\/2016\/01\/B1002-4-768x168.jpg 768w\" sizes=\"auto, (max-width: 600px) 100vw, 600px\" \/><img loading=\"lazy\" decoding=\"async\" class=\"aligncenter wp-image-39051\" src=\"https:\/\/geraldbaios.fr\/wp-content\/uploads\/2016\/01\/Mod\u00e8le-58-\u00b0\u00b0\u00b05-1024x237.jpg\" alt=\"\" width=\"600\" height=\"139\" srcset=\"https:\/\/geraldbaios.fr\/wp-content\/uploads\/2016\/01\/Mod\u00e8le-58-\u00b0\u00b0\u00b05-1024x237.jpg 1024w, https:\/\/geraldbaios.fr\/wp-content\/uploads\/2016\/01\/Mod\u00e8le-58-\u00b0\u00b0\u00b05-300x69.jpg 300w, https:\/\/geraldbaios.fr\/wp-content\/uploads\/2016\/01\/Mod\u00e8le-58-\u00b0\u00b0\u00b05-768x178.jpg 768w, https:\/\/geraldbaios.fr\/wp-content\/uploads\/2016\/01\/Mod\u00e8le-58-\u00b0\u00b0\u00b05-1536x356.jpg 1536w, https:\/\/geraldbaios.fr\/wp-content\/uploads\/2016\/01\/Mod\u00e8le-58-\u00b0\u00b0\u00b05-2048x474.jpg 2048w\" sizes=\"auto, (max-width: 600px) 100vw, 600px\" \/><strong>Fourreau M-58<\/strong><\/p>\n<p><strong>Le fourreau<\/strong> m\u00e9tallique du M-58 de finition phosphat\u00e9e\u00a0\u00e9pouse le profil de la lame, de ce fait la cuvette est d\u00e9pourvue de ressort interne inutile, les deux versions de la ba\u00efonnette (MAS-49\/56 ou MAS-58) peuvent s&rsquo;y loger, l\u2019inverse n&rsquo;est pas possible. Pour des raisons d&rsquo;interchangeabilit\u00e9 entre la premi\u00e8re et la seconde version de la ba\u00efonnette sa longueur est rest\u00e9e identique. Un\u00a0trou \u00e0 l&rsquo;extr\u00e9mit\u00e9 permet \u00e0 l&rsquo;eau de s&rsquo;\u00e9vacuer.<\/p>\n<p>Les marquages du M-58 du constructeur se situent \u00e0 l&rsquo;arri\u00e8re du corps, <strong>MAS<\/strong> (MAS au dessus des deux derniers chiffres de l&rsquo;ann\u00e9e) ou\u00a0<strong>MAT<\/strong> (MAT au dessus de la lettre code de l&rsquo;ann\u00e9e).<\/p>\n<p><img loading=\"lazy\" decoding=\"async\" class=\"aligncenter wp-image-39063\" src=\"https:\/\/geraldbaios.fr\/wp-content\/uploads\/2016\/01\/Mod\u00e8le-58-\u00b0\u00b0\u00b08-1024x792.jpg\" alt=\"\" width=\"401\" height=\"310\" srcset=\"https:\/\/geraldbaios.fr\/wp-content\/uploads\/2016\/01\/Mod\u00e8le-58-\u00b0\u00b0\u00b08-1024x792.jpg 1024w, https:\/\/geraldbaios.fr\/wp-content\/uploads\/2016\/01\/Mod\u00e8le-58-\u00b0\u00b0\u00b08-300x232.jpg 300w, https:\/\/geraldbaios.fr\/wp-content\/uploads\/2016\/01\/Mod\u00e8le-58-\u00b0\u00b0\u00b08-768x594.jpg 768w, https:\/\/geraldbaios.fr\/wp-content\/uploads\/2016\/01\/Mod\u00e8le-58-\u00b0\u00b0\u00b08-1536x1187.jpg 1536w, https:\/\/geraldbaios.fr\/wp-content\/uploads\/2016\/01\/Mod\u00e8le-58-\u00b0\u00b0\u00b08-2048x1583.jpg 2048w\" sizes=\"auto, (max-width: 401px) 100vw, 401px\" \/><\/p>\n<p><strong>Le porte-fourreau<\/strong>\u00a0attel\u00e9 en cuir est identique \u00e0 la premi\u00e8re version du fourreau M-49\/56.<\/p>\n<p><strong>P\u00e9riode d&rsquo;utilisation :<br \/>\n<\/strong>Utilis\u00e9es durant les Guerres d&rsquo;Alg\u00e9rie, et encore actuellement avec le Famas. La ba\u00efonnette du FAMAS en fait, un mod\u00e8le 58 ne diff\u00e8re que par le marquage situ\u00e9 \u00e0 droite sur le plat de la lame.<\/p>\n<p><strong><span style=\"color: #000000;\">Avis personnel sur\u00a0<span style=\"caret-color: #000000;\">l&rsquo;attrait de ce mod\u00e8le<\/span>\u00a0:<\/span><\/strong><span style=\"color: #000000;\"><br \/>\n<\/span>Pour un prix raisonnable, une quarantaine d&rsquo;euros, cette version moins rare que celle utilis\u00e9e officiellement avec le FAMAS, est indispensable dans une collection.<\/p>\n<p><strong>Remarques perso :<br \/>\n<\/strong>Merci \u00e0 Mr P. Renoux pour ses pr\u00e9cieuses informations compl\u00e9mentaires.<\/p>\n<p>Le 02\/03\/21.<\/p>\n","protected":false},"excerpt":{"rendered":"<p>Ba\u00efonnette accompagn\u00e9e d&rsquo;un casque M-51 Longueur :\u00a0325 mm \u00f8 interne des deux bagues :\u00a022 mm Poids : 315 g MAS 49\/56 Armement : fusil MAS-49\/56 ou FAMAS Fixation : sous le canon Valeur :\u00a0\u20ac\u20ac Raret\u00e9 :\u00a0 Ce mod\u00e8le produit apr\u00e8s 1958, le plus courant mesure environ 20 mm de moins que la premi\u00e8re version. Critiqu\u00e9e [&hellip;]<\/p>\n","protected":false},"author":1,"featured_media":0,"comment_status":"open","ping_status":"closed","sticky":false,"template":"","format":"standard","meta":{"footnotes":""},"categories":[151],"tags":[],"class_list":["post-5965","post","type-post","status-publish","format-standard","hentry","category-liens-n-du-nouvel-abc"],"_links":{"self":[{"href":"https:\/\/geraldbaios.fr\/index.php?rest_route=\/wp\/v2\/posts\/5965","targetHints":{"allow":["GET"]}}],"collection":[{"href":"https:\/\/geraldbaios.fr\/index.php?rest_route=\/wp\/v2\/posts"}],"about":[{"href":"https:\/\/geraldbaios.fr\/index.php?rest_route=\/wp\/v2\/types\/post"}],"author":[{"embeddable":true,"href":"https:\/\/geraldbaios.fr\/index.php?rest_route=\/wp\/v2\/users\/1"}],"replies":[{"embeddable":true,"href":"https:\/\/geraldbaios.fr\/index.php?rest_route=%2Fwp%2Fv2%2Fcomments&post=5965"}],"version-history":[{"count":164,"href":"https:\/\/geraldbaios.fr\/index.php?rest_route=\/wp\/v2\/posts\/5965\/revisions"}],"predecessor-version":[{"id":46110,"href":"https:\/\/geraldbaios.fr\/index.php?rest_route=\/wp\/v2\/posts\/5965\/revisions\/46110"}],"wp:attachment":[{"href":"https:\/\/geraldbaios.fr\/index.php?rest_route=%2Fwp%2Fv2%2Fmedia&parent=5965"}],"wp:term":[{"taxonomy":"category","embeddable":true,"href":"https:\/\/geraldbaios.fr\/index.php?rest_route=%2Fwp%2Fv2%2Fcategories&post=5965"},{"taxonomy":"post_tag","embeddable":true,"href":"https:\/\/geraldbaios.fr\/index.php?rest_route=%2Fwp%2Fv2%2Ftags&post=5965"}],"curies":[{"name":"wp","href":"https:\/\/api.w.org\/{rel}","templated":true}]}}