{"id":672,"date":"2015-04-07T15:32:09","date_gmt":"2015-04-07T13:32:09","guid":{"rendered":"http:\/\/geraldbaios.fr\/?p=672"},"modified":"2022-08-10T14:09:55","modified_gmt":"2022-08-10T12:09:55","slug":"dague-dofficier-mle-1943","status":"publish","type":"post","link":"https:\/\/geraldbaios.fr\/?p=672","title":{"rendered":"Dague d&rsquo;officier mod\u00e8le 1943"},"content":{"rendered":"<p><img loading=\"lazy\" decoding=\"async\" class=\"aligncenter size-large wp-image-43225\" src=\"https:\/\/geraldbaios.fr\/wp-content\/uploads\/2015\/04\/dague-\u00b0\u00b01-1024x734.jpg\" alt=\"\" width=\"800\" height=\"573\" srcset=\"https:\/\/geraldbaios.fr\/wp-content\/uploads\/2015\/04\/dague-\u00b0\u00b01-1024x734.jpg 1024w, https:\/\/geraldbaios.fr\/wp-content\/uploads\/2015\/04\/dague-\u00b0\u00b01-300x215.jpg 300w, https:\/\/geraldbaios.fr\/wp-content\/uploads\/2015\/04\/dague-\u00b0\u00b01-768x551.jpg 768w, https:\/\/geraldbaios.fr\/wp-content\/uploads\/2015\/04\/dague-\u00b0\u00b01-1536x1101.jpg 1536w, https:\/\/geraldbaios.fr\/wp-content\/uploads\/2015\/04\/dague-\u00b0\u00b01-2048x1469.jpg 2048w\" sizes=\"auto, (max-width: 800px) 100vw, 800px\" \/><\/p>\r\n<p style=\"text-align: left;\"><strong>Longueur :\u00a0<\/strong>350\u00a0mm<\/p>\r\n<p><img loading=\"lazy\" decoding=\"async\" class=\"aligncenter  wp-image-32570\" src=\"https:\/\/geraldbaios.fr\/wp-content\/uploads\/2015\/04\/95656929_2889461801139274_1530217545288646656_o-768x1024.jpg\" alt=\"\" width=\"399\" height=\"532\" srcset=\"https:\/\/geraldbaios.fr\/wp-content\/uploads\/2015\/04\/95656929_2889461801139274_1530217545288646656_o-768x1024.jpg 768w, https:\/\/geraldbaios.fr\/wp-content\/uploads\/2015\/04\/95656929_2889461801139274_1530217545288646656_o-225x300.jpg 225w, https:\/\/geraldbaios.fr\/wp-content\/uploads\/2015\/04\/95656929_2889461801139274_1530217545288646656_o-1152x1536.jpg 1152w, https:\/\/geraldbaios.fr\/wp-content\/uploads\/2015\/04\/95656929_2889461801139274_1530217545288646656_o.jpg 1511w\" sizes=\"auto, (max-width: 399px) 100vw, 399px\" \/><\/p>\r\n<p><strong>Armement :<\/strong>\u00a0arme de c\u00f4t\u00e9<\/p>\r\n<p style=\"text-align: left;\"><strong>Valeur :<\/strong><strong>\u00a0<\/strong>\u20ac\u20ac\u20ac \u20ac\u20ac\u20ac<strong><br \/><\/strong><strong>Raret\u00e9 :<\/strong>\u00a0<strong><a href=\"https:\/\/geraldbaios.fr\/wp-content\/uploads\/2015\/02\/che1valier.gif\"><img loading=\"lazy\" decoding=\"async\" class=\" size-full wp-image-294 alignnone\" src=\"https:\/\/geraldbaios.fr\/wp-content\/uploads\/2015\/02\/che1valier.gif\" alt=\"che1valier\" width=\"40\" height=\"30\" \/><\/a><\/strong><strong><a href=\"https:\/\/geraldbaios.fr\/wp-content\/uploads\/2015\/02\/che1valier.gif\"><img loading=\"lazy\" decoding=\"async\" class=\" size-full wp-image-294 alignnone\" src=\"https:\/\/geraldbaios.fr\/wp-content\/uploads\/2015\/02\/che1valier.gif\" alt=\"che1valier\" width=\"40\" height=\"30\" \/><\/a><\/strong><strong><a href=\"https:\/\/geraldbaios.fr\/wp-content\/uploads\/2015\/02\/che1valier.gif\"><img loading=\"lazy\" decoding=\"async\" class=\" size-full wp-image-294 alignnone\" src=\"https:\/\/geraldbaios.fr\/wp-content\/uploads\/2015\/02\/che1valier.gif\" alt=\"che1valier\" width=\"40\" height=\"30\" \/><\/a><\/strong><strong><a href=\"https:\/\/geraldbaios.fr\/wp-content\/uploads\/2015\/02\/che1valier.gif\"><img loading=\"lazy\" decoding=\"async\" class=\" size-full wp-image-294 alignnone\" src=\"https:\/\/geraldbaios.fr\/wp-content\/uploads\/2015\/02\/che1valier.gif\" alt=\"che1valier\" width=\"40\" height=\"30\" \/><\/a><\/strong><strong><a href=\"https:\/\/geraldbaios.fr\/wp-content\/uploads\/2015\/02\/che1valier.gif\"><img loading=\"lazy\" decoding=\"async\" class=\" size-full wp-image-294 alignnone\" src=\"https:\/\/geraldbaios.fr\/wp-content\/uploads\/2015\/02\/che1valier.gif\" alt=\"che1valier\" width=\"40\" height=\"30\" \/><\/a><\/strong><strong><a href=\"https:\/\/geraldbaios.fr\/wp-content\/uploads\/2015\/02\/che1valier.gif\"><img loading=\"lazy\" decoding=\"async\" class=\" size-full wp-image-294 alignnone\" src=\"https:\/\/geraldbaios.fr\/wp-content\/uploads\/2015\/02\/che1valier.gif\" alt=\"che1valier\" width=\"40\" height=\"30\" \/><br \/><\/a><\/strong><strong><br \/><\/strong>La dague\u00a0mod\u00e8le 43, \u00e0 partir du 1er janvier 1944 a remplac\u00e9 les encombrants sabres et les \u00e9p\u00e9es.\u00a0<span class=\"notranslate\">Elle \u00e9tait seulement remise \u00e0 l&rsquo;occasion d&rsquo;une promotion aupr\u00e8s des officiers et sous-officiers sup\u00e9rieurs de l&rsquo;arm\u00e9e suisse et ne pouvait \u00eatre achet\u00e9e dans le commerce.<\/span><\/p>\r\n<p style=\"text-align: left;\">Les lames des dagues \u00e9taient fabriqu\u00e9es par Elsener Schwyz et tr\u00e8s rarement par SIG Neuhausen (marque N sous un fusil symbolis\u00e9) de 1944 jusqu&rsquo;\u00e0 1953,\u00a0et ensuite par Elsener Schwyz (portant la mention \u00ab\u00a0Elsener Schwyz Victoria\u00a0\u00bb. Lorsque la production a cess\u00e9 pour l&rsquo;arm\u00e9e en <strong>1991<\/strong>, le num\u00e9ro de s\u00e9rie le plus \u00e9lev\u00e9 \u00e9tait <strong>397 126<\/strong>. Malheureusement, pour les militaires suisses, le remplacement \u00e0 partir de juillet 1995 de la tenue de sortie M-1972 par une nouvelle tenue s&rsquo;accompagnera de l&rsquo;abandon du poignard.\u00a0<\/p>\r\n<p>Les dagues M-43 ont \u00e9galement \u00e9t\u00e9 utilis\u00e9es comme poignards d&rsquo;officiers par divers corps de police.\u00a0La soci\u00e9t\u00e9 \u00ab\u00a0Elsener Schwyz\u00a0\u00bb marquage \u00ab\u00a0<strong>Victorinox<\/strong>\u00ab\u00a0, a livr\u00e9 1 527 dagues non num\u00e9rot\u00e9es en 1991.<\/p>\r\n<p><img loading=\"lazy\" decoding=\"async\" class=\"aligncenter  wp-image-43226\" src=\"https:\/\/geraldbaios.fr\/wp-content\/uploads\/2015\/04\/dague-\u00b0\u00b08-1024x740.jpg\" alt=\"\" width=\"399\" height=\"288\" srcset=\"https:\/\/geraldbaios.fr\/wp-content\/uploads\/2015\/04\/dague-\u00b0\u00b08-1024x740.jpg 1024w, https:\/\/geraldbaios.fr\/wp-content\/uploads\/2015\/04\/dague-\u00b0\u00b08-300x217.jpg 300w, https:\/\/geraldbaios.fr\/wp-content\/uploads\/2015\/04\/dague-\u00b0\u00b08-768x555.jpg 768w, https:\/\/geraldbaios.fr\/wp-content\/uploads\/2015\/04\/dague-\u00b0\u00b08-1536x1110.jpg 1536w, https:\/\/geraldbaios.fr\/wp-content\/uploads\/2015\/04\/dague-\u00b0\u00b08-2048x1480.jpg 2048w\" sizes=\"auto, (max-width: 399px) 100vw, 399px\" \/> <img loading=\"lazy\" decoding=\"async\" class=\"aligncenter  wp-image-43227\" src=\"https:\/\/geraldbaios.fr\/wp-content\/uploads\/2015\/04\/dague-\u00b0\u00b09-1024x291.jpg\" alt=\"\" width=\"401\" height=\"114\" srcset=\"https:\/\/geraldbaios.fr\/wp-content\/uploads\/2015\/04\/dague-\u00b0\u00b09-1024x291.jpg 1024w, https:\/\/geraldbaios.fr\/wp-content\/uploads\/2015\/04\/dague-\u00b0\u00b09-300x85.jpg 300w, https:\/\/geraldbaios.fr\/wp-content\/uploads\/2015\/04\/dague-\u00b0\u00b09-768x218.jpg 768w, https:\/\/geraldbaios.fr\/wp-content\/uploads\/2015\/04\/dague-\u00b0\u00b09-1536x436.jpg 1536w, https:\/\/geraldbaios.fr\/wp-content\/uploads\/2015\/04\/dague-\u00b0\u00b09-2048x581.jpg 2048w\" sizes=\"auto, (max-width: 401px) 100vw, 401px\" \/> <img loading=\"lazy\" decoding=\"async\" class=\"aligncenter  wp-image-43228\" src=\"https:\/\/geraldbaios.fr\/wp-content\/uploads\/2015\/04\/dague-\u00b0\u00b012-1024x780.jpg\" alt=\"\" width=\"400\" height=\"305\" srcset=\"https:\/\/geraldbaios.fr\/wp-content\/uploads\/2015\/04\/dague-\u00b0\u00b012-1024x780.jpg 1024w, https:\/\/geraldbaios.fr\/wp-content\/uploads\/2015\/04\/dague-\u00b0\u00b012-300x229.jpg 300w, https:\/\/geraldbaios.fr\/wp-content\/uploads\/2015\/04\/dague-\u00b0\u00b012-768x585.jpg 768w, https:\/\/geraldbaios.fr\/wp-content\/uploads\/2015\/04\/dague-\u00b0\u00b012-1536x1170.jpg 1536w, https:\/\/geraldbaios.fr\/wp-content\/uploads\/2015\/04\/dague-\u00b0\u00b012-2048x1561.jpg 2048w\" sizes=\"auto, (max-width: 400px) 100vw, 400px\" \/><img loading=\"lazy\" decoding=\"async\" class=\"aligncenter  wp-image-43229\" src=\"https:\/\/geraldbaios.fr\/wp-content\/uploads\/2015\/04\/dague-\u00b0\u00b07.jpg\" alt=\"\" width=\"301\" height=\"357\" srcset=\"https:\/\/geraldbaios.fr\/wp-content\/uploads\/2015\/04\/dague-\u00b0\u00b07.jpg 579w, https:\/\/geraldbaios.fr\/wp-content\/uploads\/2015\/04\/dague-\u00b0\u00b07-253x300.jpg 253w\" sizes=\"auto, (max-width: 301px) 100vw, 301px\" \/><\/p>\r\n<p><strong>La poign\u00e9e <\/strong>est dot\u00e9e de plaquettes en bois maintenues entre elles par trois vis \u00e0 t\u00eates rondes et \u00e9crous fendus. Les deux flasques lat\u00e9rales en m\u00e9tal chrom\u00e9 qui renforcent la poign\u00e9e sur les c\u00f4t\u00e9s viennent s&rsquo;ins\u00e9rer en force dans le pommeau de forme arrondie, lui-m\u00eame fix\u00e9 sur la soie\u00a0par un \u00e9crou \u00e0 trois trous noy\u00e9.\u00a0<\/p>\r\n<p style=\"text-align: center;\"><img loading=\"lazy\" decoding=\"async\" class=\"aligncenter  wp-image-43231\" src=\"https:\/\/geraldbaios.fr\/wp-content\/uploads\/2015\/04\/dague-\u00b0\u00b04-1024x490.jpg\" alt=\"\" width=\"601\" height=\"288\" srcset=\"https:\/\/geraldbaios.fr\/wp-content\/uploads\/2015\/04\/dague-\u00b0\u00b04-1024x490.jpg 1024w, https:\/\/geraldbaios.fr\/wp-content\/uploads\/2015\/04\/dague-\u00b0\u00b04-300x143.jpg 300w, https:\/\/geraldbaios.fr\/wp-content\/uploads\/2015\/04\/dague-\u00b0\u00b04-768x367.jpg 768w, https:\/\/geraldbaios.fr\/wp-content\/uploads\/2015\/04\/dague-\u00b0\u00b04-1536x735.jpg 1536w, https:\/\/geraldbaios.fr\/wp-content\/uploads\/2015\/04\/dague-\u00b0\u00b04-2048x979.jpg 2048w\" sizes=\"auto, (max-width: 601px) 100vw, 601px\" \/> <img loading=\"lazy\" decoding=\"async\" class=\"aligncenter  wp-image-43233\" src=\"https:\/\/geraldbaios.fr\/wp-content\/uploads\/2015\/04\/dague-\u00b0\u00b06-1024x428.jpg\" alt=\"\" width=\"401\" height=\"168\" srcset=\"https:\/\/geraldbaios.fr\/wp-content\/uploads\/2015\/04\/dague-\u00b0\u00b06-1024x428.jpg 1024w, https:\/\/geraldbaios.fr\/wp-content\/uploads\/2015\/04\/dague-\u00b0\u00b06-300x125.jpg 300w, https:\/\/geraldbaios.fr\/wp-content\/uploads\/2015\/04\/dague-\u00b0\u00b06-768x321.jpg 768w, https:\/\/geraldbaios.fr\/wp-content\/uploads\/2015\/04\/dague-\u00b0\u00b06-1536x642.jpg 1536w, https:\/\/geraldbaios.fr\/wp-content\/uploads\/2015\/04\/dague-\u00b0\u00b06-2048x857.jpg 2048w\" sizes=\"auto, (max-width: 401px) 100vw, 401px\" \/><strong>Marquage courant d&rsquo;un des deux constructeurs<\/strong><\/p>\r\n<p style=\"text-align: left;\"><b><\/b><b>La lame\u00a0<\/b>sym\u00e9trique<b>\u00a0<\/b>\u00e0 double tranchant, est chrom\u00e9e comme le reste des autres parties m\u00e9talliques de la dague, y compris les vis et \u00e9crous.<\/p>\r\n<p><img loading=\"lazy\" decoding=\"async\" class=\"aligncenter  wp-image-43234\" src=\"https:\/\/geraldbaios.fr\/wp-content\/uploads\/2015\/04\/dague-\u00b0\u00b011-1024x917.jpg\" alt=\"\" width=\"302\" height=\"270\" srcset=\"https:\/\/geraldbaios.fr\/wp-content\/uploads\/2015\/04\/dague-\u00b0\u00b011-1024x917.jpg 1024w, https:\/\/geraldbaios.fr\/wp-content\/uploads\/2015\/04\/dague-\u00b0\u00b011-300x269.jpg 300w, https:\/\/geraldbaios.fr\/wp-content\/uploads\/2015\/04\/dague-\u00b0\u00b011-768x688.jpg 768w, https:\/\/geraldbaios.fr\/wp-content\/uploads\/2015\/04\/dague-\u00b0\u00b011.jpg 1217w\" sizes=\"auto, (max-width: 302px) 100vw, 302px\" \/> <img loading=\"lazy\" decoding=\"async\" class=\"aligncenter  wp-image-43235\" src=\"https:\/\/geraldbaios.fr\/wp-content\/uploads\/2015\/04\/dague-\u00b0\u00b010-794x1024.jpg\" alt=\"\" width=\"300\" height=\"387\" srcset=\"https:\/\/geraldbaios.fr\/wp-content\/uploads\/2015\/04\/dague-\u00b0\u00b010-794x1024.jpg 794w, https:\/\/geraldbaios.fr\/wp-content\/uploads\/2015\/04\/dague-\u00b0\u00b010-233x300.jpg 233w, https:\/\/geraldbaios.fr\/wp-content\/uploads\/2015\/04\/dague-\u00b0\u00b010-768x990.jpg 768w, https:\/\/geraldbaios.fr\/wp-content\/uploads\/2015\/04\/dague-\u00b0\u00b010.jpg 865w\" sizes=\"auto, (max-width: 300px) 100vw, 300px\" \/> <img loading=\"lazy\" decoding=\"async\" class=\"aligncenter  wp-image-43236\" src=\"https:\/\/geraldbaios.fr\/wp-content\/uploads\/2015\/04\/dague-\u00b0\u00b03-773x1024.jpg\" alt=\"\" width=\"300\" height=\"398\" srcset=\"https:\/\/geraldbaios.fr\/wp-content\/uploads\/2015\/04\/dague-\u00b0\u00b03-773x1024.jpg 773w, https:\/\/geraldbaios.fr\/wp-content\/uploads\/2015\/04\/dague-\u00b0\u00b03-226x300.jpg 226w, https:\/\/geraldbaios.fr\/wp-content\/uploads\/2015\/04\/dague-\u00b0\u00b03-768x1018.jpg 768w, https:\/\/geraldbaios.fr\/wp-content\/uploads\/2015\/04\/dague-\u00b0\u00b03-1159x1536.jpg 1159w, https:\/\/geraldbaios.fr\/wp-content\/uploads\/2015\/04\/dague-\u00b0\u00b03-1545x2048.jpg 1545w, https:\/\/geraldbaios.fr\/wp-content\/uploads\/2015\/04\/dague-\u00b0\u00b03.jpg 1917w\" sizes=\"auto, (max-width: 300px) 100vw, 300px\" \/><\/p>\r\n<p><strong>Le fourreau <\/strong>en acier laqu\u00e9 noir, comporte une cuvette avec ressorts chrom\u00e9e fix\u00e9e par une vis situ\u00e9e sur l&rsquo;arri\u00e8re du corps. Une lani\u00e8re en cuir avec un mousqueton pour l&rsquo;accrocher \u00e0 une ceinture d&rsquo;officier blanche sp\u00e9ciale, est fix\u00e9e sur le pontet par un rivet.\u00a0Les fourreaux marqu\u00e9s d&rsquo;un <strong>\u00ab\u00a0S\u00a0\u00bb<\/strong> , sur l&rsquo;arri\u00e8re ont \u00e9t\u00e9 fabriqu\u00e9es par la \u00ab\u00a0Basler Eisenm\u00f6belfabrik AG\u00a0\u00bb \u00e0 Sissach. Cette soci\u00e9t\u00e9 a fourni des fourreaux \u00e0 Elsener\u00a0jusqu&rsquo;en 1985 environ. C&rsquo;est \u00e0 partir de ce moment que BAG Turgi a pris le relai pour la fabrication des fourreaux.<\/p>\r\n<p style=\"text-align: center;\"><img loading=\"lazy\" decoding=\"async\" class=\"aligncenter  wp-image-43218\" src=\"https:\/\/geraldbaios.fr\/wp-content\/uploads\/2015\/04\/dague-officier-de-l-armee-suisse-modele-1943-fab-elsener-schwyz-victoria-complette-avec-suspente-et-dragone.jpeg\" alt=\"\" width=\"299\" height=\"299\" srcset=\"https:\/\/geraldbaios.fr\/wp-content\/uploads\/2015\/04\/dague-officier-de-l-armee-suisse-modele-1943-fab-elsener-schwyz-victoria-complette-avec-suspente-et-dragone.jpeg 250w, https:\/\/geraldbaios.fr\/wp-content\/uploads\/2015\/04\/dague-officier-de-l-armee-suisse-modele-1943-fab-elsener-schwyz-victoria-complette-avec-suspente-et-dragone-150x150.jpeg 150w\" sizes=\"auto, (max-width: 299px) 100vw, 299px\" \/><strong>Dragonne\u00a0d&rsquo;officier<\/strong><\/p>\r\n<p><strong>La dragonne<\/strong>, enroul\u00e9e autour de la garde, de fa\u00e7on que le gland pende du c\u00f4t\u00e9 gauche de cette derni\u00e8re, est compos\u00e9e d&rsquo;une tresse rouge se terminant par un gland rouge stri\u00e9 de blanc pour les sous-officiers. Pour les officiers elle se compose d&rsquo;une lani\u00e8re plate rouge stri\u00e9e de blanc et se termine par une gland de couleur blanche surmont\u00e9 d&rsquo;un coulisseau, blanc \u00e9galement. Les fils des bandes d&rsquo;officiers blancs ont \u00e9t\u00e9 fabriqu\u00e9s jusqu&rsquo;en 1959 environ avec du fil d&rsquo;argent.<\/p>\r\n<p style=\"text-align: left;\"><strong>P\u00e9riode d&rsquo;utilisation:<br \/><\/strong>Cette arme de c\u00f4t\u00e9 a \u00e9t\u00e9 produite de 1944 \u00e0 1991.<\/p>\r\n<p><strong><span style=\"color: #000000;\">Avis personnel sur\u00a0<span style=\"caret-color: #000000;\">l&rsquo;attrait de ce mod\u00e8le<\/span>\u00a0:<br \/><\/span><\/strong>Ces mod\u00e8les sont tr\u00e8s int\u00e9ressants car ils ont tous leur petite histoire, imaginez la satisfaction personnelle de tous les militaires qui les ont re\u00e7u au moment de leur promotion, les num\u00e9rotations les plus basses sont les plus recherch\u00e9es.<\/p>\r\n<p>Le 25\/10\/21.<\/p>\r\n\r\n\r\n\r\n\r\n\r\n\r\n\r\n\r\n\r\n\r\n","protected":false},"excerpt":{"rendered":"<p>Longueur :\u00a0350\u00a0mm Armement :\u00a0arme de c\u00f4t\u00e9 Valeur :\u00a0\u20ac\u20ac\u20ac \u20ac\u20ac\u20acRaret\u00e9 :\u00a0La dague\u00a0mod\u00e8le 43, \u00e0 partir du 1er janvier 1944 a remplac\u00e9 les encombrants sabres et les \u00e9p\u00e9es.\u00a0Elle \u00e9tait seulement remise \u00e0 l&rsquo;occasion d&rsquo;une promotion aupr\u00e8s des officiers et sous-officiers sup\u00e9rieurs de l&rsquo;arm\u00e9e suisse et ne pouvait \u00eatre achet\u00e9e dans le commerce. Les lames des dagues \u00e9taient [&hellip;]<\/p>\n","protected":false},"author":1,"featured_media":0,"comment_status":"open","ping_status":"open","sticky":false,"template":"","format":"standard","meta":{"footnotes":""},"categories":[152],"tags":[],"class_list":["post-672","post","type-post","status-publish","format-standard","hentry","category-zzz-sans-n-du-nouvel-abc"],"_links":{"self":[{"href":"https:\/\/geraldbaios.fr\/index.php?rest_route=\/wp\/v2\/posts\/672","targetHints":{"allow":["GET"]}}],"collection":[{"href":"https:\/\/geraldbaios.fr\/index.php?rest_route=\/wp\/v2\/posts"}],"about":[{"href":"https:\/\/geraldbaios.fr\/index.php?rest_route=\/wp\/v2\/types\/post"}],"author":[{"embeddable":true,"href":"https:\/\/geraldbaios.fr\/index.php?rest_route=\/wp\/v2\/users\/1"}],"replies":[{"embeddable":true,"href":"https:\/\/geraldbaios.fr\/index.php?rest_route=%2Fwp%2Fv2%2Fcomments&post=672"}],"version-history":[{"count":84,"href":"https:\/\/geraldbaios.fr\/index.php?rest_route=\/wp\/v2\/posts\/672\/revisions"}],"predecessor-version":[{"id":46214,"href":"https:\/\/geraldbaios.fr\/index.php?rest_route=\/wp\/v2\/posts\/672\/revisions\/46214"}],"wp:attachment":[{"href":"https:\/\/geraldbaios.fr\/index.php?rest_route=%2Fwp%2Fv2%2Fmedia&parent=672"}],"wp:term":[{"taxonomy":"category","embeddable":true,"href":"https:\/\/geraldbaios.fr\/index.php?rest_route=%2Fwp%2Fv2%2Fcategories&post=672"},{"taxonomy":"post_tag","embeddable":true,"href":"https:\/\/geraldbaios.fr\/index.php?rest_route=%2Fwp%2Fv2%2Ftags&post=672"}],"curies":[{"name":"wp","href":"https:\/\/api.w.org\/{rel}","templated":true}]}}