{"id":683,"date":"2015-05-10T15:43:25","date_gmt":"2015-05-10T13:43:25","guid":{"rendered":"http:\/\/geraldbaios.fr\/?p=683"},"modified":"2024-10-14T16:33:00","modified_gmt":"2024-10-14T14:33:00","slug":"couteau-baionnette-de-parade","status":"publish","type":"post","link":"https:\/\/geraldbaios.fr\/?p=683","title":{"rendered":"Couteau-ba\u00efonnette de parade avec poign\u00e9e de type KS 98"},"content":{"rendered":"<p><img loading=\"lazy\" decoding=\"async\" class=\"aligncenter wp-image-48319\" src=\"https:\/\/geraldbaios.fr\/wp-content\/uploads\/2015\/05\/Couteau-parage-001-1024x418.jpg\" alt=\"\" width=\"751\" height=\"307\" srcset=\"https:\/\/geraldbaios.fr\/wp-content\/uploads\/2015\/05\/Couteau-parage-001-1024x418.jpg 1024w, https:\/\/geraldbaios.fr\/wp-content\/uploads\/2015\/05\/Couteau-parage-001-300x122.jpg 300w, https:\/\/geraldbaios.fr\/wp-content\/uploads\/2015\/05\/Couteau-parage-001-768x313.jpg 768w, https:\/\/geraldbaios.fr\/wp-content\/uploads\/2015\/05\/Couteau-parage-001-1536x627.jpg 1536w, https:\/\/geraldbaios.fr\/wp-content\/uploads\/2015\/05\/Couteau-parage-001-2048x835.jpg 2048w\" sizes=\"auto, (max-width: 751px) 100vw, 751px\" \/><\/p>\n<p><strong>Longueur :<\/strong>\u00a0318 mm + ou &#8211;<br \/>\n<strong>Longueur de la lame :<\/strong>\u00a0195 mm + ou &#8211;<\/p>\n<p><strong>Valeur :<\/strong>\u00a0\u20ac\u20ac\u20ac \u20ac<strong><br \/>\nRaret\u00e9 :<\/strong>\u00a0\u00a0<strong><a href=\"https:\/\/geraldbaios.fr\/wp-content\/uploads\/2015\/02\/che1valier.gif\"><img loading=\"lazy\" decoding=\"async\" class=\" size-full wp-image-294 alignnone\" src=\"https:\/\/geraldbaios.fr\/wp-content\/uploads\/2015\/02\/che1valier.gif\" alt=\"che1valier\" width=\"40\" height=\"30\" \/><\/a><\/strong><strong><a href=\"https:\/\/geraldbaios.fr\/wp-content\/uploads\/2015\/02\/che1valier.gif\"><img loading=\"lazy\" decoding=\"async\" class=\" size-full wp-image-294 alignnone\" src=\"https:\/\/geraldbaios.fr\/wp-content\/uploads\/2015\/02\/che1valier.gif\" alt=\"che1valier\" width=\"40\" height=\"30\" \/><\/a><\/strong><strong><a href=\"https:\/\/geraldbaios.fr\/wp-content\/uploads\/2015\/02\/che1valier.gif\"><img loading=\"lazy\" decoding=\"async\" class=\" size-full wp-image-294 alignnone\" src=\"https:\/\/geraldbaios.fr\/wp-content\/uploads\/2015\/02\/che1valier.gif\" alt=\"che1valier\" width=\"40\" height=\"30\" \/><\/a><\/strong><strong><a href=\"https:\/\/geraldbaios.fr\/wp-content\/uploads\/2015\/02\/che1valier.gif\"><img loading=\"lazy\" decoding=\"async\" class=\" size-full wp-image-294 alignnone\" src=\"https:\/\/geraldbaios.fr\/wp-content\/uploads\/2015\/02\/che1valier.gif\" alt=\"che1valier\" width=\"40\" height=\"30\" \/><br \/>\n<\/a><\/strong><strong><br \/>\n<\/strong>Apr\u00e8s avoir pris de l&rsquo;ampleur dans la R\u00e9publique de Weimar apr\u00e8s la Premi\u00e8re Guerre mondiale, le port de couteaux-ba\u00efonnettes habill\u00e9s a connu une croissance explosive parmi les soldats entre 1933 et 1945, lorsque le r\u00e9gime ultra militariste du Troisi\u00e8me Reich d&rsquo;Hitler est arriv\u00e9 au pouvoir.<\/p>\n<p>Ces couteaux-ba\u00efonnettes achet\u00e9s en priv\u00e9 n&rsquo;\u00e9taient pas destin\u00e9s \u00e0 \u00eatre utilis\u00e9s au combat. L&rsquo;organisation nazie adorait les uniformes et les parades, de nombreux allemands avaient un attrait pour les armes blanches, celles-ci apportaient une contribution c\u00e9r\u00e9monielle naturelle \u00e0 leurs uniformes. Le couteau-ba\u00efonnette de parade \u00e9tait g\u00e9n\u00e9ralement fabriqu\u00e9 avec une lame brillante et polie et une poign\u00e9e nickel\u00e9e, avec une poign\u00e9e en Bak\u00e9lite moul\u00e9e noir.<\/p>\n<p>Apr\u00e8s <strong>1927<\/strong>, le contr\u00f4le de la commission \u00e9tait devenu pratiquement inexistant, toutes les couteaux-ba\u00efonnettes de ce type avaient des rainures aux pommeaux et des boutons poussoirs amovibles. Ils pouvaient s&rsquo;adapter au canon des fusils de type 98 <strong>d\u00e9munis de baguettes de nettoyage<\/strong>, en effet la constitution sp\u00e9cifique de la poign\u00e9e ne pouvait pas int\u00e9grer une baguette.<\/p>\n<p>Il existe une multitude de variantes de ce mod\u00e8le, cet article n&rsquo;est qu&rsquo;une \u00e9bauche sur sa description.<\/p>\n<p style=\"text-align: center;\"><img loading=\"lazy\" decoding=\"async\" class=\"aligncenter wp-image-48349\" src=\"https:\/\/geraldbaios.fr\/wp-content\/uploads\/2015\/05\/s-l1600-1024x551.jpg\" alt=\"\" width=\"401\" height=\"216\" srcset=\"https:\/\/geraldbaios.fr\/wp-content\/uploads\/2015\/05\/s-l1600-1024x551.jpg 1024w, https:\/\/geraldbaios.fr\/wp-content\/uploads\/2015\/05\/s-l1600-300x161.jpg 300w, https:\/\/geraldbaios.fr\/wp-content\/uploads\/2015\/05\/s-l1600-768x413.jpg 768w, https:\/\/geraldbaios.fr\/wp-content\/uploads\/2015\/05\/s-l1600-1536x827.jpg 1536w, https:\/\/geraldbaios.fr\/wp-content\/uploads\/2015\/05\/s-l1600.jpg 1600w\" sizes=\"auto, (max-width: 401px) 100vw, 401px\" \/><strong>Photo prise sur internet<\/strong><img loading=\"lazy\" decoding=\"async\" class=\"aligncenter wp-image-48322\" src=\"https:\/\/geraldbaios.fr\/wp-content\/uploads\/2015\/05\/Couteau-parage-009-1024x662.jpg\" alt=\"\" width=\"399\" height=\"258\" srcset=\"https:\/\/geraldbaios.fr\/wp-content\/uploads\/2015\/05\/Couteau-parage-009-1024x662.jpg 1024w, https:\/\/geraldbaios.fr\/wp-content\/uploads\/2015\/05\/Couteau-parage-009-300x194.jpg 300w, https:\/\/geraldbaios.fr\/wp-content\/uploads\/2015\/05\/Couteau-parage-009-768x497.jpg 768w, https:\/\/geraldbaios.fr\/wp-content\/uploads\/2015\/05\/Couteau-parage-009-1536x994.jpg 1536w, https:\/\/geraldbaios.fr\/wp-content\/uploads\/2015\/05\/Couteau-parage-009-2048x1325.jpg 2048w\" sizes=\"auto, (max-width: 399px) 100vw, 399px\" \/><strong>Pour exemple<\/strong><\/p>\n<p>Pour simplifier la fabrication de ces mod\u00e8les, la poign\u00e9e compl\u00e8te (pommeau, soie, croisi\u00e8re) en alliage d&rsquo;aluminium est moul\u00e9e. La lame en acier, fabriqu\u00e9e ind\u00e9pendamment est ensuite fix\u00e9e \u00e0 celle-ci par un rivet. Ce mode de constitution simplifi\u00e9 pr\u00e9sente une faiblesse, risque de jeu au niveau de la lame et de la croisi\u00e8re.<\/p>\n<p><img loading=\"lazy\" decoding=\"async\" class=\"aligncenter wp-image-48323\" src=\"https:\/\/geraldbaios.fr\/wp-content\/uploads\/2015\/05\/Couteau-parage-002-1024x741.jpg\" alt=\"\" width=\"401\" height=\"290\" srcset=\"https:\/\/geraldbaios.fr\/wp-content\/uploads\/2015\/05\/Couteau-parage-002-1024x741.jpg 1024w, https:\/\/geraldbaios.fr\/wp-content\/uploads\/2015\/05\/Couteau-parage-002-300x217.jpg 300w, https:\/\/geraldbaios.fr\/wp-content\/uploads\/2015\/05\/Couteau-parage-002-768x555.jpg 768w, https:\/\/geraldbaios.fr\/wp-content\/uploads\/2015\/05\/Couteau-parage-002-1536x1111.jpg 1536w, https:\/\/geraldbaios.fr\/wp-content\/uploads\/2015\/05\/Couteau-parage-002-2048x1481.jpg 2048w\" sizes=\"auto, (max-width: 401px) 100vw, 401px\" \/> <img loading=\"lazy\" decoding=\"async\" class=\"aligncenter wp-image-48324\" src=\"https:\/\/geraldbaios.fr\/wp-content\/uploads\/2015\/05\/Couteau-parage-004-1024x272.jpg\" alt=\"\" width=\"402\" height=\"107\" srcset=\"https:\/\/geraldbaios.fr\/wp-content\/uploads\/2015\/05\/Couteau-parage-004-1024x272.jpg 1024w, https:\/\/geraldbaios.fr\/wp-content\/uploads\/2015\/05\/Couteau-parage-004-300x80.jpg 300w, https:\/\/geraldbaios.fr\/wp-content\/uploads\/2015\/05\/Couteau-parage-004-768x204.jpg 768w, https:\/\/geraldbaios.fr\/wp-content\/uploads\/2015\/05\/Couteau-parage-004-1536x408.jpg 1536w, https:\/\/geraldbaios.fr\/wp-content\/uploads\/2015\/05\/Couteau-parage-004-2048x544.jpg 2048w\" sizes=\"auto, (max-width: 402px) 100vw, 402px\" \/><\/p>\n<p><strong>La poign\u00e9e <\/strong>de type<strong> KS 98<\/strong>\u00a0de ces mod\u00e8les,\u00a0<span class=\"notranslate\"><span class=\"first-half\">suite \u00e0 la convention d&rsquo;Armistice, devait \u00eatre d\u00e9pourvue du syst\u00e8me de fixation au fusil. Elle est constitu\u00e9e d&rsquo;un alliage d&rsquo;aluminium moul\u00e9 qui est g\u00e9n\u00e9ralement recouvert de chrome.\u00a0<\/span><\/span>Le pommeau en forme de t\u00eate d&rsquo;aigle est muni d&rsquo;un bouton-poussoir amovible (oeil).\u00a0Il comporte une mince rainure\u00a0en forme de tr\u00e8fle g\u00e9n\u00e9ralement obtur\u00e9e par un morceau de feutre color\u00e9 comme ornement suppl\u00e9mentaire.\u00a0La garde est courb\u00e9e, sa forme et son \u00e9paisseur suivant le constructeur peut l\u00e9g\u00e8rement vari\u00e9es. <span class=\"notranslate\"><span class=\"first-half\">Les plaquettes en Bak\u00e9lite assez fragiles, finement quadrill\u00e9es sont maintenues entre elles par petits rivets.\u00a0<\/span><\/span><\/p>\n<p><img loading=\"lazy\" decoding=\"async\" class=\"aligncenter wp-image-48326\" src=\"https:\/\/geraldbaios.fr\/wp-content\/uploads\/2015\/05\/Couteau-parage-003-1024x307.jpg\" alt=\"\" width=\"500\" height=\"150\" srcset=\"https:\/\/geraldbaios.fr\/wp-content\/uploads\/2015\/05\/Couteau-parage-003-1024x307.jpg 1024w, https:\/\/geraldbaios.fr\/wp-content\/uploads\/2015\/05\/Couteau-parage-003-300x90.jpg 300w, https:\/\/geraldbaios.fr\/wp-content\/uploads\/2015\/05\/Couteau-parage-003-768x230.jpg 768w, https:\/\/geraldbaios.fr\/wp-content\/uploads\/2015\/05\/Couteau-parage-003-1536x460.jpg 1536w, https:\/\/geraldbaios.fr\/wp-content\/uploads\/2015\/05\/Couteau-parage-003-2048x614.jpg 2048w\" sizes=\"auto, (max-width: 500px) 100vw, 500px\" \/><img loading=\"lazy\" decoding=\"async\" class=\"aligncenter wp-image-48327\" src=\"https:\/\/geraldbaios.fr\/wp-content\/uploads\/2015\/05\/Couteau-parage-005-1024x185.jpg\" alt=\"\" width=\"502\" height=\"91\" srcset=\"https:\/\/geraldbaios.fr\/wp-content\/uploads\/2015\/05\/Couteau-parage-005-1024x185.jpg 1024w, https:\/\/geraldbaios.fr\/wp-content\/uploads\/2015\/05\/Couteau-parage-005-300x54.jpg 300w, https:\/\/geraldbaios.fr\/wp-content\/uploads\/2015\/05\/Couteau-parage-005-768x139.jpg 768w, https:\/\/geraldbaios.fr\/wp-content\/uploads\/2015\/05\/Couteau-parage-005-1536x278.jpg 1536w, https:\/\/geraldbaios.fr\/wp-content\/uploads\/2015\/05\/Couteau-parage-005-2048x370.jpg 2048w\" sizes=\"auto, (max-width: 502px) 100vw, 502px\" \/><\/p>\n<p>Lame \u00e0 simple tranchant et contre-tranchant aff\u00fbt\u00e9 sur environ 50 mm\u00a0comporte une fine goutti\u00e8re, du m\u00eame type que les mod\u00e8les con\u00e7us durant la r\u00e9publique de Weimar.<img loading=\"lazy\" decoding=\"async\" class=\"aligncenter wp-image-33158\" src=\"https:\/\/geraldbaios.fr\/wp-content\/uploads\/2015\/05\/couteau-alu-007-1024x240.jpg\" alt=\"\" width=\"500\" height=\"117\" srcset=\"https:\/\/geraldbaios.fr\/wp-content\/uploads\/2015\/05\/couteau-alu-007-1024x240.jpg 1024w, https:\/\/geraldbaios.fr\/wp-content\/uploads\/2015\/05\/couteau-alu-007-300x70.jpg 300w, https:\/\/geraldbaios.fr\/wp-content\/uploads\/2015\/05\/couteau-alu-007-768x180.jpg 768w, https:\/\/geraldbaios.fr\/wp-content\/uploads\/2015\/05\/couteau-alu-007-1536x360.jpg 1536w, https:\/\/geraldbaios.fr\/wp-content\/uploads\/2015\/05\/couteau-alu-007-2048x480.jpg 2048w\" sizes=\"auto, (max-width: 500px) 100vw, 500px\" \/><\/p>\n<p>Lame \u00e0 usinage simplifi\u00e9 \u00e0 simple tranchant parfaitement aff\u00fbt\u00e9.<\/p>\n<p><img loading=\"lazy\" decoding=\"async\" class=\"aligncenter wp-image-48329\" src=\"https:\/\/geraldbaios.fr\/wp-content\/uploads\/2015\/05\/Couteau-parage-007-1024x796.jpg\" alt=\"\" width=\"401\" height=\"312\" srcset=\"https:\/\/geraldbaios.fr\/wp-content\/uploads\/2015\/05\/Couteau-parage-007-1024x796.jpg 1024w, https:\/\/geraldbaios.fr\/wp-content\/uploads\/2015\/05\/Couteau-parage-007-300x233.jpg 300w, https:\/\/geraldbaios.fr\/wp-content\/uploads\/2015\/05\/Couteau-parage-007-768x597.jpg 768w, https:\/\/geraldbaios.fr\/wp-content\/uploads\/2015\/05\/Couteau-parage-007-1536x1194.jpg 1536w, https:\/\/geraldbaios.fr\/wp-content\/uploads\/2015\/05\/Couteau-parage-007.jpg 1970w\" sizes=\"auto, (max-width: 401px) 100vw, 401px\" \/><\/p>\n<p style=\"text-align: center;\"><strong>De 1914 \u00e0 1939, cette entreprise est dirig\u00e9e par Julius K\u00fcller. \u00c0 l\u2019\u00e9poque du Troisi\u00e8me Reich, H\u00f6ller \u00e9tait un important fabricant sp\u00e9cialis\u00e9 dans une large gamme d\u2019armes blanches<\/strong><\/p>\n<p><strong><span class=\"notranslate\">La lame <\/span><\/strong><span class=\"notranslate\">avec <\/span><span class=\"notranslate\"><a href=\"https:\/\/geraldbaios.fr\/?p=14681\">goutti\u00e8re<\/a>\u00a0sur chaque face dont le profil peut vari\u00e9, est de finition chrom\u00e9e. G\u00e9n\u00e9ralement, une petite lani\u00e8re en cuir pr\u00e8s de la croisi\u00e8re de la ba\u00efonnette fait office de tampon amortisseur. Le non ou le marquage du constructeur est inscrit sur le c\u00f4t\u00e9 droit.<\/span><\/p>\n<p><img loading=\"lazy\" decoding=\"async\" class=\"aligncenter wp-image-48331\" src=\"https:\/\/geraldbaios.fr\/wp-content\/uploads\/2015\/05\/Couteau-parage-008-1024x375.jpg\" alt=\"\" width=\"601\" height=\"220\" srcset=\"https:\/\/geraldbaios.fr\/wp-content\/uploads\/2015\/05\/Couteau-parage-008-1024x375.jpg 1024w, https:\/\/geraldbaios.fr\/wp-content\/uploads\/2015\/05\/Couteau-parage-008-300x110.jpg 300w, https:\/\/geraldbaios.fr\/wp-content\/uploads\/2015\/05\/Couteau-parage-008-768x281.jpg 768w, https:\/\/geraldbaios.fr\/wp-content\/uploads\/2015\/05\/Couteau-parage-008-1536x562.jpg 1536w, https:\/\/geraldbaios.fr\/wp-content\/uploads\/2015\/05\/Couteau-parage-008-2048x750.jpg 2048w\" sizes=\"auto, (max-width: 601px) 100vw, 601px\" \/><\/p>\n<p><strong>Le fourreau<\/strong> propre \u00e0 chaque variante, de finition chrom\u00e9e ou recouvert de peinture de couleur noire brillante, mesure environ 225 mm, la cuvette\/ressort dont la forme peut varier suivant le constructeur est maintenue sur le corps par une vis sur le devant, le bouton de suspension comporte quatre stries.<\/p>\n<p><img loading=\"lazy\" decoding=\"async\" class=\"aligncenter wp-image-48304\" src=\"https:\/\/geraldbaios.fr\/wp-content\/uploads\/2015\/05\/98K-Parade-08-1024x607.jpg\" alt=\"\" width=\"400\" height=\"237\" srcset=\"https:\/\/geraldbaios.fr\/wp-content\/uploads\/2015\/05\/98K-Parade-08-1024x607.jpg 1024w, https:\/\/geraldbaios.fr\/wp-content\/uploads\/2015\/05\/98K-Parade-08-300x178.jpg 300w, https:\/\/geraldbaios.fr\/wp-content\/uploads\/2015\/05\/98K-Parade-08-768x455.jpg 768w, https:\/\/geraldbaios.fr\/wp-content\/uploads\/2015\/05\/98K-Parade-08-1536x910.jpg 1536w, https:\/\/geraldbaios.fr\/wp-content\/uploads\/2015\/05\/98K-Parade-08-2048x1213.jpg 2048w\" sizes=\"auto, (max-width: 400px) 100vw, 400px\" \/> <img loading=\"lazy\" decoding=\"async\" class=\"aligncenter wp-image-48305\" src=\"https:\/\/geraldbaios.fr\/wp-content\/uploads\/2015\/05\/98K-Parade-07-1024x669.jpg\" alt=\"\" width=\"399\" height=\"261\" srcset=\"https:\/\/geraldbaios.fr\/wp-content\/uploads\/2015\/05\/98K-Parade-07-1024x669.jpg 1024w, https:\/\/geraldbaios.fr\/wp-content\/uploads\/2015\/05\/98K-Parade-07-300x196.jpg 300w, https:\/\/geraldbaios.fr\/wp-content\/uploads\/2015\/05\/98K-Parade-07-768x502.jpg 768w, https:\/\/geraldbaios.fr\/wp-content\/uploads\/2015\/05\/98K-Parade-07-1536x1003.jpg 1536w, https:\/\/geraldbaios.fr\/wp-content\/uploads\/2015\/05\/98K-Parade-07-2048x1338.jpg 2048w\" sizes=\"auto, (max-width: 399px) 100vw, 399px\" \/><\/p>\n<p><strong>Le porte-fourreau<\/strong> g\u00e9n\u00e9ralement utilis\u00e9 avec ces mod\u00e8les est en feutrine recouvert de simili-cuir de diff\u00e9rentes couleurs.<\/p>\n<p style=\"text-align: justify;\"><strong>Remarques personnelles :<br \/>\n<\/strong><b><\/b>Il existe une multitude de variantes, privil\u00e9giez si possible les lames dont le nom du constructeur apparait, en ce qui concerne le jeu de la lame d\u00fb au mode de construction, il y a malheureusement rien \u00e0 faire.<\/p>\n<p>Le 14\/10\/24.<\/p>\n","protected":false},"excerpt":{"rendered":"<p>Longueur :\u00a0318 mm + ou &#8211; Longueur de la lame :\u00a0195 mm + ou &#8211; Valeur :\u00a0\u20ac\u20ac\u20ac \u20ac Raret\u00e9 :\u00a0\u00a0 Apr\u00e8s avoir pris de l&rsquo;ampleur dans la R\u00e9publique de Weimar apr\u00e8s la Premi\u00e8re Guerre mondiale, le port de couteaux-ba\u00efonnettes habill\u00e9s a connu une croissance explosive parmi les soldats entre 1933 et 1945, lorsque le r\u00e9gime [&hellip;]<\/p>\n","protected":false},"author":1,"featured_media":0,"comment_status":"open","ping_status":"open","sticky":false,"template":"","format":"standard","meta":{"footnotes":""},"categories":[152],"tags":[],"class_list":["post-683","post","type-post","status-publish","format-standard","hentry","category-zzz-sans-n-du-nouvel-abc"],"_links":{"self":[{"href":"https:\/\/geraldbaios.fr\/index.php?rest_route=\/wp\/v2\/posts\/683","targetHints":{"allow":["GET"]}}],"collection":[{"href":"https:\/\/geraldbaios.fr\/index.php?rest_route=\/wp\/v2\/posts"}],"about":[{"href":"https:\/\/geraldbaios.fr\/index.php?rest_route=\/wp\/v2\/types\/post"}],"author":[{"embeddable":true,"href":"https:\/\/geraldbaios.fr\/index.php?rest_route=\/wp\/v2\/users\/1"}],"replies":[{"embeddable":true,"href":"https:\/\/geraldbaios.fr\/index.php?rest_route=%2Fwp%2Fv2%2Fcomments&post=683"}],"version-history":[{"count":66,"href":"https:\/\/geraldbaios.fr\/index.php?rest_route=\/wp\/v2\/posts\/683\/revisions"}],"predecessor-version":[{"id":48355,"href":"https:\/\/geraldbaios.fr\/index.php?rest_route=\/wp\/v2\/posts\/683\/revisions\/48355"}],"wp:attachment":[{"href":"https:\/\/geraldbaios.fr\/index.php?rest_route=%2Fwp%2Fv2%2Fmedia&parent=683"}],"wp:term":[{"taxonomy":"category","embeddable":true,"href":"https:\/\/geraldbaios.fr\/index.php?rest_route=%2Fwp%2Fv2%2Fcategories&post=683"},{"taxonomy":"post_tag","embeddable":true,"href":"https:\/\/geraldbaios.fr\/index.php?rest_route=%2Fwp%2Fv2%2Ftags&post=683"}],"curies":[{"name":"wp","href":"https:\/\/api.w.org\/{rel}","templated":true}]}}