{"id":7812,"date":"2022-05-19T21:27:38","date_gmt":"2022-05-19T19:27:38","guid":{"rendered":"http:\/\/geraldbaios.fr\/?p=7812"},"modified":"2024-01-23T17:43:25","modified_gmt":"2024-01-23T15:43:25","slug":"ar-1o","status":"publish","type":"post","link":"https:\/\/geraldbaios.fr\/?p=7812","title":{"rendered":"Ba\u00efonnette mod\u00e8le AR 10 \u00ab\u00a0N 178\u00a0\u00bb"},"content":{"rendered":"<p><img loading=\"lazy\" decoding=\"async\" class=\"aligncenter wp-image-40198\" src=\"https:\/\/geraldbaios.fr\/wp-content\/uploads\/2015\/07\/AR10-\u00b01\u00b01-1024x669.jpg\" alt=\"\" width=\"753\" height=\"492\" srcset=\"https:\/\/geraldbaios.fr\/wp-content\/uploads\/2015\/07\/AR10-\u00b01\u00b01-1024x669.jpg 1024w, https:\/\/geraldbaios.fr\/wp-content\/uploads\/2015\/07\/AR10-\u00b01\u00b01-300x196.jpg 300w, https:\/\/geraldbaios.fr\/wp-content\/uploads\/2015\/07\/AR10-\u00b01\u00b01-768x502.jpg 768w, https:\/\/geraldbaios.fr\/wp-content\/uploads\/2015\/07\/AR10-\u00b01\u00b01-1536x1003.jpg 1536w, https:\/\/geraldbaios.fr\/wp-content\/uploads\/2015\/07\/AR10-\u00b01\u00b01-2048x1337.jpg 2048w\" sizes=\"auto, (max-width: 753px) 100vw, 753px\" \/><\/p>\n<p style=\"text-align: left;\"><strong>Longueur\u00a0:<\/strong>\u00a0305 mm<br \/>\n<strong>\u00f8\u00a0interne de douille\u00a0:\u00a0<\/strong>21,5 mm<strong><br \/>\n<\/strong><strong>Poids :<\/strong> 300 g (alu)<br \/>\n<strong>\u00a0 \u00a0 \u00a0 \u00a0 \u00a0 \u00a0:<\/strong> 275 g (bois)<\/p>\n<p><img loading=\"lazy\" decoding=\"async\" class=\"aligncenter wp-image-40175\" src=\"https:\/\/geraldbaios.fr\/wp-content\/uploads\/2015\/07\/IMG_7186-1024x519.jpg\" alt=\"\" width=\"501\" height=\"254\" srcset=\"https:\/\/geraldbaios.fr\/wp-content\/uploads\/2015\/07\/IMG_7186-1024x519.jpg 1024w, https:\/\/geraldbaios.fr\/wp-content\/uploads\/2015\/07\/IMG_7186-300x152.jpg 300w, https:\/\/geraldbaios.fr\/wp-content\/uploads\/2015\/07\/IMG_7186-768x390.jpg 768w, https:\/\/geraldbaios.fr\/wp-content\/uploads\/2015\/07\/IMG_7186-1536x779.jpg 1536w, https:\/\/geraldbaios.fr\/wp-content\/uploads\/2015\/07\/IMG_7186.jpg 2015w\" sizes=\"auto, (max-width: 501px) 100vw, 501px\" \/><\/p>\n<p><strong>Armement :<\/strong>\u00a0fusil AR-10<a title=\"AR-10\" href=\"https:\/\/translate.googleusercontent.com\/translate_c?depth=1&amp;hl=fr&amp;prev=search&amp;rurl=translate.google.fr&amp;sl=en&amp;sp=nmt4&amp;u=https:\/\/en.wikipedia.org\/wiki\/AR-10&amp;usg=ALkJrhixFJM45xjnlw6HEVu9cLaTeLRcGA\"><br \/>\n<\/a><strong>Fixation : <\/strong>au dessus\u00a0du canon<\/p>\n<p style=\"text-align: left;\"><strong>Valeur :<\/strong>\u00a0\u20ac\u20ac\u20ac \u20ac\u20ac\u20ac \u20ac\u20ac<br \/>\n<strong>Raret\u00e9 :\u00a0<\/strong>\u00a0<strong><a href=\"https:\/\/geraldbaios.fr\/wp-content\/uploads\/2015\/02\/che1valier.gif\"><img loading=\"lazy\" decoding=\"async\" class=\" size-full wp-image-294 alignnone\" src=\"https:\/\/geraldbaios.fr\/wp-content\/uploads\/2015\/02\/che1valier.gif\" alt=\"che1valier\" width=\"40\" height=\"30\" \/><\/a><\/strong><strong><a href=\"https:\/\/geraldbaios.fr\/wp-content\/uploads\/2015\/02\/che1valier.gif\"><img loading=\"lazy\" decoding=\"async\" class=\" size-full wp-image-294 alignnone\" src=\"https:\/\/geraldbaios.fr\/wp-content\/uploads\/2015\/02\/che1valier.gif\" alt=\"che1valier\" width=\"40\" height=\"30\" \/><\/a><\/strong><strong><a href=\"https:\/\/geraldbaios.fr\/wp-content\/uploads\/2015\/02\/che1valier.gif\"><img loading=\"lazy\" decoding=\"async\" class=\" size-full wp-image-294 alignnone\" src=\"https:\/\/geraldbaios.fr\/wp-content\/uploads\/2015\/02\/che1valier.gif\" alt=\"che1valier\" width=\"40\" height=\"30\" \/><\/a><\/strong><strong><a href=\"https:\/\/geraldbaios.fr\/wp-content\/uploads\/2015\/02\/che1valier.gif\"><img loading=\"lazy\" decoding=\"async\" class=\" size-full wp-image-294 alignnone\" src=\"https:\/\/geraldbaios.fr\/wp-content\/uploads\/2015\/02\/che1valier.gif\" alt=\"che1valier\" width=\"40\" height=\"30\" \/><\/a><\/strong><strong><a href=\"https:\/\/geraldbaios.fr\/wp-content\/uploads\/2015\/02\/che1valier.gif\"><img loading=\"lazy\" decoding=\"async\" class=\" size-full wp-image-294 alignnone\" src=\"https:\/\/geraldbaios.fr\/wp-content\/uploads\/2015\/02\/che1valier.gif\" alt=\"che1valier\" width=\"40\" height=\"30\" \/><\/a><a href=\"https:\/\/geraldbaios.fr\/wp-content\/uploads\/2015\/02\/che1valier.gif\"><img loading=\"lazy\" decoding=\"async\" class=\" size-full wp-image-294 alignnone\" src=\"https:\/\/geraldbaios.fr\/wp-content\/uploads\/2015\/02\/che1valier.gif\" alt=\"che1valier\" width=\"40\" height=\"30\" \/><\/a><\/strong><strong><a href=\"https:\/\/geraldbaios.fr\/wp-content\/uploads\/2015\/02\/che1valier.gif\"><img loading=\"lazy\" decoding=\"async\" class=\" size-full wp-image-294 alignnone\" src=\"https:\/\/geraldbaios.fr\/wp-content\/uploads\/2015\/02\/che1valier.gif\" alt=\"che1valier\" width=\"40\" height=\"30\" \/><br \/>\n<\/a><\/strong><strong><br \/>\n<\/strong>Ces tr\u00e8s rares ba\u00efonnettes fabriqu\u00e9es\u00a0aux Pays-Bas \u00e0 (<span class=\"notranslate\">Artillerie Inrichtingen\u00a0<\/span>Hembrug) ont \u00e9t\u00e9 utilis\u00e9es par l&rsquo;arm\u00e9e portugaise en tr\u00e8s petit nombre (<strong>1 556 exemplaires<\/strong>) en 1960. <span class=\"\">Quelques ba\u00efonnettes AR-10 portugaises suppl\u00e9mentaires ont \u00e9t\u00e9 produites pour \u00eatre utilis\u00e9es dans les essais d&rsquo;armes de l&rsquo;arm\u00e9e n\u00e9erlandaise. Selon le mus\u00e9e de l&rsquo;arm\u00e9e n\u00e9erlandaise, la production totale de ce mod\u00e8le \u00e9tait d&rsquo;environ 1600 pi\u00e8ces. <\/span><\/p>\n<p style=\"text-align: left;\"><span style=\"line-height: 1.5;\">Apr\u00e8s la Seconde Guerre mondiale la majorit\u00e9 des ba\u00efonnettes \u00e9taient con\u00e7ues pour \u00eatre d&rsquo;abord utilis\u00e9es comme poignard\u00a0de combat.<\/span><\/p>\n<p style=\"text-align: center;\"><img loading=\"lazy\" decoding=\"async\" class=\"aligncenter wp-image-40202\" src=\"https:\/\/geraldbaios.fr\/wp-content\/uploads\/2015\/07\/AR10-\u00b01\u00b04-1024x485.jpg\" alt=\"\" width=\"401\" height=\"190\" srcset=\"https:\/\/geraldbaios.fr\/wp-content\/uploads\/2015\/07\/AR10-\u00b01\u00b04-1024x485.jpg 1024w, https:\/\/geraldbaios.fr\/wp-content\/uploads\/2015\/07\/AR10-\u00b01\u00b04-300x142.jpg 300w, https:\/\/geraldbaios.fr\/wp-content\/uploads\/2015\/07\/AR10-\u00b01\u00b04-768x364.jpg 768w, https:\/\/geraldbaios.fr\/wp-content\/uploads\/2015\/07\/AR10-\u00b01\u00b04-1536x727.jpg 1536w, https:\/\/geraldbaios.fr\/wp-content\/uploads\/2015\/07\/AR10-\u00b01\u00b04-2048x970.jpg 2048w\" sizes=\"auto, (max-width: 401px) 100vw, 401px\" \/><strong>Deux rivets maintiennent la croisi\u00e8re<\/strong><img loading=\"lazy\" decoding=\"async\" class=\"aligncenter wp-image-40203\" src=\"https:\/\/geraldbaios.fr\/wp-content\/uploads\/2015\/07\/AR10-\u00b01\u00b05-1024x322.jpg\" alt=\"\" width=\"403\" height=\"127\" srcset=\"https:\/\/geraldbaios.fr\/wp-content\/uploads\/2015\/07\/AR10-\u00b01\u00b05-1024x322.jpg 1024w, https:\/\/geraldbaios.fr\/wp-content\/uploads\/2015\/07\/AR10-\u00b01\u00b05-300x94.jpg 300w, https:\/\/geraldbaios.fr\/wp-content\/uploads\/2015\/07\/AR10-\u00b01\u00b05-768x242.jpg 768w, https:\/\/geraldbaios.fr\/wp-content\/uploads\/2015\/07\/AR10-\u00b01\u00b05-1536x483.jpg 1536w, https:\/\/geraldbaios.fr\/wp-content\/uploads\/2015\/07\/AR10-\u00b01\u00b05-2048x644.jpg 2048w\" sizes=\"auto, (max-width: 403px) 100vw, 403px\" \/> <img loading=\"lazy\" decoding=\"async\" class=\"aligncenter wp-image-40204\" src=\"https:\/\/geraldbaios.fr\/wp-content\/uploads\/2015\/07\/AR10-\u00b01\u00b06-1024x475.jpg\" alt=\"\" width=\"405\" height=\"188\" srcset=\"https:\/\/geraldbaios.fr\/wp-content\/uploads\/2015\/07\/AR10-\u00b01\u00b06-1024x475.jpg 1024w, https:\/\/geraldbaios.fr\/wp-content\/uploads\/2015\/07\/AR10-\u00b01\u00b06-300x139.jpg 300w, https:\/\/geraldbaios.fr\/wp-content\/uploads\/2015\/07\/AR10-\u00b01\u00b06-768x356.jpg 768w, https:\/\/geraldbaios.fr\/wp-content\/uploads\/2015\/07\/AR10-\u00b01\u00b06-1536x713.jpg 1536w, https:\/\/geraldbaios.fr\/wp-content\/uploads\/2015\/07\/AR10-\u00b01\u00b06-2048x951.jpg 2048w\" sizes=\"auto, (max-width: 405px) 100vw, 405px\" \/><strong>Deux petits rivets maintiennent le pommeau \u00e0 la soie<\/strong><img loading=\"lazy\" decoding=\"async\" class=\"aligncenter wp-image-40205\" src=\"https:\/\/geraldbaios.fr\/wp-content\/uploads\/2015\/07\/AR10-\u00b01\u00b07-1024x287.jpg\" alt=\"\" width=\"399\" height=\"112\" srcset=\"https:\/\/geraldbaios.fr\/wp-content\/uploads\/2015\/07\/AR10-\u00b01\u00b07-1024x287.jpg 1024w, https:\/\/geraldbaios.fr\/wp-content\/uploads\/2015\/07\/AR10-\u00b01\u00b07-300x84.jpg 300w, https:\/\/geraldbaios.fr\/wp-content\/uploads\/2015\/07\/AR10-\u00b01\u00b07-768x215.jpg 768w, https:\/\/geraldbaios.fr\/wp-content\/uploads\/2015\/07\/AR10-\u00b01\u00b07-1536x430.jpg 1536w, https:\/\/geraldbaios.fr\/wp-content\/uploads\/2015\/07\/AR10-\u00b01\u00b07-2048x573.jpg 2048w\" sizes=\"auto, (max-width: 399px) 100vw, 399px\" \/> <img loading=\"lazy\" decoding=\"async\" class=\"aligncenter wp-image-40206\" src=\"https:\/\/geraldbaios.fr\/wp-content\/uploads\/2015\/07\/AR10-\u00b01\u00b08-894x1024.jpg\" alt=\"\" width=\"198\" height=\"227\" srcset=\"https:\/\/geraldbaios.fr\/wp-content\/uploads\/2015\/07\/AR10-\u00b01\u00b08-894x1024.jpg 894w, https:\/\/geraldbaios.fr\/wp-content\/uploads\/2015\/07\/AR10-\u00b01\u00b08-262x300.jpg 262w, https:\/\/geraldbaios.fr\/wp-content\/uploads\/2015\/07\/AR10-\u00b01\u00b08-768x879.jpg 768w, https:\/\/geraldbaios.fr\/wp-content\/uploads\/2015\/07\/AR10-\u00b01\u00b08.jpg 1027w\" sizes=\"auto, (max-width: 198px) 100vw, 198px\" \/><\/p>\n<p><strong>La poign\u00e9e <\/strong>est dot\u00e9e d&rsquo;un pommeau de forme droite qui comporte une rainure en <a class=\"row-title\" href=\"https:\/\/geraldbaios.fr\/?p=14743\" aria-label=\"\u00ab\u00a0forme de T\u00a0\u00bb (Modifier)\">forme de T<\/a>, le \u00ab\u00a0Grip\u00a0\u00bb du mod\u00e8le originale est en bois d&rsquo;une seule pi\u00e8ce maintenue \u00e0 la soie par deux vis et \u00e9crou fendus.<\/p>\n<p><img loading=\"lazy\" decoding=\"async\" class=\"aligncenter wp-image-40200\" src=\"https:\/\/geraldbaios.fr\/wp-content\/uploads\/2015\/07\/AR10-\u00b01\u00b02-1024x499.jpg\" alt=\"\" width=\"401\" height=\"195\" srcset=\"https:\/\/geraldbaios.fr\/wp-content\/uploads\/2015\/07\/AR10-\u00b01\u00b02-1024x499.jpg 1024w, https:\/\/geraldbaios.fr\/wp-content\/uploads\/2015\/07\/AR10-\u00b01\u00b02-300x146.jpg 300w, https:\/\/geraldbaios.fr\/wp-content\/uploads\/2015\/07\/AR10-\u00b01\u00b02-768x374.jpg 768w, https:\/\/geraldbaios.fr\/wp-content\/uploads\/2015\/07\/AR10-\u00b01\u00b02-1536x748.jpg 1536w, https:\/\/geraldbaios.fr\/wp-content\/uploads\/2015\/07\/AR10-\u00b01\u00b02-2048x998.jpg 2048w\" sizes=\"auto, (max-width: 401px) 100vw, 401px\" \/> <img loading=\"lazy\" decoding=\"async\" class=\"aligncenter wp-image-40201\" src=\"https:\/\/geraldbaios.fr\/wp-content\/uploads\/2015\/07\/AR10-\u00b01\u00b03-1024x284.jpg\" alt=\"\" width=\"400\" height=\"111\" srcset=\"https:\/\/geraldbaios.fr\/wp-content\/uploads\/2015\/07\/AR10-\u00b01\u00b03-1024x284.jpg 1024w, https:\/\/geraldbaios.fr\/wp-content\/uploads\/2015\/07\/AR10-\u00b01\u00b03-300x83.jpg 300w, https:\/\/geraldbaios.fr\/wp-content\/uploads\/2015\/07\/AR10-\u00b01\u00b03-768x213.jpg 768w, https:\/\/geraldbaios.fr\/wp-content\/uploads\/2015\/07\/AR10-\u00b01\u00b03-1536x425.jpg 1536w, https:\/\/geraldbaios.fr\/wp-content\/uploads\/2015\/07\/AR10-\u00b01\u00b03-2048x567.jpg 2048w\" sizes=\"auto, (max-width: 400px) 100vw, 400px\" \/><\/p>\n<p>Certains exemplaires probablement apr\u00e8s r\u00e9novation sont dot\u00e9s de\u00a0deux plaquettes en aluminium peintes, fix\u00e9es \u00e0 la soie par deux rivets soigneusement aras\u00e9s.<\/p>\n<p style=\"text-align: center;\"><img loading=\"lazy\" decoding=\"async\" class=\"aligncenter wp-image-40207\" src=\"https:\/\/geraldbaios.fr\/wp-content\/uploads\/2015\/07\/AR10-\u00b01\u00b09-1024x367.jpg\" alt=\"\" width=\"600\" height=\"215\" srcset=\"https:\/\/geraldbaios.fr\/wp-content\/uploads\/2015\/07\/AR10-\u00b01\u00b09-1024x367.jpg 1024w, https:\/\/geraldbaios.fr\/wp-content\/uploads\/2015\/07\/AR10-\u00b01\u00b09-300x107.jpg 300w, https:\/\/geraldbaios.fr\/wp-content\/uploads\/2015\/07\/AR10-\u00b01\u00b09-768x275.jpg 768w, https:\/\/geraldbaios.fr\/wp-content\/uploads\/2015\/07\/AR10-\u00b01\u00b09-1536x550.jpg 1536w, https:\/\/geraldbaios.fr\/wp-content\/uploads\/2015\/07\/AR10-\u00b01\u00b09-2048x733.jpg 2048w\" sizes=\"auto, (max-width: 600px) 100vw, 600px\" \/> <img loading=\"lazy\" decoding=\"async\" class=\"aligncenter wp-image-40208\" src=\"https:\/\/geraldbaios.fr\/wp-content\/uploads\/2015\/07\/AR10-\u00b01\u00b010-1024x622.jpg\" alt=\"\" width=\"300\" height=\"182\" srcset=\"https:\/\/geraldbaios.fr\/wp-content\/uploads\/2015\/07\/AR10-\u00b01\u00b010-1024x622.jpg 1024w, https:\/\/geraldbaios.fr\/wp-content\/uploads\/2015\/07\/AR10-\u00b01\u00b010-300x182.jpg 300w, https:\/\/geraldbaios.fr\/wp-content\/uploads\/2015\/07\/AR10-\u00b01\u00b010-768x466.jpg 768w, https:\/\/geraldbaios.fr\/wp-content\/uploads\/2015\/07\/AR10-\u00b01\u00b010-1536x932.jpg 1536w, https:\/\/geraldbaios.fr\/wp-content\/uploads\/2015\/07\/AR10-\u00b01\u00b010-2048x1243.jpg 2048w\" sizes=\"auto, (max-width: 300px) 100vw, 300px\" \/><strong>Petit marquage \u00e0 gauche (Artillerie Inrichtingen)<\/strong><\/p>\n<p style=\"text-align: left;\"><strong><span style=\"line-height: 1.5;\">La lame <\/span><\/strong><span style=\"line-height: 1.5;\">anti reflets <\/span><span style=\"line-height: 1.5;\">poss\u00e8de\u00a0un profil tr\u00e8s simplifi\u00e9, \u00e0 simple tranchant et contre-tranchant aff\u00fbt\u00e9 sur une grande portion vers la pointe<\/span><span style=\"line-height: 1.5;\">.\u00a0<\/span><\/p>\n<p><img loading=\"lazy\" decoding=\"async\" class=\"aligncenter wp-image-40243\" src=\"https:\/\/geraldbaios.fr\/wp-content\/uploads\/2015\/07\/AR10-\u00b0\u00b01-1024x1000.jpg\" alt=\"\" width=\"301\" height=\"294\" srcset=\"https:\/\/geraldbaios.fr\/wp-content\/uploads\/2015\/07\/AR10-\u00b0\u00b01-1024x1000.jpg 1024w, https:\/\/geraldbaios.fr\/wp-content\/uploads\/2015\/07\/AR10-\u00b0\u00b01-300x293.jpg 300w, https:\/\/geraldbaios.fr\/wp-content\/uploads\/2015\/07\/AR10-\u00b0\u00b01-768x750.jpg 768w, https:\/\/geraldbaios.fr\/wp-content\/uploads\/2015\/07\/AR10-\u00b0\u00b01-1536x1500.jpg 1536w, https:\/\/geraldbaios.fr\/wp-content\/uploads\/2015\/07\/AR10-\u00b0\u00b01-2048x2000.jpg 2048w\" sizes=\"auto, (max-width: 301px) 100vw, 301px\" \/><\/p>\n<p><strong>Deux types de fourreaux <\/strong>ont\u00a0\u00e9t\u00e9\u00a0utilis\u00e9s pour ces mod\u00e8les, qui dans tous les cas sont d\u00e9pourvus du double crochet. Le corps est\u00a0constitu\u00e9 de plastique moul\u00e9 de couleur vert olive, il est plus r\u00e9sistant \u00e0 l\u2019usure du temps que le mod\u00e8le US constitu\u00e9 de bandes de toile de coutil impr\u00e9gn\u00e9es de r\u00e9sine ph\u00e9nolique, son extr\u00e9mit\u00e9 est d\u00e9pourvue de\u00a0renfort m\u00e9tallique. La\u00a0chape en acier phosphat\u00e9e, est maintenue sur le corps par sertissage sur les c\u00f4t\u00e9s, elle ne porte aucune inscription.\u00a0A l\u2019arri\u00e8re de cette chape, une corni\u00e8re en forme de L sert d\u2019appui \u00e0 la <strong>suspension<\/strong> :<\/p>\n<ol>\n<li>en coton tiss\u00e9 (webbing), qui est maintenue par deux rivets emboutis.\u00a0La sangle utilis\u00e9e pour le maintien de la ba\u00efonnette est fix\u00e9e \u00e0 l\u2019aide d\u2019un rivet sur la suspension, elle\u00a0se verrouille gr\u00e2ce \u00e0 un bouton pression.<\/li>\n<li class=\"post-content\">en cuir rigide, qui est maintenue par deux rivets emboutis.<\/li>\n<\/ol>\n<p><strong>P\u00e9riode d&rsquo;utilisation :<\/strong><\/p>\n<p><img loading=\"lazy\" decoding=\"async\" class=\"aligncenter wp-image-47599\" src=\"https:\/\/geraldbaios.fr\/wp-content\/uploads\/2022\/05\/Picada20Angola61_jpg.jpg\" alt=\"\" width=\"499\" height=\"332\" srcset=\"https:\/\/geraldbaios.fr\/wp-content\/uploads\/2022\/05\/Picada20Angola61_jpg.jpg 794w, https:\/\/geraldbaios.fr\/wp-content\/uploads\/2022\/05\/Picada20Angola61_jpg-300x199.jpg 300w, https:\/\/geraldbaios.fr\/wp-content\/uploads\/2022\/05\/Picada20Angola61_jpg-768x511.jpg 768w\" sizes=\"auto, (max-width: 499px) 100vw, 499px\" \/><\/p>\n<p>Ces poignards-ba\u00efonnettes ont \u00e9t\u00e9 utilis\u00e9s jusqu&rsquo;en 1975 par les bataillons de parachutistes portugais, lors des <a title=\"Guerres coloniales portugaises\" href=\"https:\/\/fr.wikipedia.org\/wiki\/Guerres_coloniales_portugaises\">Guerres coloniales portugaises<\/a>. Le Portugal membre de l\u2019OTAN, n\u2019a re\u00e7u aucune aide militaire, ni aucune arme de la part d\u2019autres \u00e9tats membres, qui ont vu la guerre pour les colonies, avec une d\u00e9sapprobation croissante en raison des atrocit\u00e9s commises.<br \/>\nEn fait, seuls quelques AR-10 atteignirent les troupes des colonies, avant que le gouvernement n\u00e9erlandais n&rsquo;\u00e9mette un embargo sur les ventes d&rsquo;armes au Portugal. Les fusils livr\u00e9s suffisaient \u00e0 peine \u00e0 armer deux des quatre bataillons d\u00e9ploy\u00e9s en Afrique. Cette commande \u00e9tait la plus importante jamais r\u00e9alis\u00e9e mais ne suffisait manifestement pas \u00e0 maintenir la production d&rsquo;AR-10 en vie, et en 1961, l&rsquo;Artillerie Inrichtingen arr\u00eata la production. Toutes les pi\u00e8ces d\u00e9tach\u00e9es n\u00e9cessaires \u00e0 l&rsquo;entretien des carabines ont \u00e9t\u00e9 produites directement au Portugal au cours des 15 ann\u00e9es \u00e0 venir.<\/p>\n<p><strong><span style=\"color: #000000;\">Avis personnel sur\u00a0<span style=\"caret-color: #000000;\">l&rsquo;attrait de ce mod\u00e8le<\/span>\u00a0:<br \/>\n<\/span><\/strong>La plupart des ba\u00efonnettes non utilis\u00e9es, stock\u00e9es aux Pays-Bas ont \u00e9t\u00e9 d\u00e9truites par l&rsquo;arm\u00e9e n\u00e9erlandaise, et beaucoup ont \u00e9t\u00e9 perdues en Angola et au Mozambique de ce fait elles sont devenues tr\u00e8s tr\u00e8s rares.<\/p>\n<p>Le 27\/04\/21.<\/p>\n","protected":false},"excerpt":{"rendered":"<p>Longueur\u00a0:\u00a0305 mm \u00f8\u00a0interne de douille\u00a0:\u00a021,5 mm Poids : 300 g (alu) \u00a0 \u00a0 \u00a0 \u00a0 \u00a0 \u00a0: 275 g (bois) Armement :\u00a0fusil AR-10 Fixation : au dessus\u00a0du canon Valeur :\u00a0\u20ac\u20ac\u20ac \u20ac\u20ac\u20ac \u20ac\u20ac Raret\u00e9 :\u00a0\u00a0 Ces tr\u00e8s rares ba\u00efonnettes fabriqu\u00e9es\u00a0aux Pays-Bas \u00e0 (Artillerie Inrichtingen\u00a0Hembrug) ont \u00e9t\u00e9 utilis\u00e9es par l&rsquo;arm\u00e9e portugaise en tr\u00e8s petit nombre (1 556 [&hellip;]<\/p>\n","protected":false},"author":1,"featured_media":0,"comment_status":"open","ping_status":"closed","sticky":false,"template":"","format":"standard","meta":{"footnotes":""},"categories":[151],"tags":[],"class_list":["post-7812","post","type-post","status-publish","format-standard","hentry","category-liens-n-du-nouvel-abc"],"_links":{"self":[{"href":"https:\/\/geraldbaios.fr\/index.php?rest_route=\/wp\/v2\/posts\/7812","targetHints":{"allow":["GET"]}}],"collection":[{"href":"https:\/\/geraldbaios.fr\/index.php?rest_route=\/wp\/v2\/posts"}],"about":[{"href":"https:\/\/geraldbaios.fr\/index.php?rest_route=\/wp\/v2\/types\/post"}],"author":[{"embeddable":true,"href":"https:\/\/geraldbaios.fr\/index.php?rest_route=\/wp\/v2\/users\/1"}],"replies":[{"embeddable":true,"href":"https:\/\/geraldbaios.fr\/index.php?rest_route=%2Fwp%2Fv2%2Fcomments&post=7812"}],"version-history":[{"count":121,"href":"https:\/\/geraldbaios.fr\/index.php?rest_route=\/wp\/v2\/posts\/7812\/revisions"}],"predecessor-version":[{"id":47601,"href":"https:\/\/geraldbaios.fr\/index.php?rest_route=\/wp\/v2\/posts\/7812\/revisions\/47601"}],"wp:attachment":[{"href":"https:\/\/geraldbaios.fr\/index.php?rest_route=%2Fwp%2Fv2%2Fmedia&parent=7812"}],"wp:term":[{"taxonomy":"category","embeddable":true,"href":"https:\/\/geraldbaios.fr\/index.php?rest_route=%2Fwp%2Fv2%2Fcategories&post=7812"},{"taxonomy":"post_tag","embeddable":true,"href":"https:\/\/geraldbaios.fr\/index.php?rest_route=%2Fwp%2Fv2%2Ftags&post=7812"}],"curies":[{"name":"wp","href":"https:\/\/api.w.org\/{rel}","templated":true}]}}