{"id":8007,"date":"2022-07-18T18:47:56","date_gmt":"2022-07-18T16:47:56","guid":{"rendered":"http:\/\/geraldbaios.fr\/?p=8007"},"modified":"2025-11-03T13:13:19","modified_gmt":"2025-11-03T11:13:19","slug":"mosquefal-m968","status":"publish","type":"post","link":"https:\/\/geraldbaios.fr\/?p=8007","title":{"rendered":"Ba\u00efonnette FAL tubulaire (Br\u00e9sil) \u00ab\u00a0N 97\u00a0\u00bb"},"content":{"rendered":"<h6><img loading=\"lazy\" decoding=\"async\" class=\"aligncenter wp-image-37997\" src=\"https:\/\/geraldbaios.fr\/wp-content\/uploads\/2016\/02\/FAL-\u00b01\u00b01-1024x400.jpg\" alt=\"\" width=\"745\" height=\"291\" srcset=\"https:\/\/geraldbaios.fr\/wp-content\/uploads\/2016\/02\/FAL-\u00b01\u00b01-1024x400.jpg 1024w, https:\/\/geraldbaios.fr\/wp-content\/uploads\/2016\/02\/FAL-\u00b01\u00b01-300x117.jpg 300w, https:\/\/geraldbaios.fr\/wp-content\/uploads\/2016\/02\/FAL-\u00b01\u00b01-768x300.jpg 768w, https:\/\/geraldbaios.fr\/wp-content\/uploads\/2016\/02\/FAL-\u00b01\u00b01-1536x600.jpg 1536w, https:\/\/geraldbaios.fr\/wp-content\/uploads\/2016\/02\/FAL-\u00b01\u00b01-2048x800.jpg 2048w\" sizes=\"auto, (max-width: 745px) 100vw, 745px\" \/><\/h6>\n<p><strong>Longueur :\u00a0<\/strong>290 mm<strong><br \/>\n\u00f8 interne de la douille : <\/strong><span style=\"line-height: 1.5;\"><a href=\"https:\/\/geraldbaios.fr\/?p=50094\">22 mm<\/a><\/span><strong><br \/>\n<\/strong><\/p>\n<p><img loading=\"lazy\" decoding=\"async\" class=\"aligncenter wp-image-50531\" src=\"https:\/\/geraldbaios.fr\/wp-content\/uploads\/2022\/07\/Musquefal-M968-768x1024.jpg\" alt=\"\" width=\"451\" height=\"601\" srcset=\"https:\/\/geraldbaios.fr\/wp-content\/uploads\/2022\/07\/Musquefal-M968-768x1024.jpg 768w, https:\/\/geraldbaios.fr\/wp-content\/uploads\/2022\/07\/Musquefal-M968-225x300.jpg 225w, https:\/\/geraldbaios.fr\/wp-content\/uploads\/2022\/07\/Musquefal-M968-1152x1536.jpg 1152w, https:\/\/geraldbaios.fr\/wp-content\/uploads\/2022\/07\/Musquefal-M968-1536x2048.jpg 1536w, https:\/\/geraldbaios.fr\/wp-content\/uploads\/2022\/07\/Musquefal-M968.jpg 1559w\" sizes=\"auto, (max-width: 451px) 100vw, 451px\" \/><\/p>\n<p><strong>Armement : <\/strong>fusil modifi\u00e9 M-968<br \/>\n<strong>Fixation : <\/strong>la\u00a0poign\u00e9e entoure le cache-flamme du canon<\/p>\n<p><strong>Valeur :\u00a0<\/strong>\u20ac\u20ac<strong><br \/>\nRaret\u00e9 :\u00a0<a href=\"https:\/\/geraldbaios.fr\/wp-content\/uploads\/2015\/02\/che1valier.gif\"><img loading=\"lazy\" decoding=\"async\" class=\" size-full wp-image-294 alignnone\" src=\"https:\/\/geraldbaios.fr\/wp-content\/uploads\/2015\/02\/che1valier.gif\" alt=\"che1valier\" width=\"40\" height=\"30\" \/><\/a><a href=\"https:\/\/geraldbaios.fr\/wp-content\/uploads\/2015\/02\/che1valier.gif\"><img loading=\"lazy\" decoding=\"async\" class=\" size-full wp-image-294 alignnone\" src=\"https:\/\/geraldbaios.fr\/wp-content\/uploads\/2015\/02\/che1valier.gif\" alt=\"che1valier\" width=\"40\" height=\"30\" \/><\/a><a href=\"https:\/\/geraldbaios.fr\/wp-content\/uploads\/2015\/02\/che1valier.gif\"><img loading=\"lazy\" decoding=\"async\" class=\" size-full wp-image-294 alignnone\" src=\"https:\/\/geraldbaios.fr\/wp-content\/uploads\/2015\/02\/che1valier.gif\" alt=\"che1valier\" width=\"40\" height=\"30\" \/><\/a><a href=\"https:\/\/geraldbaios.fr\/wp-content\/uploads\/2015\/02\/che1valier.gif\"><img loading=\"lazy\" decoding=\"async\" class=\" size-full wp-image-294 alignnone\" src=\"https:\/\/geraldbaios.fr\/wp-content\/uploads\/2015\/02\/che1valier.gif\" alt=\"che1valier\" width=\"40\" height=\"30\" \/><br \/>\n<\/a><br \/>\n<\/strong>Cette ba\u00efonnette de fabrication belge, v<span class=\"notranslate\">oir\u00a0<a href=\"https:\/\/geraldbaios.fr\/?p=23\">(Ba\u00efonnette FAL type C)<\/a><\/span> n&rsquo;a pas \u00e9t\u00e9 utilis\u00e9e avec un fusil FAL, mais\u00a0avec les nombreux fusils M-1908 modifi\u00e9s \u00e0\u00a0la fin des ann\u00e9es 1960, en rempla\u00e7ant le canon d&rsquo;origine par un tube al\u00e9s\u00e9<b>,<\/b>\u00a0de calibre (7,62 x 51 mm OTAN) et en installant \u00e0 la bouche un frein\/cache-flammes faisant office de lance-grenades.<\/p>\n<p><img loading=\"lazy\" decoding=\"async\" class=\"aligncenter wp-image-37999\" src=\"https:\/\/geraldbaios.fr\/wp-content\/uploads\/2016\/02\/FAL-\u00b01\u00b02-1024x340.jpg\" alt=\"\" width=\"501\" height=\"166\" srcset=\"https:\/\/geraldbaios.fr\/wp-content\/uploads\/2016\/02\/FAL-\u00b01\u00b02-1024x340.jpg 1024w, https:\/\/geraldbaios.fr\/wp-content\/uploads\/2016\/02\/FAL-\u00b01\u00b02-300x100.jpg 300w, https:\/\/geraldbaios.fr\/wp-content\/uploads\/2016\/02\/FAL-\u00b01\u00b02-768x255.jpg 768w, https:\/\/geraldbaios.fr\/wp-content\/uploads\/2016\/02\/FAL-\u00b01\u00b02-1536x511.jpg 1536w, https:\/\/geraldbaios.fr\/wp-content\/uploads\/2016\/02\/FAL-\u00b01\u00b02-2048x681.jpg 2048w\" sizes=\"auto, (max-width: 501px) 100vw, 501px\" \/><\/p>\n<p><strong>La poign\u00e9e<\/strong>\u00a0est munie d&rsquo;oreilles de verrouillage lisses.<\/p>\n<p><img loading=\"lazy\" decoding=\"async\" class=\"aligncenter wp-image-38000\" src=\"https:\/\/geraldbaios.fr\/wp-content\/uploads\/2016\/02\/FAL-\u00b01\u00b03-1024x278.jpg\" alt=\"\" width=\"608\" height=\"165\" srcset=\"https:\/\/geraldbaios.fr\/wp-content\/uploads\/2016\/02\/FAL-\u00b01\u00b03-1024x278.jpg 1024w, https:\/\/geraldbaios.fr\/wp-content\/uploads\/2016\/02\/FAL-\u00b01\u00b03-300x82.jpg 300w, https:\/\/geraldbaios.fr\/wp-content\/uploads\/2016\/02\/FAL-\u00b01\u00b03-768x209.jpg 768w, https:\/\/geraldbaios.fr\/wp-content\/uploads\/2016\/02\/FAL-\u00b01\u00b03-1536x418.jpg 1536w, https:\/\/geraldbaios.fr\/wp-content\/uploads\/2016\/02\/FAL-\u00b01\u00b03-2048x557.jpg 2048w\" sizes=\"auto, (max-width: 608px) 100vw, 608px\" \/> <img loading=\"lazy\" decoding=\"async\" class=\"aligncenter wp-image-38001\" src=\"https:\/\/geraldbaios.fr\/wp-content\/uploads\/2016\/02\/FAL-\u00b01\u00b04-1024x580.jpg\" alt=\"\" width=\"305\" height=\"173\" srcset=\"https:\/\/geraldbaios.fr\/wp-content\/uploads\/2016\/02\/FAL-\u00b01\u00b04-1024x580.jpg 1024w, https:\/\/geraldbaios.fr\/wp-content\/uploads\/2016\/02\/FAL-\u00b01\u00b04-300x170.jpg 300w, https:\/\/geraldbaios.fr\/wp-content\/uploads\/2016\/02\/FAL-\u00b01\u00b04-768x435.jpg 768w, https:\/\/geraldbaios.fr\/wp-content\/uploads\/2016\/02\/FAL-\u00b01\u00b04-1536x870.jpg 1536w, https:\/\/geraldbaios.fr\/wp-content\/uploads\/2016\/02\/FAL-\u00b01\u00b04-2048x1160.jpg 2048w\" sizes=\"auto, (max-width: 305px) 100vw, 305px\" \/> <img loading=\"lazy\" decoding=\"async\" class=\"aligncenter wp-image-38002\" src=\"https:\/\/geraldbaios.fr\/wp-content\/uploads\/2016\/02\/FAL-\u00b01\u00b05-1024x569.jpg\" alt=\"\" width=\"304\" height=\"169\" srcset=\"https:\/\/geraldbaios.fr\/wp-content\/uploads\/2016\/02\/FAL-\u00b01\u00b05-1024x569.jpg 1024w, https:\/\/geraldbaios.fr\/wp-content\/uploads\/2016\/02\/FAL-\u00b01\u00b05-300x167.jpg 300w, https:\/\/geraldbaios.fr\/wp-content\/uploads\/2016\/02\/FAL-\u00b01\u00b05-768x427.jpg 768w, https:\/\/geraldbaios.fr\/wp-content\/uploads\/2016\/02\/FAL-\u00b01\u00b05-1536x854.jpg 1536w, https:\/\/geraldbaios.fr\/wp-content\/uploads\/2016\/02\/FAL-\u00b01\u00b05-2048x1139.jpg 2048w\" sizes=\"auto, (max-width: 304px) 100vw, 304px\" \/><\/p>\n<p><strong>Le fourreau <\/strong>br\u00e9silien est en plastique avec une cuvette en acier et porte-fourreau attel\u00e9 en toile web muni d\u2019un double crochet.<\/p>\n<p>Le 01\/11\/25<\/p>\n","protected":false},"excerpt":{"rendered":"<p>Longueur :\u00a0290 mm \u00f8 interne de la douille : 22 mm Armement : fusil modifi\u00e9 M-968 Fixation : la\u00a0poign\u00e9e entoure le cache-flamme du canon Valeur :\u00a0\u20ac\u20ac Raret\u00e9 :\u00a0 Cette ba\u00efonnette de fabrication belge, voir\u00a0(Ba\u00efonnette FAL type C) n&rsquo;a pas \u00e9t\u00e9 utilis\u00e9e avec un fusil FAL, mais\u00a0avec les nombreux fusils M-1908 modifi\u00e9s \u00e0\u00a0la fin des ann\u00e9es [&hellip;]<\/p>\n","protected":false},"author":1,"featured_media":0,"comment_status":"open","ping_status":"closed","sticky":false,"template":"","format":"standard","meta":{"footnotes":""},"categories":[151],"tags":[],"class_list":["post-8007","post","type-post","status-publish","format-standard","hentry","category-liens-n-du-nouvel-abc"],"_links":{"self":[{"href":"https:\/\/geraldbaios.fr\/index.php?rest_route=\/wp\/v2\/posts\/8007","targetHints":{"allow":["GET"]}}],"collection":[{"href":"https:\/\/geraldbaios.fr\/index.php?rest_route=\/wp\/v2\/posts"}],"about":[{"href":"https:\/\/geraldbaios.fr\/index.php?rest_route=\/wp\/v2\/types\/post"}],"author":[{"embeddable":true,"href":"https:\/\/geraldbaios.fr\/index.php?rest_route=\/wp\/v2\/users\/1"}],"replies":[{"embeddable":true,"href":"https:\/\/geraldbaios.fr\/index.php?rest_route=%2Fwp%2Fv2%2Fcomments&post=8007"}],"version-history":[{"count":54,"href":"https:\/\/geraldbaios.fr\/index.php?rest_route=\/wp\/v2\/posts\/8007\/revisions"}],"predecessor-version":[{"id":50568,"href":"https:\/\/geraldbaios.fr\/index.php?rest_route=\/wp\/v2\/posts\/8007\/revisions\/50568"}],"wp:attachment":[{"href":"https:\/\/geraldbaios.fr\/index.php?rest_route=%2Fwp%2Fv2%2Fmedia&parent=8007"}],"wp:term":[{"taxonomy":"category","embeddable":true,"href":"https:\/\/geraldbaios.fr\/index.php?rest_route=%2Fwp%2Fv2%2Fcategories&post=8007"},{"taxonomy":"post_tag","embeddable":true,"href":"https:\/\/geraldbaios.fr\/index.php?rest_route=%2Fwp%2Fv2%2Ftags&post=8007"}],"curies":[{"name":"wp","href":"https:\/\/api.w.org\/{rel}","templated":true}]}}