{"id":8152,"date":"2021-09-23T22:59:15","date_gmt":"2021-09-23T20:59:15","guid":{"rendered":"http:\/\/geraldbaios.fr\/?p=8152"},"modified":"2022-08-27T15:20:24","modified_gmt":"2022-08-27T13:20:24","slug":"mauser-98g","status":"publish","type":"post","link":"https:\/\/geraldbaios.fr\/?p=8152","title":{"rendered":"Ba\u00efonnette M-1898 du premier et du second type \u00ab\u00a0N 1550\u00a0\u00bb"},"content":{"rendered":"<h6><img loading=\"lazy\" decoding=\"async\" class=\"aligncenter size-large wp-image-41775\" src=\"https:\/\/geraldbaios.fr\/wp-content\/uploads\/2015\/04\/Modele-98-0001-1024x161.jpg\" alt=\"\" width=\"800\" height=\"126\" srcset=\"https:\/\/geraldbaios.fr\/wp-content\/uploads\/2015\/04\/Modele-98-0001-1024x161.jpg 1024w, https:\/\/geraldbaios.fr\/wp-content\/uploads\/2015\/04\/Modele-98-0001-300x47.jpg 300w, https:\/\/geraldbaios.fr\/wp-content\/uploads\/2015\/04\/Modele-98-0001-768x121.jpg 768w, https:\/\/geraldbaios.fr\/wp-content\/uploads\/2015\/04\/Modele-98-0001-1536x242.jpg 1536w, https:\/\/geraldbaios.fr\/wp-content\/uploads\/2015\/04\/Modele-98-0001-2048x323.jpg 2048w\" sizes=\"auto, (max-width: 800px) 100vw, 800px\" \/><\/h6>\n<p><strong>Longueur :<\/strong>\u00a0655 mm<\/p>\n<p><img loading=\"lazy\" decoding=\"async\" class=\"aligncenter wp-image-20549\" src=\"https:\/\/geraldbaios.fr\/wp-content\/uploads\/2015\/04\/98-05-1.jpg\" alt=\"\" width=\"401\" height=\"537\" srcset=\"https:\/\/geraldbaios.fr\/wp-content\/uploads\/2015\/04\/98-05-1.jpg 429w, https:\/\/geraldbaios.fr\/wp-content\/uploads\/2015\/04\/98-05-1-224x300.jpg 224w\" sizes=\"auto, (max-width: 401px) 100vw, 401px\" \/><\/p>\n<p><strong>Armement :<\/strong> fusil Mauser G 98<\/p>\n<p><strong>Valeur :<\/strong>\u00a0\u20ac\u20ac\u20ac \u20ac\u20ac\u20ac<strong><br \/>\n<\/strong><strong>Raret\u00e9 :\u00a0<a href=\"https:\/\/geraldbaios.fr\/wp-content\/uploads\/2015\/02\/che1valier.gif\"><img loading=\"lazy\" decoding=\"async\" class=\" size-full wp-image-294 alignnone\" src=\"https:\/\/geraldbaios.fr\/wp-content\/uploads\/2015\/02\/che1valier.gif\" alt=\"che1valier\" width=\"40\" height=\"30\" \/><\/a><a href=\"https:\/\/geraldbaios.fr\/wp-content\/uploads\/2015\/02\/che1valier.gif\"><img loading=\"lazy\" decoding=\"async\" class=\" size-full wp-image-294 alignnone\" src=\"https:\/\/geraldbaios.fr\/wp-content\/uploads\/2015\/02\/che1valier.gif\" alt=\"che1valier\" width=\"40\" height=\"30\" \/><\/a><a href=\"https:\/\/geraldbaios.fr\/wp-content\/uploads\/2015\/02\/che1valier.gif\"><img loading=\"lazy\" decoding=\"async\" class=\" size-full wp-image-294 alignnone\" src=\"https:\/\/geraldbaios.fr\/wp-content\/uploads\/2015\/02\/che1valier.gif\" alt=\"che1valier\" width=\"40\" height=\"30\" \/><\/a><a href=\"https:\/\/geraldbaios.fr\/wp-content\/uploads\/2015\/02\/che1valier.gif\"><img loading=\"lazy\" decoding=\"async\" class=\" size-full wp-image-294 alignnone\" src=\"https:\/\/geraldbaios.fr\/wp-content\/uploads\/2015\/02\/che1valier.gif\" alt=\"che1valier\" width=\"40\" height=\"30\" \/><\/a><a href=\"https:\/\/geraldbaios.fr\/wp-content\/uploads\/2015\/02\/che1valier.gif\"><img loading=\"lazy\" decoding=\"async\" class=\" size-full wp-image-294 alignnone\" src=\"https:\/\/geraldbaios.fr\/wp-content\/uploads\/2015\/02\/che1valier.gif\" alt=\"che1valier\" width=\"40\" height=\"30\" \/><br \/>\n<\/a><\/strong><strong><br \/>\n<\/strong><span class=\"notranslate\">Cette \u00e9p\u00e9e-ba\u00efonnette destin\u00e9e \u00e0 l&rsquo;infanterie\u00a0fut la premi\u00e8re ba\u00efonnette produite pour une utilisation avec le fusil Mauser Gewehr 98.\u00a0<\/span>Les tous premiers mod\u00e8les appel\u00e9s S 98 a\/A, a\/A.S (dents de scie) auraient \u00e9t\u00e9 fabriqu\u00e9s \u00e0 partir de <strong>1902<\/strong> par l&rsquo;entreprise Simson &amp; C\u00b0 avec une poign\u00e9e enveloppante en noyer rainur\u00e9 d&rsquo;une seule pi\u00e8ce durant quelques mois.\u00a0A partir de <strong>1903<\/strong> deux plaquettes furent utilis\u00e9es, simplifiant grandement le mode de fabrication.\u00a0Pour cette transformation la soie a d\u00fb \u00eatre modifi\u00e9e, avec une pi\u00e8ce en acier\u00a0afin d&rsquo;assurer la jonction entre la garde et les plaquettes. Ces mod\u00e8les appel\u00e9s (n\/A,\u00a0neuer Art\u00a0= mod\u00e8le plus r\u00e9cent) furent en grande partie fabriqu\u00e9s par (<strong>Alexander Coppel &amp; Co., Weyersberg, Kirschbaum &amp; Co., Solingen,\u00a0Simson &amp; Co., Suhl,<\/strong> <strong>Prussienne Royale Arsenal, Erfurt, Thuringen<\/strong>).<\/p>\n<p style=\"text-align: center;\"><img loading=\"lazy\" decoding=\"async\" class=\"aligncenter wp-image-9435\" src=\"https:\/\/geraldbaios.fr\/wp-content\/uploads\/2015\/04\/All-1898.jpg\" alt=\"all-1898\" width=\"601\" height=\"176\" srcset=\"https:\/\/geraldbaios.fr\/wp-content\/uploads\/2015\/04\/All-1898.jpg 550w, https:\/\/geraldbaios.fr\/wp-content\/uploads\/2015\/04\/All-1898-300x88.jpg 300w\" sizes=\"auto, (max-width: 601px) 100vw, 601px\" \/><strong>Poign\u00e9e enveloppante du premier type<\/strong><img loading=\"lazy\" decoding=\"async\" class=\"aligncenter wp-image-41776\" src=\"https:\/\/geraldbaios.fr\/wp-content\/uploads\/2015\/04\/Modele-98-0002-1024x447.jpg\" alt=\"\" width=\"600\" height=\"262\" srcset=\"https:\/\/geraldbaios.fr\/wp-content\/uploads\/2015\/04\/Modele-98-0002-1024x447.jpg 1024w, https:\/\/geraldbaios.fr\/wp-content\/uploads\/2015\/04\/Modele-98-0002-300x131.jpg 300w, https:\/\/geraldbaios.fr\/wp-content\/uploads\/2015\/04\/Modele-98-0002-768x335.jpg 768w, https:\/\/geraldbaios.fr\/wp-content\/uploads\/2015\/04\/Modele-98-0002-1536x671.jpg 1536w, https:\/\/geraldbaios.fr\/wp-content\/uploads\/2015\/04\/Modele-98-0002-2048x894.jpg 2048w\" sizes=\"auto, (max-width: 600px) 100vw, 600px\" \/> <img loading=\"lazy\" decoding=\"async\" class=\"aligncenter wp-image-41777\" src=\"https:\/\/geraldbaios.fr\/wp-content\/uploads\/2015\/04\/Modele-98-0003-1024x484.jpg\" alt=\"\" width=\"599\" height=\"283\" srcset=\"https:\/\/geraldbaios.fr\/wp-content\/uploads\/2015\/04\/Modele-98-0003-1024x484.jpg 1024w, https:\/\/geraldbaios.fr\/wp-content\/uploads\/2015\/04\/Modele-98-0003-300x142.jpg 300w, https:\/\/geraldbaios.fr\/wp-content\/uploads\/2015\/04\/Modele-98-0003-768x363.jpg 768w, https:\/\/geraldbaios.fr\/wp-content\/uploads\/2015\/04\/Modele-98-0003-1536x726.jpg 1536w, https:\/\/geraldbaios.fr\/wp-content\/uploads\/2015\/04\/Modele-98-0003-2048x969.jpg 2048w\" sizes=\"auto, (max-width: 599px) 100vw, 599px\" \/><strong>Poign\u00e9e du second type constitu\u00e9e de deux plaquettes<\/strong><img loading=\"lazy\" decoding=\"async\" class=\"aligncenter wp-image-9578\" src=\"https:\/\/geraldbaios.fr\/wp-content\/uploads\/2015\/04\/allemangne-1998-007-1024x570.jpg\" alt=\"allemangne-1998-007\" width=\"300\" height=\"167\" srcset=\"https:\/\/geraldbaios.fr\/wp-content\/uploads\/2015\/04\/allemangne-1998-007-1024x570.jpg 1024w, https:\/\/geraldbaios.fr\/wp-content\/uploads\/2015\/04\/allemangne-1998-007-300x167.jpg 300w, https:\/\/geraldbaios.fr\/wp-content\/uploads\/2015\/04\/allemangne-1998-007-768x427.jpg 768w, https:\/\/geraldbaios.fr\/wp-content\/uploads\/2015\/04\/allemangne-1998-007-665x370.jpg 665w\" sizes=\"auto, (max-width: 300px) 100vw, 300px\" \/><strong>Poin\u00e7ons de contr\u00f4le (lettre gothique\u00a0sous couronne)<\/strong><\/p>\n<p style=\"text-align: left;\"><strong>La poign\u00e9e<\/strong><span class=\"notranslate\">\u00a0comporte une rainure du pommeau en forme de tr\u00e8fle destin\u00e9e \u00e0 int\u00e9grer la baguette de nettoyage du fusil. Ce syst\u00e8me sera repris par la suite pour toutes les ba\u00efonnettes \u00e9quipant tous les\u00a0autres fusils Mauser \u00e0 verrou qui sont bas\u00e9s sur l&rsquo;action M-1898.\u00a0<\/span><span class=\"notranslate\">L&rsquo;\u00e9crou du syst\u00e8me de verrouillage sur le pommeau est rond. <\/span><span class=\"notranslate\">La poign\u00e9e enveloppante ou les deux plaquettes, suivant le type sont maintenues entre elles par boulons \u00e0 t\u00eate ronde et \u00e9crous fendus.\u00a0<\/span><span class=\"notranslate\">Comme la ba\u00efonnette se fixe d\u00e9sormais sous le canon, les autorit\u00e9s militaires prussiennes ont jug\u00e9 l&rsquo;utilisation d&rsquo;une douille de fixation au canon inutile, seul un embryon de celle-ci subsiste. L&rsquo;absence de douille permet en autre l&rsquo;utilisation du prot\u00e8ge bouche lorsque la ba\u00efonnette est fix\u00e9e \u00e0 l&rsquo;arme. La croisi\u00e8re est munie d&rsquo;un crochet courb\u00e9 non pas destin\u00e9 \u00e0 briser la lame d&rsquo;une ba\u00efonnette adverse, mais \u00e0 prot\u00e9ger la main du fantassin lors d&rsquo;un combat ba\u00efonnette au canon.<\/span><span class=\"notranslate\"><br \/>\n<\/span><\/p>\n<p style=\"text-align: center;\"><img loading=\"lazy\" decoding=\"async\" class=\"aligncenter wp-image-9579\" src=\"https:\/\/geraldbaios.fr\/wp-content\/uploads\/2015\/04\/allemangne-1998-008-1024x318.jpg\" alt=\"allemangne-1998-008\" width=\"499\" height=\"155\" srcset=\"https:\/\/geraldbaios.fr\/wp-content\/uploads\/2015\/04\/allemangne-1998-008-1024x318.jpg 1024w, https:\/\/geraldbaios.fr\/wp-content\/uploads\/2015\/04\/allemangne-1998-008-300x93.jpg 300w, https:\/\/geraldbaios.fr\/wp-content\/uploads\/2015\/04\/allemangne-1998-008-768x238.jpg 768w, https:\/\/geraldbaios.fr\/wp-content\/uploads\/2015\/04\/allemangne-1998-008-1170x363.jpg 1170w\" sizes=\"auto, (max-width: 499px) 100vw, 499px\" \/><strong>Marquage\u00a0\u00a086.R.4.106\u00a0= 86\u00e8me\u00a0Fusilier Regiment Reine (Schleswig-Holstein), 4\u00e8me compagnie, n\u00b0 106<\/strong><strong>\u00a0<\/strong><\/p>\n<p>Au tout d\u00e9but de la guerre, on trouve g\u00e9n\u00e9ralement sur la croisi\u00e8re \u00e0 gauche le n\u00b0 r\u00e9gimentaire r\u00e9p\u00e8t\u00e9 sur la cuvette du fourreau.<\/p>\n<p style=\"text-align: center;\"><img loading=\"lazy\" decoding=\"async\" class=\"aligncenter wp-image-41779\" src=\"https:\/\/geraldbaios.fr\/wp-content\/uploads\/2015\/04\/Modele-98-0006-754x1024.jpg\" alt=\"\" width=\"300\" height=\"407\" srcset=\"https:\/\/geraldbaios.fr\/wp-content\/uploads\/2015\/04\/Modele-98-0006-754x1024.jpg 754w, https:\/\/geraldbaios.fr\/wp-content\/uploads\/2015\/04\/Modele-98-0006-221x300.jpg 221w, https:\/\/geraldbaios.fr\/wp-content\/uploads\/2015\/04\/Modele-98-0006-768x1043.jpg 768w, https:\/\/geraldbaios.fr\/wp-content\/uploads\/2015\/04\/Modele-98-0006-1131x1536.jpg 1131w, https:\/\/geraldbaios.fr\/wp-content\/uploads\/2015\/04\/Modele-98-0006-1508x2048.jpg 1508w, https:\/\/geraldbaios.fr\/wp-content\/uploads\/2015\/04\/Modele-98-0006.jpg 1509w\" sizes=\"auto, (max-width: 300px) 100vw, 300px\" \/> <strong>Monogramme royal couronne et W (Wilhelm II), de l&#8217;empereur Guillaume II de Prusse, qui r\u00e9gna de 18<\/strong><strong>98 \u00e0 1918 et ann\u00e9e de fabrication<\/strong><img loading=\"lazy\" decoding=\"async\" class=\"aligncenter wp-image-41778\" src=\"https:\/\/geraldbaios.fr\/wp-content\/uploads\/2015\/04\/Modele-98-0005-1024x586.jpg\" alt=\"\" width=\"300\" height=\"172\" srcset=\"https:\/\/geraldbaios.fr\/wp-content\/uploads\/2015\/04\/Modele-98-0005-1024x586.jpg 1024w, https:\/\/geraldbaios.fr\/wp-content\/uploads\/2015\/04\/Modele-98-0005-300x172.jpg 300w, https:\/\/geraldbaios.fr\/wp-content\/uploads\/2015\/04\/Modele-98-0005-768x440.jpg 768w, https:\/\/geraldbaios.fr\/wp-content\/uploads\/2015\/04\/Modele-98-0005-1536x880.jpg 1536w, https:\/\/geraldbaios.fr\/wp-content\/uploads\/2015\/04\/Modele-98-0005-2048x1173.jpg 2048w\" sizes=\"auto, (max-width: 300px) 100vw, 300px\" \/> <span class=\"notranslate\"><strong>Marquage d&rsquo;un des dix fabricants\u00a0<\/strong><\/span><\/p>\n<p style=\"text-align: left;\"><strong>La longue lame<\/strong> mince souvent appel\u00e9e \u00abdos \u00e9pineux\u00bb, assez fragiles \u00e0 la torsion peut \u00eatre affut\u00e9e en p\u00e9riode de combat. Le dos pr\u00e8s de la croisi\u00e8re est frapp\u00e9 d&rsquo;une couronne au-dessus d&rsquo;un marquage sp\u00e9cifique pour chaque \u00e9tat, le plus courant \u00e9tant bien sur celui du Royaume de Prusse (<strong>W<\/strong>). Ce mod\u00e8le de longueur totale de 655 mm, tout comme le mod\u00e8le fran\u00e7ais \u00e9quivalent Lebel 1886 (640 mm) est\u00a0inadapt\u00e9 pour le combat \u00e0 l&rsquo;int\u00e9rieur des tranch\u00e9es.\u00a0Si un fantassin plante son fusil muni de la ba\u00efonnette, \u00e0 l&rsquo;int\u00e9rieur du corps d&rsquo;un ennemi la lame de cette derni\u00e8re reste g\u00e9n\u00e9ralement coinc\u00e9e entre les c\u00f4tes. Le fusil et la ba\u00efonnette ne pouvant \u00eatre retir\u00e9s rapidement, le fantassin est alors expos\u00e9 un laps de temps aux coups de l&rsquo;ennemi.<br \/>\nLe tr\u00e8s rare mod\u00e8le (6%) nomm\u00e9 S 98 a\/A.S ou n\/A.S \u00e0 28 dents doubles \u00e9tait destin\u00e9 essentiellement aux sous-officiers mais \u00e9galement distribu\u00e9 \u00e0 certains soldats exp\u00e9riment\u00e9s de la troupe. La production de ce mod\u00e8le peu conventionnel utilis\u00e9 comme scie par l&rsquo;infanterie cessa \u00e0 partir de septembre 1914.<\/p>\n<p><img loading=\"lazy\" decoding=\"async\" class=\"aligncenter wp-image-41781\" src=\"https:\/\/geraldbaios.fr\/wp-content\/uploads\/2015\/04\/Modele-98-0007-1024x165.jpg\" alt=\"\" width=\"601\" height=\"97\" srcset=\"https:\/\/geraldbaios.fr\/wp-content\/uploads\/2015\/04\/Modele-98-0007-1024x165.jpg 1024w, https:\/\/geraldbaios.fr\/wp-content\/uploads\/2015\/04\/Modele-98-0007-300x48.jpg 300w, https:\/\/geraldbaios.fr\/wp-content\/uploads\/2015\/04\/Modele-98-0007-768x124.jpg 768w, https:\/\/geraldbaios.fr\/wp-content\/uploads\/2015\/04\/Modele-98-0007-1536x247.jpg 1536w, https:\/\/geraldbaios.fr\/wp-content\/uploads\/2015\/04\/Modele-98-0007-2048x329.jpg 2048w\" sizes=\"auto, (max-width: 601px) 100vw, 601px\" \/> <img loading=\"lazy\" decoding=\"async\" class=\"aligncenter wp-image-41782\" src=\"https:\/\/geraldbaios.fr\/wp-content\/uploads\/2015\/04\/Modele-98-0008-1024x763.jpg\" alt=\"\" width=\"202\" height=\"151\" srcset=\"https:\/\/geraldbaios.fr\/wp-content\/uploads\/2015\/04\/Modele-98-0008-1024x763.jpg 1024w, https:\/\/geraldbaios.fr\/wp-content\/uploads\/2015\/04\/Modele-98-0008-300x224.jpg 300w, https:\/\/geraldbaios.fr\/wp-content\/uploads\/2015\/04\/Modele-98-0008-768x572.jpg 768w, https:\/\/geraldbaios.fr\/wp-content\/uploads\/2015\/04\/Modele-98-0008.jpg 1502w\" sizes=\"auto, (max-width: 202px) 100vw, 202px\" \/> <img loading=\"lazy\" decoding=\"async\" class=\"aligncenter wp-image-41783\" src=\"https:\/\/geraldbaios.fr\/wp-content\/uploads\/2015\/04\/Modele-98-0009-699x1024.jpg\" alt=\"\" width=\"201\" height=\"294\" srcset=\"https:\/\/geraldbaios.fr\/wp-content\/uploads\/2015\/04\/Modele-98-0009-699x1024.jpg 699w, https:\/\/geraldbaios.fr\/wp-content\/uploads\/2015\/04\/Modele-98-0009-205x300.jpg 205w, https:\/\/geraldbaios.fr\/wp-content\/uploads\/2015\/04\/Modele-98-0009-768x1124.jpg 768w, https:\/\/geraldbaios.fr\/wp-content\/uploads\/2015\/04\/Modele-98-0009-1049x1536.jpg 1049w, https:\/\/geraldbaios.fr\/wp-content\/uploads\/2015\/04\/Modele-98-0009-1399x2048.jpg 1399w, https:\/\/geraldbaios.fr\/wp-content\/uploads\/2015\/04\/Modele-98-0009.jpg 1549w\" sizes=\"auto, (max-width: 201px) 100vw, 201px\" \/> <img loading=\"lazy\" decoding=\"async\" class=\"aligncenter wp-image-41784\" src=\"https:\/\/geraldbaios.fr\/wp-content\/uploads\/2015\/04\/Modele-98-00010-702x1024.jpg\" alt=\"\" width=\"200\" height=\"292\" srcset=\"https:\/\/geraldbaios.fr\/wp-content\/uploads\/2015\/04\/Modele-98-00010-702x1024.jpg 702w, https:\/\/geraldbaios.fr\/wp-content\/uploads\/2015\/04\/Modele-98-00010-206x300.jpg 206w, https:\/\/geraldbaios.fr\/wp-content\/uploads\/2015\/04\/Modele-98-00010-768x1120.jpg 768w, https:\/\/geraldbaios.fr\/wp-content\/uploads\/2015\/04\/Modele-98-00010-1053x1536.jpg 1053w, https:\/\/geraldbaios.fr\/wp-content\/uploads\/2015\/04\/Modele-98-00010.jpg 1339w\" sizes=\"auto, (max-width: 200px) 100vw, 200px\" \/><\/p>\n<p><strong>Le fourreau <\/strong>en cuir mince avec chape et extr\u00e9mit\u00e9 en acier poli-brillant. La cuvette avec ses deux petits ressorts internes est maintenue sur la chape par une vis.\u00a0Malheureusement pour les collectionneurs, il\u00a0n&rsquo;a pas \u00e9t\u00e9 con\u00e7u pour les conditions m\u00e9t\u00e9orologiques extr\u00eames des tranch\u00e9es, beaucoup de ceux-ci ont tendance \u00e0 r\u00e9tr\u00e9cir et \u00e0 se d\u00e9former avec le temps.<\/p>\n<p>Un fourreau sp\u00e9cifique avec corps plus important et chape d&rsquo;entr\u00e9e sp\u00e9cifique fut sp\u00e9cialement con\u00e7u pour les mod\u00e8les dot\u00e9s de dents de scie.\u00a0Ces fourreaux en cuir seront progressivement remplac\u00e9s par de rares fourreaux en acier avec\u00a0chapes d&rsquo;entr\u00e9e sp\u00e9cifiques sp\u00e9cialement con\u00e7ues pour les mod\u00e8les dot\u00e9s de dents de scie.<\/p>\n<p><strong>Remarques perso :\u00a0<\/strong><br \/>\nPour plus d&rsquo;informations, ouvrage conseill\u00e9 : Les ba\u00efonnettes allemandes (1898-1945) de <strong>Christian M\u00e9ry<\/strong>.<\/p>\n<p>Le 21\/06\/22.<\/p>\n","protected":false},"excerpt":{"rendered":"<p>Longueur :\u00a0655 mm Armement : fusil Mauser G 98 Valeur :\u00a0\u20ac\u20ac\u20ac \u20ac\u20ac\u20ac Raret\u00e9 :\u00a0 Cette \u00e9p\u00e9e-ba\u00efonnette destin\u00e9e \u00e0 l&rsquo;infanterie\u00a0fut la premi\u00e8re ba\u00efonnette produite pour une utilisation avec le fusil Mauser Gewehr 98.\u00a0Les tous premiers mod\u00e8les appel\u00e9s S 98 a\/A, a\/A.S (dents de scie) auraient \u00e9t\u00e9 fabriqu\u00e9s \u00e0 partir de 1902 par l&rsquo;entreprise Simson &amp; C\u00b0 [&hellip;]<\/p>\n","protected":false},"author":1,"featured_media":0,"comment_status":"open","ping_status":"closed","sticky":false,"template":"","format":"standard","meta":{"footnotes":""},"categories":[151],"tags":[],"class_list":["post-8152","post","type-post","status-publish","format-standard","hentry","category-liens-n-du-nouvel-abc"],"_links":{"self":[{"href":"https:\/\/geraldbaios.fr\/index.php?rest_route=\/wp\/v2\/posts\/8152","targetHints":{"allow":["GET"]}}],"collection":[{"href":"https:\/\/geraldbaios.fr\/index.php?rest_route=\/wp\/v2\/posts"}],"about":[{"href":"https:\/\/geraldbaios.fr\/index.php?rest_route=\/wp\/v2\/types\/post"}],"author":[{"embeddable":true,"href":"https:\/\/geraldbaios.fr\/index.php?rest_route=\/wp\/v2\/users\/1"}],"replies":[{"embeddable":true,"href":"https:\/\/geraldbaios.fr\/index.php?rest_route=%2Fwp%2Fv2%2Fcomments&post=8152"}],"version-history":[{"count":118,"href":"https:\/\/geraldbaios.fr\/index.php?rest_route=\/wp\/v2\/posts\/8152\/revisions"}],"predecessor-version":[{"id":46320,"href":"https:\/\/geraldbaios.fr\/index.php?rest_route=\/wp\/v2\/posts\/8152\/revisions\/46320"}],"wp:attachment":[{"href":"https:\/\/geraldbaios.fr\/index.php?rest_route=%2Fwp%2Fv2%2Fmedia&parent=8152"}],"wp:term":[{"taxonomy":"category","embeddable":true,"href":"https:\/\/geraldbaios.fr\/index.php?rest_route=%2Fwp%2Fv2%2Fcategories&post=8152"},{"taxonomy":"post_tag","embeddable":true,"href":"https:\/\/geraldbaios.fr\/index.php?rest_route=%2Fwp%2Fv2%2Ftags&post=8152"}],"curies":[{"name":"wp","href":"https:\/\/api.w.org\/{rel}","templated":true}]}}