{"id":8332,"date":"2022-07-18T15:56:04","date_gmt":"2022-07-18T13:56:04","guid":{"rendered":"http:\/\/geraldbaios.fr\/?p=8332"},"modified":"2025-11-03T13:13:58","modified_gmt":"2025-11-03T11:13:58","slug":"fal","status":"publish","type":"post","link":"https:\/\/geraldbaios.fr\/?p=8332","title":{"rendered":"Ba\u00efonnette FAL tubulaire (Argentine) \u00ab\u00a0N 97\u00a0\u00bb"},"content":{"rendered":"<p style=\"text-align: center;\"><img loading=\"lazy\" decoding=\"async\" class=\"aligncenter wp-image-45204\" src=\"https:\/\/geraldbaios.fr\/wp-content\/uploads\/2020\/07\/be98b.jpeg\" alt=\"\" width=\"748\" height=\"498\" srcset=\"https:\/\/geraldbaios.fr\/wp-content\/uploads\/2020\/07\/be98b.jpeg 540w, https:\/\/geraldbaios.fr\/wp-content\/uploads\/2020\/07\/be98b-300x200.jpeg 300w\" sizes=\"auto, (max-width: 748px) 100vw, 748px\" \/><strong>Mod\u00e8le \u00e9quip\u00e9 d&rsquo;un porte-fourreau en toile <\/strong><img loading=\"lazy\" decoding=\"async\" class=\"aligncenter wp-image-49472\" src=\"https:\/\/geraldbaios.fr\/wp-content\/uploads\/2022\/07\/IMG_6555.jpg\" alt=\"\" width=\"750\" height=\"293\" srcset=\"https:\/\/geraldbaios.fr\/wp-content\/uploads\/2022\/07\/IMG_6555.jpg 640w, https:\/\/geraldbaios.fr\/wp-content\/uploads\/2022\/07\/IMG_6555-300x117.jpg 300w\" sizes=\"auto, (max-width: 750px) 100vw, 750px\" \/><strong>Mod\u00e8le \u00e9quip\u00e9 d&rsquo;un porte-fourreau en cuir<\/strong><\/p>\n<p style=\"text-align: left;\"><strong>Longueur :<\/strong>\u00a0290 mm<br \/>\n<strong>\u00f8<\/strong>\u00a0<strong>interne de la douille : <\/strong><span style=\"line-height: 1.5;\"><a href=\"https:\/\/geraldbaios.fr\/?p=50094\">22 mm<\/a><\/span><\/p>\n<p><strong>Armement :<\/strong>\u00a0fusil FN FAL<\/p>\n<p style=\"text-align: left;\"><strong>Valeur :\u00a0<\/strong><span style=\"color: #0000ff;\">\u00a0<\/span>\u20ac\u20ac<br \/>\n<strong>Raret\u00e9 :<\/strong>\u00a0<strong><a href=\"https:\/\/geraldbaios.fr\/wp-content\/uploads\/2015\/02\/che1valier.gif\"><img loading=\"lazy\" decoding=\"async\" class=\" size-full wp-image-294 alignnone\" src=\"https:\/\/geraldbaios.fr\/wp-content\/uploads\/2015\/02\/che1valier.gif\" alt=\"che1valier\" width=\"40\" height=\"30\" \/><\/a><a href=\"https:\/\/geraldbaios.fr\/wp-content\/uploads\/2015\/02\/che1valier.gif\"><img loading=\"lazy\" decoding=\"async\" class=\" size-full wp-image-294 alignnone\" src=\"https:\/\/geraldbaios.fr\/wp-content\/uploads\/2015\/02\/che1valier.gif\" alt=\"che1valier\" width=\"40\" height=\"30\" \/><\/a><a href=\"https:\/\/geraldbaios.fr\/wp-content\/uploads\/2015\/02\/che1valier.gif\"><img loading=\"lazy\" decoding=\"async\" class=\" size-full wp-image-294 alignnone\" src=\"https:\/\/geraldbaios.fr\/wp-content\/uploads\/2015\/02\/che1valier.gif\" alt=\"che1valier\" width=\"40\" height=\"30\" \/><\/a><\/strong><strong><a href=\"https:\/\/geraldbaios.fr\/wp-content\/uploads\/2015\/02\/che1valier.gif\"><img loading=\"lazy\" decoding=\"async\" class=\" size-full wp-image-294 alignnone\" src=\"https:\/\/geraldbaios.fr\/wp-content\/uploads\/2015\/02\/che1valier.gif\" alt=\"che1valier\" width=\"40\" height=\"30\" \/><br \/>\n<\/a><\/strong><strong><br \/>\n<\/strong>Voir Belgique <a href=\"https:\/\/geraldbaios.fr\/?p=23\">(Ba\u00efonnette FAL type C).<\/a><\/p>\n<p><img loading=\"lazy\" decoding=\"async\" class=\"aligncenter wp-image-49473\" src=\"https:\/\/geraldbaios.fr\/wp-content\/uploads\/2022\/07\/IMG_6556.jpg\" alt=\"\" width=\"400\" height=\"269\" srcset=\"https:\/\/geraldbaios.fr\/wp-content\/uploads\/2022\/07\/IMG_6556.jpg 640w, https:\/\/geraldbaios.fr\/wp-content\/uploads\/2022\/07\/IMG_6556-300x202.jpg 300w\" sizes=\"auto, (max-width: 400px) 100vw, 400px\" \/><\/p>\n<p><strong>La poign\u00e9e<\/strong> de la variante fabriqu\u00e9e en Argentine est munie d&rsquo;oreilles de verrouillage lisses.<\/p>\n<p style=\"text-align: center;\"><img loading=\"lazy\" decoding=\"async\" class=\"aligncenter wp-image-49474\" src=\"https:\/\/geraldbaios.fr\/wp-content\/uploads\/2022\/07\/IMG_6557.jpg\" alt=\"\" width=\"301\" height=\"415\" srcset=\"https:\/\/geraldbaios.fr\/wp-content\/uploads\/2022\/07\/IMG_6557.jpg 464w, https:\/\/geraldbaios.fr\/wp-content\/uploads\/2022\/07\/IMG_6557-218x300.jpg 218w\" sizes=\"auto, (max-width: 301px) 100vw, 301px\" \/><strong>Num\u00e9rotation sp\u00e9cifique au mod\u00e8le argentin toujours compos\u00e9e ainsi 01,02 ou 03 pr\u00e9c\u00e9dant le n\u00b0 de s\u00e9rie, dans ce cas le 01 est attribu\u00e9 \u00e0 l&rsquo;arm\u00e9e de terre, 02 \u00e0\u00a0<\/strong><strong>la marine<\/strong><strong>, 03 \u00e0 l<\/strong><strong>&lsquo;arm\u00e9e de l&rsquo;air.<\/strong><\/p>\n<p><strong>La lame <\/strong>comporte\u00a0une num\u00e9rotation sp\u00e9cifique inscrite au crayon \u00e9lectrique.<\/p>\n<p><img loading=\"lazy\" decoding=\"async\" class=\"aligncenter wp-image-49476\" src=\"https:\/\/geraldbaios.fr\/wp-content\/uploads\/2022\/07\/IMG_6559.jpg\" alt=\"\" width=\"301\" height=\"373\" srcset=\"https:\/\/geraldbaios.fr\/wp-content\/uploads\/2022\/07\/IMG_6559.jpg 516w, https:\/\/geraldbaios.fr\/wp-content\/uploads\/2022\/07\/IMG_6559-242x300.jpg 242w\" sizes=\"auto, (max-width: 301px) 100vw, 301px\" \/><\/p>\n<p><strong>Le fourreau<\/strong> argentin est en mati\u00e8re plastique avec\u00a0cuvette et bouton de suspension rond en acier.<\/p>\n<p><img loading=\"lazy\" decoding=\"async\" class=\"aligncenter wp-image-49475\" src=\"https:\/\/geraldbaios.fr\/wp-content\/uploads\/2022\/07\/IMG_6558.jpg\" alt=\"\" width=\"502\" height=\"174\" srcset=\"https:\/\/geraldbaios.fr\/wp-content\/uploads\/2022\/07\/IMG_6558.jpg 640w, https:\/\/geraldbaios.fr\/wp-content\/uploads\/2022\/07\/IMG_6558-300x104.jpg 300w\" sizes=\"auto, (max-width: 502px) 100vw, 502px\" \/><\/p>\n<p><strong>Ce porte-fourreau<\/strong> en cuir de fabrication argentine rarement rencontr\u00e9, renforc\u00e9 par deux rivets m\u00e9talliques a \u00e9t\u00e9 con\u00e7u pour \u00e9quiper les fourreaux des ba\u00efonnettes FAL (type A et C).<\/p>\n<p><img loading=\"lazy\" decoding=\"async\" class=\"aligncenter wp-image-48938\" src=\"https:\/\/geraldbaios.fr\/wp-content\/uploads\/2021\/11\/Modele-47-001010-1024x450.jpg\" sizes=\"auto, (max-width: 500px) 100vw, 500px\" srcset=\"https:\/\/geraldbaios.fr\/wp-content\/uploads\/2021\/11\/Modele-47-001010-1024x450.jpg 1024w, https:\/\/geraldbaios.fr\/wp-content\/uploads\/2021\/11\/Modele-47-001010-300x132.jpg 300w, https:\/\/geraldbaios.fr\/wp-content\/uploads\/2021\/11\/Modele-47-001010-768x338.jpg 768w, https:\/\/geraldbaios.fr\/wp-content\/uploads\/2021\/11\/Modele-47-001010-1536x676.jpg 1536w, https:\/\/geraldbaios.fr\/wp-content\/uploads\/2021\/11\/Modele-47-001010-2048x901.jpg 2048w\" alt=\"\" width=\"500\" height=\"220\" \/><img loading=\"lazy\" decoding=\"async\" class=\"aligncenter wp-image-48939\" src=\"https:\/\/geraldbaios.fr\/wp-content\/uploads\/2021\/11\/Modele-47-001011-1024x652.jpg\" sizes=\"auto, (max-width: 500px) 100vw, 500px\" srcset=\"https:\/\/geraldbaios.fr\/wp-content\/uploads\/2021\/11\/Modele-47-001011-1024x652.jpg 1024w, https:\/\/geraldbaios.fr\/wp-content\/uploads\/2021\/11\/Modele-47-001011-300x191.jpg 300w, https:\/\/geraldbaios.fr\/wp-content\/uploads\/2021\/11\/Modele-47-001011-768x489.jpg 768w, https:\/\/geraldbaios.fr\/wp-content\/uploads\/2021\/11\/Modele-47-001011-1536x978.jpg 1536w, https:\/\/geraldbaios.fr\/wp-content\/uploads\/2021\/11\/Modele-47-001011-2048x1304.jpg 2048w\" alt=\"\" width=\"500\" height=\"318\" \/><\/p>\n<p><strong>Ce porte-fourreau<\/strong> de type 1909 en cuir vert a \u00e9t\u00e9 fabriqu\u00e9 dans les ann\u00e9es 1970, il est muni d\u2019une sangle fix\u00e9e par un rivet, destin\u00e9e \u00e0 am\u00e9liorer le maintien de la poign\u00e9e de la ba\u00efonnette. Il a aussi \u00e9t\u00e9 utilis\u00e9 avec les ba\u00efonnettes FAL (type A et C).<\/p>\n<p><img loading=\"lazy\" decoding=\"async\" class=\"aligncenter wp-image-49388\" src=\"https:\/\/geraldbaios.fr\/wp-content\/uploads\/2022\/04\/IMG_6485.jpg\" sizes=\"auto, (max-width: 501px) 100vw, 501px\" srcset=\"https:\/\/geraldbaios.fr\/wp-content\/uploads\/2022\/04\/IMG_6485.jpg 640w, https:\/\/geraldbaios.fr\/wp-content\/uploads\/2022\/04\/IMG_6485-300x119.jpg 300w\" alt=\"\" width=\"501\" height=\"199\" \/><img loading=\"lazy\" decoding=\"async\" class=\"aligncenter wp-image-49389\" src=\"https:\/\/geraldbaios.fr\/wp-content\/uploads\/2022\/04\/IMG_6486.jpg\" sizes=\"auto, (max-width: 501px) 100vw, 501px\" srcset=\"https:\/\/geraldbaios.fr\/wp-content\/uploads\/2022\/04\/IMG_6486.jpg 640w, https:\/\/geraldbaios.fr\/wp-content\/uploads\/2022\/04\/IMG_6486-300x121.jpg 300w\" alt=\"\" width=\"501\" height=\"202\" \/><img loading=\"lazy\" decoding=\"async\" class=\"aligncenter wp-image-49390\" src=\"https:\/\/geraldbaios.fr\/wp-content\/uploads\/2022\/04\/IMG_6487.jpg\" sizes=\"auto, (max-width: 201px) 100vw, 201px\" srcset=\"https:\/\/geraldbaios.fr\/wp-content\/uploads\/2022\/04\/IMG_6487.jpg 554w, https:\/\/geraldbaios.fr\/wp-content\/uploads\/2022\/04\/IMG_6487-260x300.jpg 260w\" alt=\"\" width=\"201\" height=\"232\" \/><\/p>\n<p><strong>Ce porte-fourreau<\/strong> en toile, avec double crochet a \u00e9t\u00e9 utilis\u00e9 avec les ba\u00efonnettes FAL (type A et C). Grace \u00e0 l\u2019agrafe m\u00e9tallique, le maintien du fourreau est beaucoup plus s\u00e9curis\u00e9 que le mod\u00e8le belge de premi\u00e8re g\u00e9n\u00e9ration, \u00e0 passant amovible. Il a \u00e9t\u00e9 introduit au d\u00e9but des ann\u00e9es 1980 pour remplacer le mod\u00e8le en cuir de couleur verte, avec un nouveau type de ceinturon.<\/p>\n<p><strong>P\u00e9riode d\u2019utilisation :<br \/>\n<\/strong>Utilis\u00e9e durant la guerre des Malouines durant une courte p\u00e9riode en 1982.<\/p>\n<p><strong>Avis personnel sur\u00a0l\u2019attrait de ce mod\u00e8le\u00a0:<br \/>\n<\/strong>La variante argentine est clairement identifi\u00e9e, son origine n\u2019est pas inconnue, alors pourquoi pas dans une collection.<\/p>\n<p>Le 13\/05\/25.<\/p>\n","protected":false},"excerpt":{"rendered":"<p>Mod\u00e8le \u00e9quip\u00e9 d&rsquo;un porte-fourreau en toile Mod\u00e8le \u00e9quip\u00e9 d&rsquo;un porte-fourreau en cuir Longueur :\u00a0290 mm \u00f8\u00a0interne de la douille : 22 mm Armement :\u00a0fusil FN FAL Valeur :\u00a0\u00a0\u20ac\u20ac Raret\u00e9 :\u00a0 Voir Belgique (Ba\u00efonnette FAL type C). La poign\u00e9e de la variante fabriqu\u00e9e en Argentine est munie d&rsquo;oreilles de verrouillage lisses. Num\u00e9rotation sp\u00e9cifique au mod\u00e8le argentin [&hellip;]<\/p>\n","protected":false},"author":1,"featured_media":0,"comment_status":"open","ping_status":"closed","sticky":false,"template":"","format":"standard","meta":{"footnotes":""},"categories":[151],"tags":[],"class_list":["post-8332","post","type-post","status-publish","format-standard","hentry","category-liens-n-du-nouvel-abc"],"_links":{"self":[{"href":"https:\/\/geraldbaios.fr\/index.php?rest_route=\/wp\/v2\/posts\/8332","targetHints":{"allow":["GET"]}}],"collection":[{"href":"https:\/\/geraldbaios.fr\/index.php?rest_route=\/wp\/v2\/posts"}],"about":[{"href":"https:\/\/geraldbaios.fr\/index.php?rest_route=\/wp\/v2\/types\/post"}],"author":[{"embeddable":true,"href":"https:\/\/geraldbaios.fr\/index.php?rest_route=\/wp\/v2\/users\/1"}],"replies":[{"embeddable":true,"href":"https:\/\/geraldbaios.fr\/index.php?rest_route=%2Fwp%2Fv2%2Fcomments&post=8332"}],"version-history":[{"count":46,"href":"https:\/\/geraldbaios.fr\/index.php?rest_route=\/wp\/v2\/posts\/8332\/revisions"}],"predecessor-version":[{"id":50569,"href":"https:\/\/geraldbaios.fr\/index.php?rest_route=\/wp\/v2\/posts\/8332\/revisions\/50569"}],"wp:attachment":[{"href":"https:\/\/geraldbaios.fr\/index.php?rest_route=%2Fwp%2Fv2%2Fmedia&parent=8332"}],"wp:term":[{"taxonomy":"category","embeddable":true,"href":"https:\/\/geraldbaios.fr\/index.php?rest_route=%2Fwp%2Fv2%2Fcategories&post=8332"},{"taxonomy":"post_tag","embeddable":true,"href":"https:\/\/geraldbaios.fr\/index.php?rest_route=%2Fwp%2Fv2%2Ftags&post=8332"}],"curies":[{"name":"wp","href":"https:\/\/api.w.org\/{rel}","templated":true}]}}