{"id":8589,"date":"2022-04-27T18:32:26","date_gmt":"2022-04-27T16:32:26","guid":{"rendered":"http:\/\/geraldbaios.fr\/?p=8589"},"modified":"2026-03-04T18:37:04","modified_gmt":"2026-03-04T16:37:04","slug":"baionnette-g","status":"publish","type":"post","link":"https:\/\/geraldbaios.fr\/?p=8589","title":{"rendered":"Ba\u00efonnette AG3 (type 2) \u00ab\u00a0N 200\u00a0\u00bb"},"content":{"rendered":"<p><img loading=\"lazy\" decoding=\"async\" class=\"aligncenter wp-image-51373\" src=\"https:\/\/geraldbaios.fr\/wp-content\/uploads\/2022\/04\/IMG_8377.jpeg\" alt=\"\" width=\"751\" height=\"305\" srcset=\"https:\/\/geraldbaios.fr\/wp-content\/uploads\/2022\/04\/IMG_8377.jpeg 640w, https:\/\/geraldbaios.fr\/wp-content\/uploads\/2022\/04\/IMG_8377-300x122.jpeg 300w\" sizes=\"auto, (max-width: 751px) 100vw, 751px\" \/><\/p>\n<p><strong>Longueur :<\/strong>\u00a0311 mm<br \/>\n<strong>\u00f8<\/strong><strong>\u00a0interne\u00a0<\/strong><strong>de la douille<\/strong>\u00a0<strong>: <\/strong><span style=\"line-height: 1.5;\"><a href=\"https:\/\/geraldbaios.fr\/?p=50094\">22 mm<\/a><\/span><br \/>\n<strong>\u00f8<\/strong><strong>\u00a0externe\u00a0<\/strong><strong>du tenon : <\/strong>10 mm<br \/>\n<strong>Poids :<\/strong> 270 g<\/p>\n<p style=\"text-align: center;\"><img loading=\"lazy\" decoding=\"async\" class=\"aligncenter wp-image-8763\" src=\"https:\/\/geraldbaios.fr\/wp-content\/uploads\/2015\/07\/unnamed-file.jpg\" alt=\"$\" width=\"300\" height=\"494\" srcset=\"https:\/\/geraldbaios.fr\/wp-content\/uploads\/2015\/07\/unnamed-file.jpg 364w, https:\/\/geraldbaios.fr\/wp-content\/uploads\/2015\/07\/unnamed-file-182x300.jpg 182w, https:\/\/geraldbaios.fr\/wp-content\/uploads\/2015\/07\/unnamed-file-225x370.jpg 225w\" sizes=\"auto, (max-width: 300px) 100vw, 300px\" \/><strong>Fusil d&rsquo;assaut<\/strong>\u00a0<b>AG-3A5 encore utilis\u00e9 par la Garde nationale Royale<\/b><\/p>\n<p><strong>Armement :\u00a0<\/strong>fusil de type Heckler &amp; Koch G3<br \/>\n<strong>Fixation :<\/strong> au dessus du canon<\/p>\n<p style=\"text-align: left;\"><strong>Valeur :<\/strong>\u00a0\u20ac\u20ac\u20ac<strong><br \/>\n<\/strong><strong>Raret\u00e9 :<\/strong>\u00a0<strong><a href=\"https:\/\/geraldbaios.fr\/wp-content\/uploads\/2015\/02\/che1valier.gif\"><img loading=\"lazy\" decoding=\"async\" class=\" size-full wp-image-294 alignnone\" src=\"https:\/\/geraldbaios.fr\/wp-content\/uploads\/2015\/02\/che1valier.gif\" alt=\"che1valier\" width=\"40\" height=\"30\" \/><\/a><a href=\"https:\/\/geraldbaios.fr\/wp-content\/uploads\/2015\/02\/che1valier.gif\"><img loading=\"lazy\" decoding=\"async\" class=\" size-full wp-image-294 alignnone\" src=\"https:\/\/geraldbaios.fr\/wp-content\/uploads\/2015\/02\/che1valier.gif\" alt=\"che1valier\" width=\"40\" height=\"30\" \/><\/a><a href=\"https:\/\/geraldbaios.fr\/wp-content\/uploads\/2015\/02\/che1valier.gif\"><img loading=\"lazy\" decoding=\"async\" class=\" size-full wp-image-294 alignnone\" src=\"https:\/\/geraldbaios.fr\/wp-content\/uploads\/2015\/02\/che1valier.gif\" alt=\"che1valier\" width=\"40\" height=\"30\" \/><\/a><\/strong><strong><a href=\"https:\/\/geraldbaios.fr\/wp-content\/uploads\/2015\/02\/che1valier.gif\"><img loading=\"lazy\" decoding=\"async\" class=\" size-full wp-image-294 alignnone\" src=\"https:\/\/geraldbaios.fr\/wp-content\/uploads\/2015\/02\/che1valier.gif\" alt=\"che1valier\" width=\"40\" height=\"30\" \/><\/a><\/strong><strong><a href=\"https:\/\/geraldbaios.fr\/wp-content\/uploads\/2015\/02\/che1valier.gif\"><img loading=\"lazy\" decoding=\"async\" class=\" size-full wp-image-294 alignnone\" src=\"https:\/\/geraldbaios.fr\/wp-content\/uploads\/2015\/02\/che1valier.gif\" alt=\"che1valier\" width=\"40\" height=\"30\" \/><br \/>\n<\/a><\/strong><strong><br \/>\n<\/strong>L&rsquo;entreprise (AES)\u00a0A. Eickhorn GmbH &amp; Co. a \u00e9t\u00e9 fond\u00e9e en 1976 par\u00a0Annette Eickhorn et elle \u00e9tait dirig\u00e9e par J\u00f6rg Eickhorn.\u00a0Cette entreprise\u00a0<span class=\"notranslate\">a d\u00e9velopp\u00e9 sa propre marque, trois hexagones contenant les lettres \u00abA\u00bb, \u00abE\u00bb et \u00abS.\u00bb.\u00a0<strong>AES<\/strong> a produit des ba\u00efonnettes G3 pour la Bundeswehr et pour l&rsquo;exportation, des copies de la ba\u00efonnette FAL de type C, et des copies de la ba\u00efonnette am\u00e9ricaine M7 qui comportaient une poign\u00e9e monobloc. AES a \u00e9galement produit pour certains pays membres de l&rsquo;OTAN de nombreuses variantes du mod\u00e8le KCB-77.\u00a0<\/span><\/p>\n<p>La ba\u00efonnette AG3 (type 2) aurait \u00e9t\u00e9 con\u00e7ue dans les ann\u00e9es 1990 selon les instructions de l&rsquo;arm\u00e9e norv\u00e9gienne \u00e0 <strong>25 000 exemplaires<\/strong>.\u00a0Voir (<a href=\"https:\/\/geraldbaios.fr\/?p=954\">Ba\u00efonnette mod\u00e8le G3<\/a>) dispositif de fixation \u00e0 l&rsquo;arme.<\/p>\n<p><img loading=\"lazy\" decoding=\"async\" class=\"aligncenter wp-image-21054\" src=\"https:\/\/geraldbaios.fr\/wp-content\/uploads\/2015\/07\/G3-1024x342.jpg\" alt=\"\" width=\"500\" height=\"167\" srcset=\"https:\/\/geraldbaios.fr\/wp-content\/uploads\/2015\/07\/G3-1024x342.jpg 1024w, https:\/\/geraldbaios.fr\/wp-content\/uploads\/2015\/07\/G3-300x100.jpg 300w, https:\/\/geraldbaios.fr\/wp-content\/uploads\/2015\/07\/G3-768x256.jpg 768w, https:\/\/geraldbaios.fr\/wp-content\/uploads\/2015\/07\/G3.jpg 1896w\" sizes=\"auto, (max-width: 500px) 100vw, 500px\" \/><img loading=\"lazy\" decoding=\"async\" class=\"aligncenter wp-image-51375\" src=\"https:\/\/geraldbaios.fr\/wp-content\/uploads\/2022\/04\/IMG_8379.jpeg\" alt=\"\" width=\"499\" height=\"220\" srcset=\"https:\/\/geraldbaios.fr\/wp-content\/uploads\/2022\/04\/IMG_8379.jpeg 640w, https:\/\/geraldbaios.fr\/wp-content\/uploads\/2022\/04\/IMG_8379-300x132.jpeg 300w\" sizes=\"auto, (max-width: 499px) 100vw, 499px\" \/><img loading=\"lazy\" decoding=\"async\" class=\"aligncenter wp-image-51376\" src=\"https:\/\/geraldbaios.fr\/wp-content\/uploads\/2022\/04\/IMG_8380.jpeg\" alt=\"\" width=\"499\" height=\"142\" srcset=\"https:\/\/geraldbaios.fr\/wp-content\/uploads\/2022\/04\/IMG_8380.jpeg 640w, https:\/\/geraldbaios.fr\/wp-content\/uploads\/2022\/04\/IMG_8380-300x85.jpeg 300w\" sizes=\"auto, (max-width: 499px) 100vw, 499px\" \/><\/p>\n<p><strong>La poign\u00e9e<\/strong> ronde monobloc en plastique de couleur verte comporte sept rainures, elle int\u00e8gre pr\u00e8s de la douille une protection anti-chaleur en t\u00f4le de (15&#215;23 mm).<\/p>\n<p><img loading=\"lazy\" decoding=\"async\" class=\"aligncenter wp-image-51377\" src=\"https:\/\/geraldbaios.fr\/wp-content\/uploads\/2022\/04\/IMG_8381.jpeg\" alt=\"\" width=\"501\" height=\"219\" srcset=\"https:\/\/geraldbaios.fr\/wp-content\/uploads\/2022\/04\/IMG_8381.jpeg 640w, https:\/\/geraldbaios.fr\/wp-content\/uploads\/2022\/04\/IMG_8381-300x131.jpeg 300w\" sizes=\"auto, (max-width: 501px) 100vw, 501px\" \/><\/p>\n<p><strong>Le pommeau <\/strong>en plastique fait partie de la poign\u00e9e, par rapport \u00e0 la bague, (vue arri\u00e8re) le crochet int\u00e9gr\u00e9 au tenon de verrouillage se situe \u00e0 environ 3 heures.<\/p>\n<p><img loading=\"lazy\" decoding=\"async\" class=\"aligncenter wp-image-51378\" src=\"https:\/\/geraldbaios.fr\/wp-content\/uploads\/2022\/04\/IMG_8382.jpeg\" alt=\"\" width=\"399\" height=\"136\" srcset=\"https:\/\/geraldbaios.fr\/wp-content\/uploads\/2022\/04\/IMG_8382.jpeg 640w, https:\/\/geraldbaios.fr\/wp-content\/uploads\/2022\/04\/IMG_8382-300x102.jpeg 300w\" sizes=\"auto, (max-width: 399px) 100vw, 399px\" \/><\/p>\n<p><strong>La croisi\u00e8re<\/strong> est munie de deux encoches (inutiles dans ce cas) destin\u00e9es \u00e0 bloquer le crochet du ressort plat situ\u00e9 \u00e0 l&rsquo;arri\u00e8re du fourreau d&rsquo;origine allemand.<\/p>\n<p><img loading=\"lazy\" decoding=\"async\" class=\"aligncenter wp-image-51379\" src=\"https:\/\/geraldbaios.fr\/wp-content\/uploads\/2022\/04\/IMG_8383.jpeg\" alt=\"\" width=\"599\" height=\"219\" srcset=\"https:\/\/geraldbaios.fr\/wp-content\/uploads\/2022\/04\/IMG_8383.jpeg 640w, https:\/\/geraldbaios.fr\/wp-content\/uploads\/2022\/04\/IMG_8383-300x110.jpeg 300w\" sizes=\"auto, (max-width: 599px) 100vw, 599px\" \/><\/p>\n<p><strong>La lame<\/strong> de type<a class=\"row-title\" href=\"https:\/\/geraldbaios.fr\/?p=14810\" aria-label=\"\u00ab\u00a0lame de type US M4\u00a0\u00bb (Modifier)\">\u00a0US M4<\/a>\u00a0ne comporte aucun marquage.<\/p>\n<p><img loading=\"lazy\" decoding=\"async\" class=\"aligncenter wp-image-51374\" src=\"https:\/\/geraldbaios.fr\/wp-content\/uploads\/2022\/04\/IMG_8378.jpeg\" alt=\"\" width=\"599\" height=\"161\" srcset=\"https:\/\/geraldbaios.fr\/wp-content\/uploads\/2022\/04\/IMG_8378.jpeg 640w, https:\/\/geraldbaios.fr\/wp-content\/uploads\/2022\/04\/IMG_8378-300x81.jpeg 300w\" sizes=\"auto, (max-width: 599px) 100vw, 599px\" \/><\/p>\n<p><strong>Le fourreau<\/strong> allemand (<strong>Eickhorn<\/strong>) de type US\u00a0<strong>M8 A1<\/strong>, pourvu d\u2019un double crochet de suspension est une copie du mod\u00e8le US M8 A1 con\u00e7u dans les ann\u00e9es 50. Son corps est\u00a0constitu\u00e9 de plastique moul\u00e9 de couleur vert olive, il est plus r\u00e9sistant \u00e0 l&rsquo;usure du temps que le mod\u00e8le US constitu\u00e9 de bandes de toile de coutil impr\u00e9gn\u00e9es de r\u00e9sine ph\u00e9nolique, son extr\u00e9mit\u00e9 est d\u00e9pourvue de\u00a0renfort m\u00e9tallique.\u00a0La\u00a0chape en acier phosphat\u00e9e, maintenue sur le corps par sertissage sur les c\u00f4t\u00e9s, ne comporte aucune inscription. A l\u2019arri\u00e8re de cette chape, une corni\u00e8re en forme de L sert d\u2019appui \u00e0 la suspension\u00a0en coton tiss\u00e9 (webbing), qui est maintenue par deux rivets emboutis.\u00a0La sangle utilis\u00e9e pour le maintien de la ba\u00efonnette est fix\u00e9e \u00e0 l\u2019aide d\u2019un rivet sur la suspension, elle\u00a0se verrouille gr\u00e2ce \u00e0 un bouton pression.<\/p>\n<p>Le 04\/03\/26<\/p>\n","protected":false},"excerpt":{"rendered":"<p>Longueur :\u00a0311 mm \u00f8\u00a0interne\u00a0de la douille\u00a0: 22 mm \u00f8\u00a0externe\u00a0du tenon : 10 mm Poids : 270 g Fusil d&rsquo;assaut\u00a0AG-3A5 encore utilis\u00e9 par la Garde nationale Royale Armement :\u00a0fusil de type Heckler &amp; Koch G3 Fixation : au dessus du canon Valeur :\u00a0\u20ac\u20ac\u20ac Raret\u00e9 :\u00a0 L&rsquo;entreprise (AES)\u00a0A. Eickhorn GmbH &amp; Co. a \u00e9t\u00e9 fond\u00e9e en 1976 [&hellip;]<\/p>\n","protected":false},"author":1,"featured_media":0,"comment_status":"open","ping_status":"closed","sticky":false,"template":"","format":"standard","meta":{"footnotes":""},"categories":[151],"tags":[],"class_list":["post-8589","post","type-post","status-publish","format-standard","hentry","category-liens-n-du-nouvel-abc"],"_links":{"self":[{"href":"https:\/\/geraldbaios.fr\/index.php?rest_route=\/wp\/v2\/posts\/8589","targetHints":{"allow":["GET"]}}],"collection":[{"href":"https:\/\/geraldbaios.fr\/index.php?rest_route=\/wp\/v2\/posts"}],"about":[{"href":"https:\/\/geraldbaios.fr\/index.php?rest_route=\/wp\/v2\/types\/post"}],"author":[{"embeddable":true,"href":"https:\/\/geraldbaios.fr\/index.php?rest_route=\/wp\/v2\/users\/1"}],"replies":[{"embeddable":true,"href":"https:\/\/geraldbaios.fr\/index.php?rest_route=%2Fwp%2Fv2%2Fcomments&post=8589"}],"version-history":[{"count":100,"href":"https:\/\/geraldbaios.fr\/index.php?rest_route=\/wp\/v2\/posts\/8589\/revisions"}],"predecessor-version":[{"id":51384,"href":"https:\/\/geraldbaios.fr\/index.php?rest_route=\/wp\/v2\/posts\/8589\/revisions\/51384"}],"wp:attachment":[{"href":"https:\/\/geraldbaios.fr\/index.php?rest_route=%2Fwp%2Fv2%2Fmedia&parent=8589"}],"wp:term":[{"taxonomy":"category","embeddable":true,"href":"https:\/\/geraldbaios.fr\/index.php?rest_route=%2Fwp%2Fv2%2Fcategories&post=8589"},{"taxonomy":"post_tag","embeddable":true,"href":"https:\/\/geraldbaios.fr\/index.php?rest_route=%2Fwp%2Fv2%2Ftags&post=8589"}],"curies":[{"name":"wp","href":"https:\/\/api.w.org\/{rel}","templated":true}]}}