{"id":954,"date":"2022-05-18T21:17:21","date_gmt":"2022-05-18T19:17:21","guid":{"rendered":"http:\/\/geraldbaios.fr\/?p=954"},"modified":"2026-02-08T15:24:12","modified_gmt":"2026-02-08T13:24:12","slug":"baionnette-g3-2","status":"publish","type":"post","link":"https:\/\/geraldbaios.fr\/?p=954","title":{"rendered":"Ba\u00efonnette G3 \u00ab\u00a0N 183\u00a0\u00bb"},"content":{"rendered":"<p style=\"text-align: center;\"><img loading=\"lazy\" decoding=\"async\" class=\"aligncenter size-large wp-image-42150\" src=\"https:\/\/geraldbaios.fr\/wp-content\/uploads\/2015\/05\/g3-\u00b0\u00b02-757x1024.jpg\" alt=\"\" width=\"757\" height=\"1024\" srcset=\"https:\/\/geraldbaios.fr\/wp-content\/uploads\/2015\/05\/g3-\u00b0\u00b02-757x1024.jpg 757w, https:\/\/geraldbaios.fr\/wp-content\/uploads\/2015\/05\/g3-\u00b0\u00b02-222x300.jpg 222w, https:\/\/geraldbaios.fr\/wp-content\/uploads\/2015\/05\/g3-\u00b0\u00b02-768x1038.jpg 768w, https:\/\/geraldbaios.fr\/wp-content\/uploads\/2015\/05\/g3-\u00b0\u00b02-1136x1536.jpg 1136w, https:\/\/geraldbaios.fr\/wp-content\/uploads\/2015\/05\/g3-\u00b0\u00b02-1515x2048.jpg 1515w, https:\/\/geraldbaios.fr\/wp-content\/uploads\/2015\/05\/g3-\u00b0\u00b02-scaled.jpg 1894w\" sizes=\"auto, (max-width: 757px) 100vw, 757px\" \/><em>Ba\u00efonnette accompagn\u00e9e d&rsquo;un casque M-62<\/em><\/p>\n<p style=\"text-align: left;\"><strong>Longueur :<\/strong>\u00a0307 mm<br \/>\n<strong>\u00f8<\/strong><strong>\u00a0interne\u00a0<\/strong><strong>de la douille<\/strong>\u00a0<strong>: <\/strong><span style=\"line-height: 1.5;\"><a href=\"https:\/\/geraldbaios.fr\/?p=50094\">22 mm<\/a><\/span><br \/>\n<strong>\u00f8<\/strong><strong>\u00a0externe\u00a0<\/strong><strong>du tenon : <\/strong>10 mm<br \/>\n<strong>Poids :<\/strong> 290 g<\/p>\n<p><strong>Armement :<\/strong>\u00a0fusil Heckler &amp; Koch G3\u00a0<a title=\"Heckler &amp; Koch G3\" href=\"https:\/\/translate.googleusercontent.com\/translate_c?depth=1&amp;hl=fr&amp;prev=search&amp;rurl=translate.google.fr&amp;sl=en&amp;sp=nmt4&amp;u=https:\/\/en.wikipedia.org\/wiki\/Heckler_%2526_Koch_G3&amp;usg=ALkJrhg_KXxWyzQRBg_JoTcEzX2nE2AS8w\"><br \/>\n<\/a><strong>Fixation : <\/strong>au dessus\u00a0du canon<\/p>\n<p style=\"text-align: left;\"><strong>Valeur :<\/strong>\u00a0\u20ac\u20ac\u20ac<br \/>\n<strong>Raret\u00e9 :<\/strong>\u00a0<strong><a href=\"https:\/\/geraldbaios.fr\/wp-content\/uploads\/2015\/02\/che1valier.gif\"><img loading=\"lazy\" decoding=\"async\" class=\" size-full wp-image-294 alignnone\" src=\"https:\/\/geraldbaios.fr\/wp-content\/uploads\/2015\/02\/che1valier.gif\" alt=\"che1valier\" width=\"40\" height=\"30\" \/><\/a><\/strong><strong><a href=\"https:\/\/geraldbaios.fr\/wp-content\/uploads\/2015\/02\/che1valier.gif\"><img loading=\"lazy\" decoding=\"async\" class=\" size-full wp-image-294 alignnone\" src=\"https:\/\/geraldbaios.fr\/wp-content\/uploads\/2015\/02\/che1valier.gif\" alt=\"che1valier\" width=\"40\" height=\"30\" \/><\/a><\/strong><strong><a href=\"https:\/\/geraldbaios.fr\/wp-content\/uploads\/2015\/02\/che1valier.gif\"><img loading=\"lazy\" decoding=\"async\" class=\" size-full wp-image-294 alignnone\" src=\"https:\/\/geraldbaios.fr\/wp-content\/uploads\/2015\/02\/che1valier.gif\" alt=\"che1valier\" width=\"40\" height=\"30\" \/><\/a><\/strong><strong><a href=\"https:\/\/geraldbaios.fr\/wp-content\/uploads\/2015\/02\/che1valier.gif\"><img loading=\"lazy\" decoding=\"async\" class=\" size-full wp-image-294 alignnone\" src=\"https:\/\/geraldbaios.fr\/wp-content\/uploads\/2015\/02\/che1valier.gif\" alt=\"che1valier\" width=\"40\" height=\"30\" \/><br \/>\n<\/a><\/strong><strong><br \/>\n<\/strong><span class=\"notranslate\">Cette ba\u00efonnette fabriqu\u00e9e par (<strong>AES<\/strong>) a \u00e9t\u00e9 bri\u00e8vement utilis\u00e9 par les forces arm\u00e9es f\u00e9d\u00e9rales allemandes, il est entr\u00e9 en service au d\u00e9but des ann\u00e9es 1980, avec le fusil H &amp; K G41, jusqu\u2019\u00e0 l\u2019adoption du fusil H &amp; K G36 en 1997.\u00a0<\/span><\/p>\n<p>Le fusil FMP (F\u00e1brica Militar de Portugal), et plus pr\u00e9cis\u00e9ment le <strong>FMP G3<\/strong>, est \u00e9troitement li\u00e9 au fusil de combat Heckler &amp; Koch G3. Fabriqu\u00e9 sous licence au Portugal, il a constitu\u00e9 le fusil de combat principal des forces arm\u00e9es portugaises pendant de nombreuses ann\u00e9es. L&rsquo;arm\u00e9e portugaise, avec ces fusils a adopt\u00e9 ce m\u00eame type de ba\u00efonnettes.<\/p>\n<p style=\"text-align: left;\">L&rsquo;entreprise (<strong>AES<\/strong>)\u00a0A. Eickhorn GmbH &amp; Co. a \u00e9t\u00e9 fond\u00e9e en 1976 par\u00a0Annette Eickhorn et elle \u00e9tait dirig\u00e9e par J\u00f6rg Eickhorn.\u00a0Cette entreprise, concurrente de GMS\u00a0<span class=\"notranslate\">a d\u00e9velopp\u00e9 sa propre marque, trois hexagones contenant les lettres \u00abA\u00bb, \u00abE\u00bb et \u00abS.\u00bb, pour rappel, de 1976 \u00e0 1981, GMS\u00a0\u00e9tait propri\u00e9taire exclusif de la marque de l&rsquo;\u00e9cureuil<\/span><span class=\"notranslate\">.\u00a0<strong>AES<\/strong> a \u00a0produit des ba\u00efonnettes G3 pour la Bundeswehr et pour l&rsquo;exportation, des copies de la ba\u00efonnette FAL de type C, et des copies de la ba\u00efonnette am\u00e9ricaine M7 qui comportaient une poign\u00e9e monobloc. AES a \u00e9galement produit de nombreuses variantes du mod\u00e8le KCB-77.\u00a0<\/span>Cette usine a fabriqu\u00e9 des ba\u00efonnettes pour certains pays de l&rsquo;OTAN qui pouvaient s&rsquo;adapter \u00e0 diff\u00e9rents types d&rsquo;armes.<\/p>\n<h2><strong>Syst\u00e8me de fixation de la ba\u00efonnette au fusil G3<\/strong><\/h2>\n<p style=\"text-align: center;\"><img loading=\"lazy\" decoding=\"async\" class=\"aligncenter wp-image-31360\" src=\"https:\/\/geraldbaios.fr\/wp-content\/uploads\/2015\/05\/shtik_G3_4.jpg\" alt=\"\" width=\"403\" height=\"227\" srcset=\"https:\/\/geraldbaios.fr\/wp-content\/uploads\/2015\/05\/shtik_G3_4.jpg 730w, https:\/\/geraldbaios.fr\/wp-content\/uploads\/2015\/05\/shtik_G3_4-300x169.jpg 300w\" sizes=\"auto, (max-width: 403px) 100vw, 403px\" \/><img loading=\"lazy\" decoding=\"async\" class=\"wp-image-31359 aligncenter\" style=\"text-align: center;\" src=\"https:\/\/geraldbaios.fr\/wp-content\/uploads\/2015\/05\/shtik_G3_2.jpg\" alt=\"\" width=\"400\" height=\"257\" srcset=\"https:\/\/geraldbaios.fr\/wp-content\/uploads\/2015\/05\/shtik_G3_2.jpg 730w, https:\/\/geraldbaios.fr\/wp-content\/uploads\/2015\/05\/shtik_G3_2-300x193.jpg 300w\" sizes=\"auto, (max-width: 400px) 100vw, 400px\" \/><a style=\"text-align: center;\" href=\"https:\/\/geraldbaios.fr\/wp-content\/uploads\/2015\/11\/AK4-Export.jpg\"><img loading=\"lazy\" decoding=\"async\" class=\"wp-image-3873 aligncenter\" src=\"https:\/\/geraldbaios.fr\/wp-content\/uploads\/2015\/11\/AK4-Export.jpg\" alt=\"AK4 Export\" width=\"399\" height=\"493\" srcset=\"https:\/\/geraldbaios.fr\/wp-content\/uploads\/2015\/11\/AK4-Export.jpg 666w, https:\/\/geraldbaios.fr\/wp-content\/uploads\/2015\/11\/AK4-Export-243x300.jpg 243w\" sizes=\"auto, (max-width: 399px) 100vw, 399px\" \/><\/a><em style=\"text-align: center;\">Photos (x3) trouv\u00e9es sur internet<\/em><\/p>\n<div class=\"images\">\n<div class=\"inline-attachment\" style=\"text-align: center;\">\n<dl class=\"file\">\n<dt><img loading=\"lazy\" decoding=\"async\" class=\"aligncenter wp-image-31352\" src=\"https:\/\/geraldbaios.fr\/wp-content\/uploads\/2015\/03\/hkk-1287_3_167_detail.jpg\" alt=\"\" width=\"250\" height=\"250\" srcset=\"https:\/\/geraldbaios.fr\/wp-content\/uploads\/2015\/03\/hkk-1287_3_167_detail.jpg 500w, https:\/\/geraldbaios.fr\/wp-content\/uploads\/2015\/03\/hkk-1287_3_167_detail-150x150.jpg 150w, https:\/\/geraldbaios.fr\/wp-content\/uploads\/2015\/03\/hkk-1287_3_167_detail-300x300.jpg 300w\" sizes=\"auto, (max-width: 250px) 100vw, 250px\" \/><\/dt>\n<dt><strong>En fonction de la sp\u00e9cificit\u00e9 du tenon, et de la position du crochet, plusieurs types d&rsquo;adaptateurs existent, celui-ci pour exemple a \u00e9t\u00e9 con\u00e7u pour une ba\u00efonnette G3 allemande.<\/strong><\/dt>\n<\/dl>\n<p style=\"text-align: left;\">Une caract\u00e9ristique distinctive des fusils d&rsquo;assaut Heckler &amp; Koch est le tube \u00e0 gaz d&rsquo;armement positionn\u00e9 au-dessus du canon. Dans le cas des fusils non destin\u00e9s \u00e0 \u00eatre utilis\u00e9s avec des ba\u00efonnettes, ce tube d&rsquo;armement est obtur\u00e9 \u00e0 son extr\u00e9mit\u00e9 par un capuchon circulaire maintenu par une vis. Pour y adapter une ba\u00efonnette, il faut remplacer ce capuchon par <strong>un adaptateur<\/strong> circulaire de diam\u00e8tre interne de\u00a0<strong>10 <\/strong>ou<strong> 20 mm<\/strong>. Lors de la fixation de la ba\u00efonnette \u00e0 l&rsquo;arme, le tenon qui comporte le crochet de verrouillage situ\u00e9 \u00e0 l&rsquo;arri\u00e8re du pommeau pousse le piston \u00e0 ressort, \u00e0 la lib\u00e9ration du crochet celui-ci s&rsquo;amarre sur la partie creuse de la paroi de l&rsquo;adaptateur.<\/p>\n<p><img loading=\"lazy\" decoding=\"async\" class=\"aligncenter wp-image-42153\" src=\"https:\/\/geraldbaios.fr\/wp-content\/uploads\/2015\/05\/g3-\u00b0\u00b03-1024x293.jpg\" alt=\"\" width=\"497\" height=\"142\" srcset=\"https:\/\/geraldbaios.fr\/wp-content\/uploads\/2015\/05\/g3-\u00b0\u00b03-1024x293.jpg 1024w, https:\/\/geraldbaios.fr\/wp-content\/uploads\/2015\/05\/g3-\u00b0\u00b03-300x86.jpg 300w, https:\/\/geraldbaios.fr\/wp-content\/uploads\/2015\/05\/g3-\u00b0\u00b03-768x220.jpg 768w, https:\/\/geraldbaios.fr\/wp-content\/uploads\/2015\/05\/g3-\u00b0\u00b03-1536x439.jpg 1536w, https:\/\/geraldbaios.fr\/wp-content\/uploads\/2015\/05\/g3-\u00b0\u00b03-2048x586.jpg 2048w\" sizes=\"auto, (max-width: 497px) 100vw, 497px\" \/><\/p>\n<\/div>\n<div><strong>La poign\u00e9e <\/strong>ronde monobloc en plastique de couleur noire brillant comporte douze rainures, elle int\u00e8gre pr\u00e8s de la douille une protection anti-chaleur en t\u00f4le de (15&#215;23 mm).<\/div>\n<div><\/div>\n<\/div>\n<div><img loading=\"lazy\" decoding=\"async\" class=\"aligncenter wp-image-42154\" src=\"https:\/\/geraldbaios.fr\/wp-content\/uploads\/2015\/05\/g3-\u00b0\u00b04-1024x608.jpg\" alt=\"\" width=\"302\" height=\"179\" srcset=\"https:\/\/geraldbaios.fr\/wp-content\/uploads\/2015\/05\/g3-\u00b0\u00b04-1024x608.jpg 1024w, https:\/\/geraldbaios.fr\/wp-content\/uploads\/2015\/05\/g3-\u00b0\u00b04-300x178.jpg 300w, https:\/\/geraldbaios.fr\/wp-content\/uploads\/2015\/05\/g3-\u00b0\u00b04-768x456.jpg 768w, https:\/\/geraldbaios.fr\/wp-content\/uploads\/2015\/05\/g3-\u00b0\u00b04-1536x912.jpg 1536w, https:\/\/geraldbaios.fr\/wp-content\/uploads\/2015\/05\/g3-\u00b0\u00b04-2048x1216.jpg 2048w\" sizes=\"auto, (max-width: 302px) 100vw, 302px\" \/><\/div>\n<div class=\"images\">\n<div><\/div>\n<div><strong>Le pommeau <\/strong>en acier est fix\u00e9 \u00e0 la soie par une goupille creuse, par rapport \u00e0 la bague, (vue arri\u00e8re) le crochet int\u00e9gr\u00e9 au tenon de verrouillage se situe \u00e0 3 heures.<\/div>\n<div><\/div>\n<div><img loading=\"lazy\" decoding=\"async\" class=\"aligncenter wp-image-42156\" src=\"https:\/\/geraldbaios.fr\/wp-content\/uploads\/2015\/05\/g3-\u00b0\u00b05-1024x584.jpg\" alt=\"\" width=\"300\" height=\"171\" srcset=\"https:\/\/geraldbaios.fr\/wp-content\/uploads\/2015\/05\/g3-\u00b0\u00b05-1024x584.jpg 1024w, https:\/\/geraldbaios.fr\/wp-content\/uploads\/2015\/05\/g3-\u00b0\u00b05-300x171.jpg 300w, https:\/\/geraldbaios.fr\/wp-content\/uploads\/2015\/05\/g3-\u00b0\u00b05-768x438.jpg 768w, https:\/\/geraldbaios.fr\/wp-content\/uploads\/2015\/05\/g3-\u00b0\u00b05-1536x876.jpg 1536w, https:\/\/geraldbaios.fr\/wp-content\/uploads\/2015\/05\/g3-\u00b0\u00b05-2048x1168.jpg 2048w\" sizes=\"auto, (max-width: 300px) 100vw, 300px\" \/><\/div>\n<div><\/div>\n<div><strong>La croisi\u00e8re<\/strong> est munie de deux encoches destin\u00e9es \u00e0 bloquer le crochet du ressort plat situ\u00e9 \u00e0 l&rsquo;arri\u00e8re du fourreau.<\/div>\n<div><img loading=\"lazy\" decoding=\"async\" class=\"aligncenter wp-image-42157\" src=\"https:\/\/geraldbaios.fr\/wp-content\/uploads\/2015\/05\/g3-\u00b0\u00b01-1024x331.jpg\" alt=\"\" width=\"598\" height=\"193\" srcset=\"https:\/\/geraldbaios.fr\/wp-content\/uploads\/2015\/05\/g3-\u00b0\u00b01-1024x331.jpg 1024w, https:\/\/geraldbaios.fr\/wp-content\/uploads\/2015\/05\/g3-\u00b0\u00b01-300x97.jpg 300w, https:\/\/geraldbaios.fr\/wp-content\/uploads\/2015\/05\/g3-\u00b0\u00b01-768x248.jpg 768w, https:\/\/geraldbaios.fr\/wp-content\/uploads\/2015\/05\/g3-\u00b0\u00b01-1536x497.jpg 1536w, https:\/\/geraldbaios.fr\/wp-content\/uploads\/2015\/05\/g3-\u00b0\u00b01-2048x662.jpg 2048w\" sizes=\"auto, (max-width: 598px) 100vw, 598px\" \/><\/div>\n<div>\n<p><strong>La lame<\/strong> de type<a class=\"row-title\" href=\"https:\/\/geraldbaios.fr\/?p=14810\" aria-label=\"\u00ab\u00a0lame de type US M4\u00a0\u00bb (Modifier)\">\u00a0US M4<\/a>\u00a0ne comporte aucun marquage, elle a pour particularit\u00e9 d&rsquo;avoir le tranchant invers\u00e9.<\/p>\n<p><img loading=\"lazy\" decoding=\"async\" class=\"aligncenter wp-image-42158\" src=\"https:\/\/geraldbaios.fr\/wp-content\/uploads\/2015\/05\/g3-\u00b0\u00b06-1024x311.jpg\" alt=\"\" width=\"602\" height=\"183\" srcset=\"https:\/\/geraldbaios.fr\/wp-content\/uploads\/2015\/05\/g3-\u00b0\u00b06-1024x311.jpg 1024w, https:\/\/geraldbaios.fr\/wp-content\/uploads\/2015\/05\/g3-\u00b0\u00b06-300x91.jpg 300w, https:\/\/geraldbaios.fr\/wp-content\/uploads\/2015\/05\/g3-\u00b0\u00b06-768x233.jpg 768w, https:\/\/geraldbaios.fr\/wp-content\/uploads\/2015\/05\/g3-\u00b0\u00b06-1536x466.jpg 1536w, https:\/\/geraldbaios.fr\/wp-content\/uploads\/2015\/05\/g3-\u00b0\u00b06-2048x621.jpg 2048w\" sizes=\"auto, (max-width: 602px) 100vw, 602px\" \/> <img loading=\"lazy\" decoding=\"async\" class=\"aligncenter wp-image-42159\" src=\"https:\/\/geraldbaios.fr\/wp-content\/uploads\/2015\/05\/g3-\u00b0\u00b07-1024x749.jpg\" alt=\"\" width=\"303\" height=\"222\" srcset=\"https:\/\/geraldbaios.fr\/wp-content\/uploads\/2015\/05\/g3-\u00b0\u00b07-1024x749.jpg 1024w, https:\/\/geraldbaios.fr\/wp-content\/uploads\/2015\/05\/g3-\u00b0\u00b07-300x219.jpg 300w, https:\/\/geraldbaios.fr\/wp-content\/uploads\/2015\/05\/g3-\u00b0\u00b07-768x562.jpg 768w, https:\/\/geraldbaios.fr\/wp-content\/uploads\/2015\/05\/g3-\u00b0\u00b07-1536x1123.jpg 1536w, https:\/\/geraldbaios.fr\/wp-content\/uploads\/2015\/05\/g3-\u00b0\u00b07-2048x1498.jpg 2048w\" sizes=\"auto, (max-width: 303px) 100vw, 303px\" \/><\/p>\n<\/div>\n<div>\n<p><strong>Le fourreau<\/strong>\u00a0d\u00e9pourvu du double crochet de type US, est constitu\u00e9 d&rsquo;un corps de forme angulaire en plastique moul\u00e9 noir, le trou destin\u00e9 \u00e0 \u00e9vacuer l&rsquo;eau d\u00e9bouche directement sur celui utilis\u00e9 pour le passage du lacet de maintien.\u00a0La\u00a0chape en t\u00f4le d&rsquo;acier, est maintenue au corps par emboutissage. Un dispositif de verrouillage ext\u00e9rieur (ressort \u00e0 lame muni d&rsquo;un crochet pli\u00e9) \u00e0 l&rsquo;arri\u00e8re, permet de bloquer correctement la ba\u00efonnette dans le fourreau. A l\u2019arri\u00e8re de la chape, une corni\u00e8re en forme de L sert d\u2019appui \u00e0 la suspension\u00a0en coton tiss\u00e9 (webbing), qui est maintenue par deux rivets emboutis.\u00a0La sangle utilis\u00e9e pour le maintien de la ba\u00efonnette est fix\u00e9e \u00e0 l\u2019aide d\u2019un rivet sur la suspension, elle\u00a0se verrouille gr\u00e2ce \u00e0 un bouton pression.<\/p>\n<p style=\"text-align: left;\"><strong>Remarques perso :<br \/>\n<\/strong>Avec le temps, la poign\u00e9e a tendance \u00e0 prendre du jeu, elle bloque alors le m\u00e9canisme du syst\u00e8me de verrouillage \u00e0 l&rsquo;arme, la ba\u00efonnette est alors momentan\u00e9ment inutilisable.<\/p>\n<p><strong>P\u00e9riode d\u2019utilisation :<br \/>\n<\/strong>Guerres coloniales (1961-1974)\u00a0: Durant cette p\u00e9riode, le <strong>Portugal<\/strong> s\u2019est engag\u00e9 dans des conflits dans ses colonies africaines, notamment en Angola, au Mozambique et en Guin\u00e9e-Bissau. Le FMP G3 a \u00e9t\u00e9 largement utilis\u00e9 par les forces arm\u00e9es portugaises lors de ces guerres. Ces conflits, souvent appel\u00e9s \u00ab\u00a0guerres coloniales portugaises\u00a0\u00bb ou \u00ab\u00a0guerres africaines\u00a0\u00bb, ont oppos\u00e9 le Portugal \u00e0 divers mouvements de gu\u00e9rilla indig\u00e8nes luttant pour l\u2019ind\u00e9pendance face au pouvoir colonial portugais.<\/p>\n<p><img loading=\"lazy\" decoding=\"async\" class=\"aligncenter wp-image-51204 \" src=\"https:\/\/geraldbaios.fr\/wp-content\/uploads\/2022\/05\/BAY0020B_1__92577-e1770556893258-1024x818.jpg\" alt=\"\" width=\"601\" height=\"480\" srcset=\"https:\/\/geraldbaios.fr\/wp-content\/uploads\/2022\/05\/BAY0020B_1__92577-e1770556893258-1024x818.jpg 1024w, https:\/\/geraldbaios.fr\/wp-content\/uploads\/2022\/05\/BAY0020B_1__92577-e1770556893258-300x240.jpg 300w, https:\/\/geraldbaios.fr\/wp-content\/uploads\/2022\/05\/BAY0020B_1__92577-e1770556893258-768x613.jpg 768w, https:\/\/geraldbaios.fr\/wp-content\/uploads\/2022\/05\/BAY0020B_1__92577-e1770556893258.jpg 1280w\" sizes=\"auto, (max-width: 601px) 100vw, 601px\" \/><\/p>\n<p style=\"text-align: center;\"><strong>Ces ba\u00efonnettes avec fourreaux de premi\u00e8re g\u00e9n\u00e9ration ont \u00e9t\u00e9 utilis\u00e9es par le Portugal\u00a0<\/strong><\/p>\n<p style=\"text-align: left;\"><strong><span style=\"color: #000000;\">Avis personnel sur\u00a0<span style=\"caret-color: #000000;\">l&rsquo;attrait de ce mod\u00e8le<\/span>\u00a0:<\/span><\/strong><span style=\"color: #000000;\"><br \/>\n<\/span>Cette ba\u00efonnette de\u00a0la firme allemande, <strong>AES<\/strong>\u00a0fait partie de l&rsquo;un des nombreux mod\u00e8les con\u00e7us par cette entreprise d&rsquo;apr\u00e8s Guerre, actuellement elle est encore assez courante, mais souvent d\u00e9t\u00e9rior\u00e9e, parmi les divers mod\u00e8les de G3, celui-ci a \u00e9t\u00e9 utilis\u00e9 par l&rsquo;arm\u00e9e.<\/p>\n<p>Le 08\/02\/26<\/p>\n<\/div>\n<\/div>\n","protected":false},"excerpt":{"rendered":"<p>Ba\u00efonnette accompagn\u00e9e d&rsquo;un casque M-62 Longueur :\u00a0307 mm \u00f8\u00a0interne\u00a0de la douille\u00a0: 22 mm \u00f8\u00a0externe\u00a0du tenon : 10 mm Poids : 290 g Armement :\u00a0fusil Heckler &amp; Koch G3\u00a0 Fixation : au dessus\u00a0du canon Valeur :\u00a0\u20ac\u20ac\u20ac Raret\u00e9 :\u00a0 Cette ba\u00efonnette fabriqu\u00e9e par (AES) a \u00e9t\u00e9 bri\u00e8vement utilis\u00e9 par les forces arm\u00e9es f\u00e9d\u00e9rales allemandes, il est entr\u00e9 [&hellip;]<\/p>\n","protected":false},"author":1,"featured_media":0,"comment_status":"open","ping_status":"open","sticky":false,"template":"","format":"standard","meta":{"footnotes":""},"categories":[151],"tags":[],"class_list":["post-954","post","type-post","status-publish","format-standard","hentry","category-liens-n-du-nouvel-abc"],"_links":{"self":[{"href":"https:\/\/geraldbaios.fr\/index.php?rest_route=\/wp\/v2\/posts\/954","targetHints":{"allow":["GET"]}}],"collection":[{"href":"https:\/\/geraldbaios.fr\/index.php?rest_route=\/wp\/v2\/posts"}],"about":[{"href":"https:\/\/geraldbaios.fr\/index.php?rest_route=\/wp\/v2\/types\/post"}],"author":[{"embeddable":true,"href":"https:\/\/geraldbaios.fr\/index.php?rest_route=\/wp\/v2\/users\/1"}],"replies":[{"embeddable":true,"href":"https:\/\/geraldbaios.fr\/index.php?rest_route=%2Fwp%2Fv2%2Fcomments&post=954"}],"version-history":[{"count":136,"href":"https:\/\/geraldbaios.fr\/index.php?rest_route=\/wp\/v2\/posts\/954\/revisions"}],"predecessor-version":[{"id":51206,"href":"https:\/\/geraldbaios.fr\/index.php?rest_route=\/wp\/v2\/posts\/954\/revisions\/51206"}],"wp:attachment":[{"href":"https:\/\/geraldbaios.fr\/index.php?rest_route=%2Fwp%2Fv2%2Fmedia&parent=954"}],"wp:term":[{"taxonomy":"category","embeddable":true,"href":"https:\/\/geraldbaios.fr\/index.php?rest_route=%2Fwp%2Fv2%2Fcategories&post=954"},{"taxonomy":"post_tag","embeddable":true,"href":"https:\/\/geraldbaios.fr\/index.php?rest_route=%2Fwp%2Fv2%2Ftags&post=954"}],"curies":[{"name":"wp","href":"https:\/\/api.w.org\/{rel}","templated":true}]}}