{"id":9823,"date":"2022-01-14T12:01:20","date_gmt":"2022-01-14T10:01:20","guid":{"rendered":"http:\/\/geraldbaios.fr\/?p=9823"},"modified":"2022-08-09T12:12:56","modified_gmt":"2022-08-09T10:12:56","slug":"baionnette-modele-1884-98-1er-type-version-a-gouttiere-courte-en-cours-de-modif","status":"publish","type":"post","link":"https:\/\/geraldbaios.fr\/?p=9823","title":{"rendered":"Ba\u00efonnette M-1884-98, 1er type \u00e0 goutti\u00e8re courte \u00ab\u00a0N 445\u00a0\u00bb"},"content":{"rendered":"<p><img loading=\"lazy\" decoding=\"async\" class=\"aligncenter size-large wp-image-41694\" src=\"https:\/\/geraldbaios.fr\/wp-content\/uploads\/2015\/04\/98-05-\u00b0\u00b0\u00b0\u00b04-1024x522.jpg\" alt=\"\" width=\"800\" height=\"408\" srcset=\"https:\/\/geraldbaios.fr\/wp-content\/uploads\/2015\/04\/98-05-\u00b0\u00b0\u00b0\u00b04-1024x522.jpg 1024w, https:\/\/geraldbaios.fr\/wp-content\/uploads\/2015\/04\/98-05-\u00b0\u00b0\u00b0\u00b04-300x153.jpg 300w, https:\/\/geraldbaios.fr\/wp-content\/uploads\/2015\/04\/98-05-\u00b0\u00b0\u00b0\u00b04-768x391.jpg 768w, https:\/\/geraldbaios.fr\/wp-content\/uploads\/2015\/04\/98-05-\u00b0\u00b0\u00b0\u00b04-1536x783.jpg 1536w, https:\/\/geraldbaios.fr\/wp-content\/uploads\/2015\/04\/98-05-\u00b0\u00b0\u00b0\u00b04-2048x1044.jpg 2048w\" sizes=\"auto, (max-width: 800px) 100vw, 800px\" \/><\/p>\n<p style=\"text-align: left;\"><strong>Longueur :<\/strong>\u00a0385 mm<\/p>\n<p style=\"text-align: left;\"><strong>Armement :<\/strong> fusil Mauser <a title=\"Gewehr 98\" href=\"https:\/\/translate.googleusercontent.com\/translate_c?depth=1&amp;hl=fr&amp;prev=search&amp;rurl=translate.google.fr&amp;sl=en&amp;sp=nmt4&amp;u=https:\/\/en.wikipedia.org\/wiki\/Gewehr_98&amp;usg=ALkJrhgD7AyLX8ugILaqaQyK1shD5uGCeQ\">Gewehr 98<\/a><\/p>\n<p style=\"text-align: left;\"><strong>Valeur :<\/strong>\u00a0\u20ac\u20ac\u20ac \u20ac\u20ac\u20ac<strong><br \/>\n<\/strong><strong>Raret\u00e9 :\u00a0<a href=\"https:\/\/geraldbaios.fr\/wp-content\/uploads\/2015\/02\/che1valier.gif\"><img loading=\"lazy\" decoding=\"async\" class=\" size-full wp-image-294 alignnone\" src=\"https:\/\/geraldbaios.fr\/wp-content\/uploads\/2015\/02\/che1valier.gif\" alt=\"che1valier\" width=\"40\" height=\"30\" \/><\/a><a href=\"https:\/\/geraldbaios.fr\/wp-content\/uploads\/2015\/02\/che1valier.gif\"><img loading=\"lazy\" decoding=\"async\" class=\" size-full wp-image-294 alignnone\" src=\"https:\/\/geraldbaios.fr\/wp-content\/uploads\/2015\/02\/che1valier.gif\" alt=\"che1valier\" width=\"40\" height=\"30\" \/><\/a><a href=\"https:\/\/geraldbaios.fr\/wp-content\/uploads\/2015\/02\/che1valier.gif\"><img loading=\"lazy\" decoding=\"async\" class=\" size-full wp-image-294 alignnone\" src=\"https:\/\/geraldbaios.fr\/wp-content\/uploads\/2015\/02\/che1valier.gif\" alt=\"che1valier\" width=\"40\" height=\"30\" \/><\/a><a href=\"https:\/\/geraldbaios.fr\/wp-content\/uploads\/2015\/02\/che1valier.gif\"><img loading=\"lazy\" decoding=\"async\" class=\" size-full wp-image-294 alignnone\" src=\"https:\/\/geraldbaios.fr\/wp-content\/uploads\/2015\/02\/che1valier.gif\" alt=\"che1valier\" width=\"40\" height=\"30\" \/><\/a><a href=\"https:\/\/geraldbaios.fr\/wp-content\/uploads\/2015\/02\/che1valier.gif\"><img loading=\"lazy\" decoding=\"async\" class=\" size-full wp-image-294 alignnone\" src=\"https:\/\/geraldbaios.fr\/wp-content\/uploads\/2015\/02\/che1valier.gif\" alt=\"che1valier\" width=\"40\" height=\"30\" \/><\/a><a href=\"https:\/\/geraldbaios.fr\/wp-content\/uploads\/2015\/02\/che1valier.gif\"><img loading=\"lazy\" decoding=\"async\" class=\" size-full wp-image-294 alignnone\" src=\"https:\/\/geraldbaios.fr\/wp-content\/uploads\/2015\/02\/che1valier.gif\" alt=\"che1valier\" width=\"40\" height=\"30\" \/><br \/>\n<\/a><\/strong><strong><br \/>\n<\/strong>Ce mod\u00e8le fut le premier exemplaire de la s\u00e9rie des couteaux ba\u00efonnettes mod\u00e8le 1884-98. Lors de l&rsquo;arriv\u00e9e du nouveau Gewehr Mauser 98, les ba\u00efonnettes courtes mod\u00e8le 1871-84 devinrent obsol\u00e8tes et une grande partie de celles-ci furent reconverties. La reconversion\u00a0effectu\u00e9e vers 1908-1909 consistait \u00e0 r\u00e9cup\u00e9rer la lame d&rsquo;origine, supprimer la bague et de remplacer le pommeau avec rainure en forme de T, par un nouveau.<\/p>\n<p style=\"text-align: left;\">Ce mod\u00e8le \u00e9quipa en priorit\u00e9 les cyclistes, le personnel des transmissions et des formations a\u00e9riennes, la Landwehr en b\u00e9n\u00e9ficiera par la suite.\u00a0Il fut rapidement abandonner au profit de la nouvelle ba\u00efonnette mod\u00e8le 1884-98 2\u00e8me type de fabrication simplifi\u00e9e.<\/p>\n<p style=\"text-align: center;\"><img loading=\"lazy\" decoding=\"async\" class=\"aligncenter wp-image-41730\" src=\"https:\/\/geraldbaios.fr\/wp-content\/uploads\/2015\/04\/Modele-71-84-\u00b0\u00b01-1024x756.jpg\" alt=\"\" width=\"500\" height=\"369\" srcset=\"https:\/\/geraldbaios.fr\/wp-content\/uploads\/2015\/04\/Modele-71-84-\u00b0\u00b01-1024x756.jpg 1024w, https:\/\/geraldbaios.fr\/wp-content\/uploads\/2015\/04\/Modele-71-84-\u00b0\u00b01-300x222.jpg 300w, https:\/\/geraldbaios.fr\/wp-content\/uploads\/2015\/04\/Modele-71-84-\u00b0\u00b01-768x567.jpg 768w, https:\/\/geraldbaios.fr\/wp-content\/uploads\/2015\/04\/Modele-71-84-\u00b0\u00b01-1536x1134.jpg 1536w, https:\/\/geraldbaios.fr\/wp-content\/uploads\/2015\/04\/Modele-71-84-\u00b0\u00b01-2048x1512.jpg 2048w\" sizes=\"auto, (max-width: 500px) 100vw, 500px\" \/><strong style=\"text-align: center;\">Poign\u00e9e d&rsquo;un mod\u00e8le 1871-84 (ci-dessus)<\/strong><img loading=\"lazy\" decoding=\"async\" class=\"aligncenter wp-image-41731\" src=\"https:\/\/geraldbaios.fr\/wp-content\/uploads\/2015\/04\/Modele-71-84-\u00b0\u00b02-1024x280.jpg\" alt=\"\" width=\"500\" height=\"137\" srcset=\"https:\/\/geraldbaios.fr\/wp-content\/uploads\/2015\/04\/Modele-71-84-\u00b0\u00b02-1024x280.jpg 1024w, https:\/\/geraldbaios.fr\/wp-content\/uploads\/2015\/04\/Modele-71-84-\u00b0\u00b02-300x82.jpg 300w, https:\/\/geraldbaios.fr\/wp-content\/uploads\/2015\/04\/Modele-71-84-\u00b0\u00b02-768x210.jpg 768w, https:\/\/geraldbaios.fr\/wp-content\/uploads\/2015\/04\/Modele-71-84-\u00b0\u00b02-1536x421.jpg 1536w, https:\/\/geraldbaios.fr\/wp-content\/uploads\/2015\/04\/Modele-71-84-\u00b0\u00b02-2048x561.jpg 2048w\" sizes=\"auto, (max-width: 500px) 100vw, 500px\" \/><strong>La croisi\u00e8re d&rsquo;origine est simplement retravaill\u00e9e<\/strong><img loading=\"lazy\" decoding=\"async\" class=\"aligncenter wp-image-41732\" src=\"https:\/\/geraldbaios.fr\/wp-content\/uploads\/2015\/04\/Modele-71-84-\u00b0\u00b03-1024x359.jpg\" alt=\"\" width=\"499\" height=\"175\" srcset=\"https:\/\/geraldbaios.fr\/wp-content\/uploads\/2015\/04\/Modele-71-84-\u00b0\u00b03-1024x359.jpg 1024w, https:\/\/geraldbaios.fr\/wp-content\/uploads\/2015\/04\/Modele-71-84-\u00b0\u00b03-300x105.jpg 300w, https:\/\/geraldbaios.fr\/wp-content\/uploads\/2015\/04\/Modele-71-84-\u00b0\u00b03-768x269.jpg 768w, https:\/\/geraldbaios.fr\/wp-content\/uploads\/2015\/04\/Modele-71-84-\u00b0\u00b03-1536x539.jpg 1536w, https:\/\/geraldbaios.fr\/wp-content\/uploads\/2015\/04\/Modele-71-84-\u00b0\u00b03-2048x718.jpg 2048w\" sizes=\"auto, (max-width: 499px) 100vw, 499px\" \/> <img loading=\"lazy\" decoding=\"async\" class=\"aligncenter wp-image-41733\" src=\"https:\/\/geraldbaios.fr\/wp-content\/uploads\/2015\/04\/Modele-71-84-\u00b0\u00b04-1024x268.jpg\" alt=\"\" width=\"500\" height=\"131\" srcset=\"https:\/\/geraldbaios.fr\/wp-content\/uploads\/2015\/04\/Modele-71-84-\u00b0\u00b04-1024x268.jpg 1024w, https:\/\/geraldbaios.fr\/wp-content\/uploads\/2015\/04\/Modele-71-84-\u00b0\u00b04-300x79.jpg 300w, https:\/\/geraldbaios.fr\/wp-content\/uploads\/2015\/04\/Modele-71-84-\u00b0\u00b04-768x201.jpg 768w, https:\/\/geraldbaios.fr\/wp-content\/uploads\/2015\/04\/Modele-71-84-\u00b0\u00b04-1536x402.jpg 1536w, https:\/\/geraldbaios.fr\/wp-content\/uploads\/2015\/04\/Modele-71-84-\u00b0\u00b04-2048x536.jpg 2048w\" sizes=\"auto, (max-width: 500px) 100vw, 500px\" \/><img loading=\"lazy\" decoding=\"async\" class=\"aligncenter wp-image-41742\" src=\"https:\/\/geraldbaios.fr\/wp-content\/uploads\/2015\/04\/Modele-71-84-\u00b0\u00b09-1024x633.jpg\" alt=\"\" width=\"301\" height=\"186\" srcset=\"https:\/\/geraldbaios.fr\/wp-content\/uploads\/2015\/04\/Modele-71-84-\u00b0\u00b09-1024x633.jpg 1024w, https:\/\/geraldbaios.fr\/wp-content\/uploads\/2015\/04\/Modele-71-84-\u00b0\u00b09-300x186.jpg 300w, https:\/\/geraldbaios.fr\/wp-content\/uploads\/2015\/04\/Modele-71-84-\u00b0\u00b09-768x475.jpg 768w, https:\/\/geraldbaios.fr\/wp-content\/uploads\/2015\/04\/Modele-71-84-\u00b0\u00b09-1536x950.jpg 1536w, https:\/\/geraldbaios.fr\/wp-content\/uploads\/2015\/04\/Modele-71-84-\u00b0\u00b09-2048x1267.jpg 2048w\" sizes=\"auto, (max-width: 301px) 100vw, 301px\" \/><strong>Poin\u00e7ons de contr\u00f4le sur le pommeau (lettre gothique\u00a0sous couronne)<\/strong><\/p>\n<p><strong>La poign\u00e9e<\/strong><span class=\"notranslate\">\u00a0comporte une rainure du pommeau en forme de tr\u00e8fle destin\u00e9e \u00e0 int\u00e9grer la baguette de nettoyage du fusil. <\/span><span class=\"notranslate\">L&rsquo;\u00e9crou du syst\u00e8me de verrouillage sur le pommeau est rond. <\/span><span class=\"notranslate\">Les plaquettes avec trou de nettoyage rond, sont maintenues entre elles par boulons \u00e0 t\u00eate ronde et \u00e9crous fendus.\u00a0<\/span><span class=\"notranslate\">Comme la ba\u00efonnette se fixe d\u00e9sormais sous le canon, les autorit\u00e9s militaires prussiennes ont jug\u00e9 l&rsquo;utilisation d&rsquo;une douille de fixation au canon inutile, seul un embryon de celle-ci subsiste. L&rsquo;absence de douille permet en autre l&rsquo;utilisation du prot\u00e8ge bouche lorsque la ba\u00efonnette est fix\u00e9e \u00e0 l&rsquo;arme.<\/span><\/p>\n<p style=\"text-align: center;\"><img loading=\"lazy\" decoding=\"async\" class=\"aligncenter wp-image-41735\" src=\"https:\/\/geraldbaios.fr\/wp-content\/uploads\/2015\/04\/Modele-71-84-\u00b0\u00b05-1024x225.jpg\" alt=\"\" width=\"601\" height=\"132\" srcset=\"https:\/\/geraldbaios.fr\/wp-content\/uploads\/2015\/04\/Modele-71-84-\u00b0\u00b05-1024x225.jpg 1024w, https:\/\/geraldbaios.fr\/wp-content\/uploads\/2015\/04\/Modele-71-84-\u00b0\u00b05-300x66.jpg 300w, https:\/\/geraldbaios.fr\/wp-content\/uploads\/2015\/04\/Modele-71-84-\u00b0\u00b05-768x169.jpg 768w, https:\/\/geraldbaios.fr\/wp-content\/uploads\/2015\/04\/Modele-71-84-\u00b0\u00b05-1536x338.jpg 1536w, https:\/\/geraldbaios.fr\/wp-content\/uploads\/2015\/04\/Modele-71-84-\u00b0\u00b05-2048x450.jpg 2048w\" sizes=\"auto, (max-width: 601px) 100vw, 601px\" \/> <img loading=\"lazy\" decoding=\"async\" class=\"aligncenter wp-image-41737\" src=\"https:\/\/geraldbaios.fr\/wp-content\/uploads\/2015\/04\/Modele-71-84-\u00b0\u00b08-1024x825.jpg\" alt=\"\" width=\"300\" height=\"242\" srcset=\"https:\/\/geraldbaios.fr\/wp-content\/uploads\/2015\/04\/Modele-71-84-\u00b0\u00b08-1024x825.jpg 1024w, https:\/\/geraldbaios.fr\/wp-content\/uploads\/2015\/04\/Modele-71-84-\u00b0\u00b08-300x242.jpg 300w, https:\/\/geraldbaios.fr\/wp-content\/uploads\/2015\/04\/Modele-71-84-\u00b0\u00b08-768x619.jpg 768w, https:\/\/geraldbaios.fr\/wp-content\/uploads\/2015\/04\/Modele-71-84-\u00b0\u00b08-1536x1238.jpg 1536w, https:\/\/geraldbaios.fr\/wp-content\/uploads\/2015\/04\/Modele-71-84-\u00b0\u00b08-2048x1650.jpg 2048w\" sizes=\"auto, (max-width: 300px) 100vw, 300px\" \/><strong>Monogramme royal couronne et W (Wilhelm), de l&#8217;empereur Guillaume Ier de Prusse, qui r\u00e9gna de 1861 \u00e0 1888 et ann\u00e9e de fabrication de la lame<\/strong><img loading=\"lazy\" decoding=\"async\" class=\"aligncenter wp-image-41738\" src=\"https:\/\/geraldbaios.fr\/wp-content\/uploads\/2015\/04\/Modele-71-84-\u00b0\u00b06-1024x485.jpg\" alt=\"\" width=\"401\" height=\"190\" srcset=\"https:\/\/geraldbaios.fr\/wp-content\/uploads\/2015\/04\/Modele-71-84-\u00b0\u00b06-1024x485.jpg 1024w, https:\/\/geraldbaios.fr\/wp-content\/uploads\/2015\/04\/Modele-71-84-\u00b0\u00b06-300x142.jpg 300w, https:\/\/geraldbaios.fr\/wp-content\/uploads\/2015\/04\/Modele-71-84-\u00b0\u00b06-768x363.jpg 768w, https:\/\/geraldbaios.fr\/wp-content\/uploads\/2015\/04\/Modele-71-84-\u00b0\u00b06-1536x727.jpg 1536w, https:\/\/geraldbaios.fr\/wp-content\/uploads\/2015\/04\/Modele-71-84-\u00b0\u00b06-2048x969.jpg 2048w\" sizes=\"auto, (max-width: 401px) 100vw, 401px\" \/><strong>La croisi\u00e8re poss\u00e8de g\u00e9n\u00e9ralement des anciens marquages r\u00e9gimentaires<\/strong><\/p>\n<p style=\"text-align: left;\"><strong>La lame<\/strong>\u00a0de r\u00e9cup\u00e9ration (M1871-84)<span class=\"notranslate\">\u00a0fabriqu\u00e9e par huit constructeurs, peut \u00eatre avec\u00a0<a href=\"https:\/\/geraldbaios.fr\/?p=14681\">goutti\u00e8re <\/a><\/span>sur chaque face, courte ou longue. Les lames des premiers mod\u00e8les (1871-84) fabriqu\u00e9es avant 1888 avaient une goutti\u00e8re courte, les seconds une goutti\u00e8re longue qui se prolongeait jusqu&rsquo;\u00e0 l&rsquo;extr\u00e9mit\u00e9.<\/p>\n<p style=\"text-align: center;\"><img loading=\"lazy\" decoding=\"async\" class=\"aligncenter wp-image-41698\" src=\"https:\/\/geraldbaios.fr\/wp-content\/uploads\/2015\/04\/98-05-\u00b0\u00b0\u00b0\u00b05-1024x208.jpg\" alt=\"\" width=\"604\" height=\"123\" srcset=\"https:\/\/geraldbaios.fr\/wp-content\/uploads\/2015\/04\/98-05-\u00b0\u00b0\u00b0\u00b05-1024x208.jpg 1024w, https:\/\/geraldbaios.fr\/wp-content\/uploads\/2015\/04\/98-05-\u00b0\u00b0\u00b0\u00b05-300x61.jpg 300w, https:\/\/geraldbaios.fr\/wp-content\/uploads\/2015\/04\/98-05-\u00b0\u00b0\u00b0\u00b05-768x156.jpg 768w, https:\/\/geraldbaios.fr\/wp-content\/uploads\/2015\/04\/98-05-\u00b0\u00b0\u00b0\u00b05-1536x313.jpg 1536w, https:\/\/geraldbaios.fr\/wp-content\/uploads\/2015\/04\/98-05-\u00b0\u00b0\u00b0\u00b05-2048x417.jpg 2048w\" sizes=\"auto, (max-width: 604px) 100vw, 604px\" \/> <img loading=\"lazy\" decoding=\"async\" class=\"aligncenter wp-image-41699\" src=\"https:\/\/geraldbaios.fr\/wp-content\/uploads\/2015\/04\/98-05-\u00b0\u00b0\u00b0\u00b06-860x1024.jpg\" alt=\"\" width=\"251\" height=\"299\" srcset=\"https:\/\/geraldbaios.fr\/wp-content\/uploads\/2015\/04\/98-05-\u00b0\u00b0\u00b0\u00b06-860x1024.jpg 860w, https:\/\/geraldbaios.fr\/wp-content\/uploads\/2015\/04\/98-05-\u00b0\u00b0\u00b0\u00b06-252x300.jpg 252w, https:\/\/geraldbaios.fr\/wp-content\/uploads\/2015\/04\/98-05-\u00b0\u00b0\u00b0\u00b06-768x915.jpg 768w, https:\/\/geraldbaios.fr\/wp-content\/uploads\/2015\/04\/98-05-\u00b0\u00b0\u00b0\u00b06.jpg 926w\" sizes=\"auto, (max-width: 251px) 100vw, 251px\" \/><strong>La cuvette d&rsquo;entr\u00e9e \u00e9pouse la forme de la lame<\/strong><img loading=\"lazy\" decoding=\"async\" class=\"aligncenter wp-image-41700\" src=\"https:\/\/geraldbaios.fr\/wp-content\/uploads\/2015\/04\/98-05-\u00b0\u00b0\u00b0\u00b07-785x1024.jpg\" alt=\"\" width=\"251\" height=\"327\" srcset=\"https:\/\/geraldbaios.fr\/wp-content\/uploads\/2015\/04\/98-05-\u00b0\u00b0\u00b0\u00b07-785x1024.jpg 785w, https:\/\/geraldbaios.fr\/wp-content\/uploads\/2015\/04\/98-05-\u00b0\u00b0\u00b0\u00b07-230x300.jpg 230w, https:\/\/geraldbaios.fr\/wp-content\/uploads\/2015\/04\/98-05-\u00b0\u00b0\u00b0\u00b07-768x1001.jpg 768w, https:\/\/geraldbaios.fr\/wp-content\/uploads\/2015\/04\/98-05-\u00b0\u00b0\u00b0\u00b07.jpg 1123w\" sizes=\"auto, (max-width: 251px) 100vw, 251px\" \/><img loading=\"lazy\" decoding=\"async\" class=\"aligncenter wp-image-41740\" src=\"https:\/\/geraldbaios.fr\/wp-content\/uploads\/2015\/04\/Modele-71-84-\u00b0\u00b011-827x1024.jpg\" alt=\"\" width=\"251\" height=\"311\" srcset=\"https:\/\/geraldbaios.fr\/wp-content\/uploads\/2015\/04\/Modele-71-84-\u00b0\u00b011-827x1024.jpg 827w, https:\/\/geraldbaios.fr\/wp-content\/uploads\/2015\/04\/Modele-71-84-\u00b0\u00b011-242x300.jpg 242w, https:\/\/geraldbaios.fr\/wp-content\/uploads\/2015\/04\/Modele-71-84-\u00b0\u00b011-768x951.jpg 768w, https:\/\/geraldbaios.fr\/wp-content\/uploads\/2015\/04\/Modele-71-84-\u00b0\u00b011-1241x1536.jpg 1241w, https:\/\/geraldbaios.fr\/wp-content\/uploads\/2015\/04\/Modele-71-84-\u00b0\u00b011-1654x2048.jpg 1654w\" sizes=\"auto, (max-width: 251px) 100vw, 251px\" \/><strong>Pour exemple le\u00a0marquage 116.R.13.96\u00a0indique qu&rsquo;il s&rsquo;agit de l&rsquo;arme num\u00e9ro 96 attribu\u00e9e \u00e0 la 13e compagnie du 116e r\u00e9giment d&rsquo;infanterie<\/strong><\/p>\n<p><strong>Le fourreau <\/strong>en cuir avec chape et extr\u00e9mit\u00e9 en acier poli-brillant poss\u00e8de g\u00e9n\u00e9ralement\u00a0un marquage r\u00e9gimentaire. La cuvette avec ses deux petits ressorts internes est maintenue sur la chape par une vis.<\/p>\n<p>Derni\u00e8re mise \u00e0 jour en cours le 17\/07\/21.<\/p>\n","protected":false},"excerpt":{"rendered":"<p>Longueur :\u00a0385 mm Armement : fusil Mauser Gewehr 98 Valeur :\u00a0\u20ac\u20ac\u20ac \u20ac\u20ac\u20ac Raret\u00e9 :\u00a0 Ce mod\u00e8le fut le premier exemplaire de la s\u00e9rie des couteaux ba\u00efonnettes mod\u00e8le 1884-98. Lors de l&rsquo;arriv\u00e9e du nouveau Gewehr Mauser 98, les ba\u00efonnettes courtes mod\u00e8le 1871-84 devinrent obsol\u00e8tes et une grande partie de celles-ci furent reconverties. La reconversion\u00a0effectu\u00e9e vers 1908-1909 [&hellip;]<\/p>\n","protected":false},"author":1,"featured_media":0,"comment_status":"open","ping_status":"closed","sticky":false,"template":"","format":"standard","meta":{"footnotes":""},"categories":[151],"tags":[],"class_list":["post-9823","post","type-post","status-publish","format-standard","hentry","category-liens-n-du-nouvel-abc"],"_links":{"self":[{"href":"https:\/\/geraldbaios.fr\/index.php?rest_route=\/wp\/v2\/posts\/9823","targetHints":{"allow":["GET"]}}],"collection":[{"href":"https:\/\/geraldbaios.fr\/index.php?rest_route=\/wp\/v2\/posts"}],"about":[{"href":"https:\/\/geraldbaios.fr\/index.php?rest_route=\/wp\/v2\/types\/post"}],"author":[{"embeddable":true,"href":"https:\/\/geraldbaios.fr\/index.php?rest_route=\/wp\/v2\/users\/1"}],"replies":[{"embeddable":true,"href":"https:\/\/geraldbaios.fr\/index.php?rest_route=%2Fwp%2Fv2%2Fcomments&post=9823"}],"version-history":[{"count":69,"href":"https:\/\/geraldbaios.fr\/index.php?rest_route=\/wp\/v2\/posts\/9823\/revisions"}],"predecessor-version":[{"id":46173,"href":"https:\/\/geraldbaios.fr\/index.php?rest_route=\/wp\/v2\/posts\/9823\/revisions\/46173"}],"wp:attachment":[{"href":"https:\/\/geraldbaios.fr\/index.php?rest_route=%2Fwp%2Fv2%2Fmedia&parent=9823"}],"wp:term":[{"taxonomy":"category","embeddable":true,"href":"https:\/\/geraldbaios.fr\/index.php?rest_route=%2Fwp%2Fv2%2Fcategories&post=9823"},{"taxonomy":"post_tag","embeddable":true,"href":"https:\/\/geraldbaios.fr\/index.php?rest_route=%2Fwp%2Fv2%2Ftags&post=9823"}],"curies":[{"name":"wp","href":"https:\/\/api.w.org\/{rel}","templated":true}]}}